{"id":471721,"date":"2025-10-18T05:23:11","date_gmt":"2025-10-18T05:23:11","guid":{"rendered":"https:\/\/www.europesays.com\/fr\/471721\/"},"modified":"2025-10-18T05:23:11","modified_gmt":"2025-10-18T05:23:11","slug":"les-surfaces-etaient-deja-ralenties-du-temps-du-big-3","status":"publish","type":"post","link":"https:\/\/www.europesays.com\/fr\/471721\/","title":{"rendered":"\u00ab Les surfaces \u00e9taient d\u00e9j\u00e0 ralenties du temps du Big 3 \u00bb"},"content":{"rendered":"<p>                <img decoding=\"async\" src=\"https:\/\/www.europesays.com\/fr\/wp-content\/uploads\/2025\/10\/Jzpg.jpg\" fetchpriority=\"high\" alt=\"Mouratoglou r\u00e9pond \u00e0 Federer : \u00ab Les surfaces \u00e9taient d\u00e9j\u00e0 ralenties du temps du Big 3 \u00bb\"\/><\/p>\n<p>Alors que Roger Federer sugg\u00e8re que les surfaces favorisent Sinner et Alcaraz, Patrick Mouratoglou rappelle que le ralentissement existait d\u00e9j\u00e0 \u00e0 l\u2019\u00e9poque du Big 3. Un d\u00e9bat qui relance la pol\u00e9mique sur l\u2019\u00e9volution du jeu.<\/p>\n<p>Le d\u00e9bat sur l\u2019uniformisation des surfaces a \u00e9t\u00e9 relanc\u00e9 ces derni\u00e8res semaines suite aux propos de Roger Federer, \u00e9voquant une volont\u00e9 des organisateurs de tournois de permettre \u00e0 Jannik Sinner et Carlos Alcaraz de tout rafler sur leur passage.<\/p>\n<p>Des d\u00e9clarations qui n\u2019ont pas \u00e9t\u00e9 du go\u00fbt de tout le monde, \u00e0 l\u2019image de l\u2019entra\u00eeneur Patrick Mouratoglou. Ce dernier affirme sur Instagram que les surfaces \u00e9taient d\u00e9j\u00e0 fortement ralenties du temps de Federer et du Big 3 :<\/p>\n<p>\u00ab Ce que dit Roger a du sens, mais ce n\u2019est pas nouveau. Quand il jouait, c\u2019\u00e9tait d\u00e9j\u00e0 le cas (ralentissement des surfaces). En 2002, Wimbledon avait d\u00e9cid\u00e9 de ralentir sa surface. C\u2019est une d\u00e9cision qui vient de toutes les institutions du tennis.<\/p>\n<p>Wimbledon \u00e9tait sans aucun doute la surface la plus rapide, et maintenant c\u2019est m\u00eame parfois plus lent que Roland-Garros. Nous savons que cela a mis fin aux serveurs-volleyeurs, mais dans le m\u00eame temps c\u2019\u00e9tait quelque chose d\u2019important \u00e0 faire car ces gars-l\u00e0 r\u00e9ussissaient trop d\u2019aces. Le jeu devenait ennuyeux sur certaines surfaces.<\/p>\n<p>Oui, cela aurait \u00e9t\u00e9 int\u00e9ressant de voir Carlos et Jannik sur des surfaces rapides, tout comme Rafa, Roger et Novak, car c\u2019est quelque chose que nous n\u2019avons pas vu non plus. Si nous avions conserv\u00e9 les surfaces rapides, les services d\u2019Alcaraz et Sinner auraient \u00e9t\u00e9 plus performants, mais que dire des grands serveurs ?<\/p>\n<p>Ce serait un jeu compl\u00e8tement diff\u00e9rent, et je pense que ce serait vraiment ennuyeux, car comment renvoyer les services d\u2019Opelka, de Zverev ou de Shelton ? \u00c0 un moment donn\u00e9, vous ne serez plus capable de renvoyer les services de ces joueurs, et le jeu deviendra alors tr\u00e8s ennuyeux. Personnellement, je ne regrette pas cela.<\/p>\n<p>Il y avait peut-\u00eatre d\u2019autres options comme raccourcir le carr\u00e9 de service ou ralentir les balles. Mais la d\u00e9cision a \u00e9t\u00e9 prise de ralentir les surfaces, et nous devons faire avec. \u00bb<\/p>\n","protected":false},"excerpt":{"rendered":"Alors que Roger Federer sugg\u00e8re que les surfaces favorisent Sinner et Alcaraz, Patrick Mouratoglou rappelle que le ralentissement&hellip;\n","protected":false},"author":2,"featured_media":471722,"comment_status":"","ping_status":"","sticky":false,"template":"","format":"standard","meta":{"footnotes":""},"categories":[1415],"tags":[1011,27,60,1467],"class_list":{"0":"post-471721","1":"post","2":"type-post","3":"status-publish","4":"format-standard","5":"has-post-thumbnail","7":"category-tennis","8":"tag-fr","9":"tag-france","10":"tag-sports","11":"tag-tennis"},"share_on_mastodon":{"url":"https:\/\/pubeurope.com\/@fr\/115393501846028467","error":""},"_links":{"self":[{"href":"https:\/\/www.europesays.com\/fr\/wp-json\/wp\/v2\/posts\/471721","targetHints":{"allow":["GET"]}}],"collection":[{"href":"https:\/\/www.europesays.com\/fr\/wp-json\/wp\/v2\/posts"}],"about":[{"href":"https:\/\/www.europesays.com\/fr\/wp-json\/wp\/v2\/types\/post"}],"author":[{"embeddable":true,"href":"https:\/\/www.europesays.com\/fr\/wp-json\/wp\/v2\/users\/2"}],"replies":[{"embeddable":true,"href":"https:\/\/www.europesays.com\/fr\/wp-json\/wp\/v2\/comments?post=471721"}],"version-history":[{"count":0,"href":"https:\/\/www.europesays.com\/fr\/wp-json\/wp\/v2\/posts\/471721\/revisions"}],"wp:featuredmedia":[{"embeddable":true,"href":"https:\/\/www.europesays.com\/fr\/wp-json\/wp\/v2\/media\/471722"}],"wp:attachment":[{"href":"https:\/\/www.europesays.com\/fr\/wp-json\/wp\/v2\/media?parent=471721"}],"wp:term":[{"taxonomy":"category","embeddable":true,"href":"https:\/\/www.europesays.com\/fr\/wp-json\/wp\/v2\/categories?post=471721"},{"taxonomy":"post_tag","embeddable":true,"href":"https:\/\/www.europesays.com\/fr\/wp-json\/wp\/v2\/tags?post=471721"}],"curies":[{"name":"wp","href":"https:\/\/api.w.org\/{rel}","templated":true}]}}