{"id":471723,"date":"2025-10-18T05:25:12","date_gmt":"2025-10-18T05:25:12","guid":{"rendered":"https:\/\/www.europesays.com\/fr\/471723\/"},"modified":"2025-10-18T05:25:12","modified_gmt":"2025-10-18T05:25:12","slug":"le-menu-de-votre-week-end-sur-ln24-wrc-basket-et-motogp","status":"publish","type":"post","link":"https:\/\/www.europesays.com\/fr\/471723\/","title":{"rendered":"Le menu de votre week-end sur LN24\u00a0: WRC, basket et MotoGP"},"content":{"rendered":"<p>2. Basket : direction Mons-Hainaut<\/p>\n<p class=\"text-left ap-StoryElement ap-StoryElement--mb ap-StoryText\">Apr\u00e8s le Brussels et Spirou Basket, voici notre troisi\u00e8me repr\u00e9sentant francophone de la BNXT League. Direction <a href=\"https:\/\/www.dhnet.be\/sports\/basket\/2025\/10\/10\/bnxt-league-mons-hainaut-signe-une-2e-victoire-de-rang-en-gagnant-89-93-a-courtrai-ATGF46UTO5F23JQWCKLUW6HXQI\/\" target=\"_self\" rel=\"noopener\">Mons-Hainaut<\/a> pour son match contre les N\u00e9erlandais de BAL.<\/p>\n<p class=\"text-left ap-StoryElement ap-StoryElement--mb ap-StoryText\">Les Hennuyers occupent actuellement la 9e place au classement tandis que leurs visiteurs du jour n&rsquo;ont pas encore engrang\u00e9 la moindre victoire. Une belle occasion d&rsquo;en ramener une sur nos antennes.<\/p>\n<p>3. MotoGP : Baltus aux antipodes<\/p>\n<p class=\"text-left ap-StoryElement ap-StoryElement--mb ap-StoryText\">La saison se termine doucement. Avec un bilan tr\u00e8s positif pour notre jeune pilote belge Barry Baltus qui pense d\u00e9j\u00e0 \u00e0 la saison prochaine. Avec des objectifs revus \u00e0 la hausse. Apr\u00e8s l&rsquo;Indon\u00e9sie o\u00f9 il a termin\u00e9 \u00e0 la 5e place, il esp\u00e8re rafler (encore\u2026) un podium en Australie. Et, qui sait ? engranger cette premi\u00e8re victoire qu&rsquo;il a tutoy\u00e9e sans jamais r\u00e9ussir \u00e0 la concr\u00e9tiser.<\/p>\n","protected":false},"excerpt":{"rendered":"2. Basket : direction Mons-Hainaut Apr\u00e8s le Brussels et Spirou Basket, voici notre troisi\u00e8me repr\u00e9sentant francophone de la&hellip;\n","protected":false},"author":2,"featured_media":471724,"comment_status":"","ping_status":"","sticky":false,"template":"","format":"standard","meta":{"footnotes":""},"categories":[1413],"tags":[17,631,59528,1011,27,59529,59530,1457,1456,59531,60,34936,16405],"class_list":{"0":"post-471723","1":"post","2":"type-post","3":"status-publish","4":"format-standard","5":"has-post-thumbnail","7":"category-moto","8":"tag-17","9":"tag-action","10":"tag-central-european-rally","11":"tag-fr","12":"tag-france","13":"tag-hyundai-i20-n-rally1","14":"tag-martijn-wydaeghe","15":"tag-moto","16":"tag-motocycle","17":"tag-shakedown","18":"tag-sports","19":"tag-thierry-neuville","20":"tag-wrc"},"share_on_mastodon":{"url":"https:\/\/pubeurope.com\/@fr\/115393509652690017","error":""},"_links":{"self":[{"href":"https:\/\/www.europesays.com\/fr\/wp-json\/wp\/v2\/posts\/471723","targetHints":{"allow":["GET"]}}],"collection":[{"href":"https:\/\/www.europesays.com\/fr\/wp-json\/wp\/v2\/posts"}],"about":[{"href":"https:\/\/www.europesays.com\/fr\/wp-json\/wp\/v2\/types\/post"}],"author":[{"embeddable":true,"href":"https:\/\/www.europesays.com\/fr\/wp-json\/wp\/v2\/users\/2"}],"replies":[{"embeddable":true,"href":"https:\/\/www.europesays.com\/fr\/wp-json\/wp\/v2\/comments?post=471723"}],"version-history":[{"count":0,"href":"https:\/\/www.europesays.com\/fr\/wp-json\/wp\/v2\/posts\/471723\/revisions"}],"wp:featuredmedia":[{"embeddable":true,"href":"https:\/\/www.europesays.com\/fr\/wp-json\/wp\/v2\/media\/471724"}],"wp:attachment":[{"href":"https:\/\/www.europesays.com\/fr\/wp-json\/wp\/v2\/media?parent=471723"}],"wp:term":[{"taxonomy":"category","embeddable":true,"href":"https:\/\/www.europesays.com\/fr\/wp-json\/wp\/v2\/categories?post=471723"},{"taxonomy":"post_tag","embeddable":true,"href":"https:\/\/www.europesays.com\/fr\/wp-json\/wp\/v2\/tags?post=471723"}],"curies":[{"name":"wp","href":"https:\/\/api.w.org\/{rel}","templated":true}]}}