{"id":471731,"date":"2025-10-18T05:29:14","date_gmt":"2025-10-18T05:29:14","guid":{"rendered":"https:\/\/www.europesays.com\/fr\/471731\/"},"modified":"2025-10-18T05:29:14","modified_gmt":"2025-10-18T05:29:14","slug":"pour-ses-14-ans-la-fille-de-lex-president-soffre-un-cadeau-beaute-tres-special-cest-canonissime","status":"publish","type":"post","link":"https:\/\/www.europesays.com\/fr\/471731\/","title":{"rendered":"pour ses 14 ans, la fille de l\u2019ex-pr\u00e9sident s\u2019offre un cadeau beaut\u00e9 tr\u00e8s sp\u00e9cial, \u201cC\u2019est canonissime\u201d"},"content":{"rendered":"<p>Longtemps pr\u00e9serv\u00e9e de l\u2019exposition m\u00e9diatique par ses parents,<br \/>\n<strong><a href=\"https:\/\/www.mariefrance.fr\/news-people\/giulia-sarkozy-13-ans-bouleversee-discussion-lourde-sens-nicolas-sarkozy-avant-prison-plus-dur-1211626.html\" target=\"_blank\" rel=\"noopener\">Giulia Sarkozy<\/a><\/strong><br \/>\ns\u2019\u00e9panouit d\u00e9sormais sur les r\u00e9seaux sociaux. \u00c0 bient\u00f4t <strong>14<br \/>\nans<\/strong>, qu\u2019elle est sur le point de f\u00eater le 19 octobre<br \/>\nprochain, elle partage du contenu typique de sa g\u00e9n\u00e9ration : entre<br \/>\nvid\u00e9os spontan\u00e9es et <strong>inspirations<br \/>\nbeaut\u00e9<\/strong>.\u00a0<\/p>\n<p>Mais <strong>Giulia Sarkozy<\/strong> n\u2019est pas comme toutes les<br \/>\njeunes filles de son \u00e2ge. Et pour cause : sa m\u00e8re n\u2019est autre que<br \/>\n<strong>Carla Bruni<\/strong> et son p\u00e8re <strong>Nicolas<br \/>\nSarkozy<\/strong> ! Forc\u00e9ment plus expos\u00e9e, elle n\u2019\u00e9chappe pas aux<br \/>\ncritiques sal\u00e9es. Loin de se laisser d\u00e9stabiliser, l\u2019adolescente<br \/>\ncontinue de partager <strong>ses mises en beaut\u00e9<\/strong>, surtout<br \/>\n\u00e0 l\u2019approche d\u2019une occasion tr\u00e8s sp\u00e9ciale\u2026<\/p>\n<p>Giulia Sarkozy : la fille de Carla Bruni et Nicolas Sarkozy<br \/>\nveut \u201cdes ongles de star\u201d pour ses 14 ans<\/p>\n<p>Celle qui n\u2019h\u00e9site jamais \u00e0 d\u00e9voiler <a href=\"https:\/\/www.mariefrance.fr\/beaute\/giulia-sarkozy-transformee-13-ans-fille-carla-bruni-nicolas-sarkozy-nouveau-changement-physique-1211004.html\" target=\"_blank\" rel=\"noopener\">ses transformations capillaires<\/a><br \/>\naffiche cette fois-ci un tout autre changemen<strong>t<\/strong>.<br \/>\nDans une vid\u00e9o publi\u00e9e sur TikTok, <strong>Giulia Sarkozy montre sa<br \/>\nnouvelle manucure<\/strong>, sp\u00e9cialement choisie pour son<br \/>\nanniversaire ! \u201cMoi, je veux des ongles de star\u201d,<br \/>\nlance-t-elle face \u00e0 la cam\u00e9ra.\u00a0<\/p>\n<p>Le message est pass\u00e9 ! La jeune fille se retrouve avec une<br \/>\nmanucure \u00e0 la finition impeccable : <strong>ses ongles sont<br \/>\nlongs<\/strong>, carr\u00e9s et recouverts d\u2019un vernis blanc laiteux<br \/>\nultra-brillant. Un style digne des tendances rep\u00e9r\u00e9es chez toutes<br \/>\nles it-girls du moment. <strong>Giulia Sarkozy<\/strong><br \/>\nconfirme ainsi son go\u00fbt pour les mises en beaut\u00e9<br \/>\naffirm\u00e9es.\u00a0<\/p>\n<p><img loading=\"lazy\" decoding=\"async\" itemprop=\"thumbnailUrl\" class=\"size-full wp-image-1213012 img-responsive aligncenter\" src=\"https:\/\/www.europesays.com\/fr\/wp-content\/uploads\/2025\/10\/capture-decran-299.jpg\" alt=\"\" width=\"610\" height=\"1080\"\/> \u00a9 TikTok<\/p>\n<p>Giulia Sarkozy ravie de sa manucure,<br \/>\npeu importe ce qu&rsquo;en pensent ses d\u00e9tracteurs<\/p>\n<p>Satisfaite du r\u00e9sultat, elle lance : \u201cC\u2019est star,<br \/>\n<strong>c\u2019est canonissime<\/strong> ! J\u2019aime trop, trop,<br \/>\ntrop\u00a0!\u201d Pr\u00eate \u00e0 souffler sa 14e bougie, <strong><a href=\"https:\/\/www.mariefrance.fr\/news-people\/giulia-sarkozy-publie-photo-emouvante-condamnation-nicolas-sarkozy-prison-1209622.html\" target=\"_blank\" rel=\"noopener\">la cadette du clan<br \/>\nSarkozy<\/a><\/strong> semble d\u00e9j\u00e0 suivre les traces de sa m\u00e8re.<br \/>\nEntre assurance, sens du d\u00e9tail et passion pour la beaut\u00e9, elle<br \/>\ns\u2019impose peu \u00e0 peu comme une v\u00e9ritable mini-ic\u00f4ne en devenir sur<br \/>\nles r\u00e9seaux sociaux. Peu importe ce qu&rsquo;en disent ses d\u00e9tracteurs<br \/>\n!<\/p>\n<blockquote class=\"tiktok-embed\" cite=\"https:\/\/www.tiktok.com\/@allnailzzonme92\/video\/7559297377807551747\" data-video-id=\"7559297377807551747\" style=\"max-width: 605px;min-width: 325px;\"><p>\n<a target=\"_blank\" href=\"https:\/\/www.tiktok.com\/@allnailzzonme92\/video\/7559297377807551747\" rel=\"noopener\"><br \/>\n<img decoding=\"async\" src=\"https:\/\/www.tiktok.com\/img\/logo.png\" alt=\"TikTok Logo\"\/><\/a>\n<\/p><\/blockquote>\n<p><script async src=\"\/\/www.tiktok.com\/embed.js\"><\/script><\/p>\n","protected":false},"excerpt":{"rendered":"Longtemps pr\u00e9serv\u00e9e de l\u2019exposition m\u00e9diatique par ses parents, Giulia Sarkozy s\u2019\u00e9panouit d\u00e9sormais sur les r\u00e9seaux sociaux. \u00c0 bient\u00f4t&hellip;\n","protected":false},"author":2,"featured_media":471732,"comment_status":"","ping_status":"","sticky":false,"template":"","format":"standard","meta":{"footnotes":""},"categories":[1359],"tags":[12667,58,59,1011,27,973],"class_list":{"0":"post-471731","1":"post","2":"type-post","3":"status-publish","4":"format-standard","5":"has-post-thumbnail","7":"category-people","8":"tag-carla-bruni","9":"tag-divertissement","10":"tag-entertainment","11":"tag-fr","12":"tag-france","13":"tag-people"},"share_on_mastodon":{"url":"https:\/\/pubeurope.com\/@fr\/115393526109669362","error":""},"_links":{"self":[{"href":"https:\/\/www.europesays.com\/fr\/wp-json\/wp\/v2\/posts\/471731","targetHints":{"allow":["GET"]}}],"collection":[{"href":"https:\/\/www.europesays.com\/fr\/wp-json\/wp\/v2\/posts"}],"about":[{"href":"https:\/\/www.europesays.com\/fr\/wp-json\/wp\/v2\/types\/post"}],"author":[{"embeddable":true,"href":"https:\/\/www.europesays.com\/fr\/wp-json\/wp\/v2\/users\/2"}],"replies":[{"embeddable":true,"href":"https:\/\/www.europesays.com\/fr\/wp-json\/wp\/v2\/comments?post=471731"}],"version-history":[{"count":0,"href":"https:\/\/www.europesays.com\/fr\/wp-json\/wp\/v2\/posts\/471731\/revisions"}],"wp:featuredmedia":[{"embeddable":true,"href":"https:\/\/www.europesays.com\/fr\/wp-json\/wp\/v2\/media\/471732"}],"wp:attachment":[{"href":"https:\/\/www.europesays.com\/fr\/wp-json\/wp\/v2\/media?parent=471731"}],"wp:term":[{"taxonomy":"category","embeddable":true,"href":"https:\/\/www.europesays.com\/fr\/wp-json\/wp\/v2\/categories?post=471731"},{"taxonomy":"post_tag","embeddable":true,"href":"https:\/\/www.europesays.com\/fr\/wp-json\/wp\/v2\/tags?post=471731"}],"curies":[{"name":"wp","href":"https:\/\/api.w.org\/{rel}","templated":true}]}}