{"id":471733,"date":"2025-10-18T05:30:38","date_gmt":"2025-10-18T05:30:38","guid":{"rendered":"https:\/\/www.europesays.com\/fr\/471733\/"},"modified":"2025-10-18T05:30:38","modified_gmt":"2025-10-18T05:30:38","slug":"le-creusot-antoine-godot-expose-ses-photos-ce-week-end","status":"publish","type":"post","link":"https:\/\/www.europesays.com\/fr\/471733\/","title":{"rendered":"LE CREUSOT : Antoine Godot expose ses photos ce week-end"},"content":{"rendered":"<p><img decoding=\"async\" class=\"newsFullImg  type:primaryImage\" src=\"https:\/\/www.europesays.com\/fr\/wp-content\/uploads\/2025\/10\/99392_1_full.jpg\"\/><\/p>\n<p>Rendez-vous \u00e0 la salle Guynemer.<\/p>\n<p>L\u2019\u00e9crivain Christian Bobin aimait le dire : Entre autiste et artiste il n\u2019y a qu\u2019une lettre qui change\u2026 Antoine Godot symbolise les deux. Ce jeune creusotin, autiste, est aussi un artiste photographe. Oui, artiste, car non seulement il s\u2019est d\u00e9couvert une passion pour la photographie, mais en prime il d\u00e9montre qu\u2019il a un coup d\u2019oeil.<br \/>Il est ainsi capable de saisir des d\u00e9tails, des instants de vie, comme ces papillons qui passent parfois moins d\u2019une seconde dans sur une fleur ou son environnement.<br \/>Et puis Antoine Gaudot aime la nuit. Il sait en prendre la lumi\u00e8re, les couleurs qui sortent du noir. C\u2019est tout cela que l\u2019on pourra voir \u00e0 son exposition, ce week-end, \u00e0 la salle Guynemer, avec un vernissage ouvert au public ce samedi 18 heures.<br \/>Notons, parmi les photos expos\u00e9es, celle avec laquelle Antoine avait gagn\u00e9 le concours de creusot-infos pour la destruction de la tour r\u00e9frig\u00e9rante de la centrale thermique de Montceau les Mines.<br \/>L\u2019expo est organis\u00e9e par Objectit Bleu, l\u2019association port\u00e9e par sa maman. Une expo o\u00f9 les visiteurs pourront aussi d\u00e9couvrir des portraits de chats et de chiens, r\u00e9alis\u00e9s, avec tendresse, par la tante d\u2019Antoine.\u00a0\t\t\t\t\t\t\t<\/p>\n<p>\t\t\t\t\t\t\tA.B.<\/p>\n<p><img decoding=\"async\" src=\"https:\/\/www.europesays.com\/fr\/wp-content\/uploads\/2025\/10\/le-creusot-antoine-godot-expose-ses-photos-ce-week-end-283964.jpg\"\/><img decoding=\"async\" src=\"https:\/\/www.europesays.com\/fr\/wp-content\/uploads\/2025\/10\/le-creusot-antoine-godot-expose-ses-photos-ce-week-end-280523.jpg\"\/><img decoding=\"async\" src=\"https:\/\/www.europesays.com\/fr\/wp-content\/uploads\/2025\/10\/le-creusot-antoine-godot-expose-ses-photos-ce-week-end-398674.jpg\"\/><img decoding=\"async\" src=\"https:\/\/www.europesays.com\/fr\/wp-content\/uploads\/2025\/10\/le-creusot-antoine-godot-expose-ses-photos-ce-week-end-31481.jpg\"\/><\/p>\n<p><img decoding=\"async\" src=\"https:\/\/www.europesays.com\/fr\/wp-content\/uploads\/2025\/10\/le-creusot-antoine-godot-expose-ses-photos-ce-week-end-429629.jpg\"\/><img decoding=\"async\" src=\"https:\/\/www.europesays.com\/fr\/wp-content\/uploads\/2025\/10\/le-creusot-antoine-godot-expose-ses-photos-ce-week-end-117452.jpg\"\/><img decoding=\"async\" src=\"https:\/\/www.europesays.com\/fr\/wp-content\/uploads\/2025\/10\/le-creusot-antoine-godot-expose-ses-photos-ce-week-end-286501.jpg\"\/><img decoding=\"async\" src=\"https:\/\/www.europesays.com\/fr\/wp-content\/uploads\/2025\/10\/le-creusot-antoine-godot-expose-ses-photos-ce-week-end-341343.jpg\"\/><img decoding=\"async\" src=\"https:\/\/www.europesays.com\/fr\/wp-content\/uploads\/2025\/10\/le-creusot-antoine-godot-expose-ses-photos-ce-week-end-386918.jpg\"\/><br \/>\n<img decoding=\"async\" src=\"https:\/\/www.europesays.com\/fr\/wp-content\/uploads\/2025\/10\/le-creusot-antoine-godot-expose-ses-photos-ce-week-end-92432.jpg\"\/><img decoding=\"async\" src=\"https:\/\/www.europesays.com\/fr\/wp-content\/uploads\/2025\/10\/le-creusot-antoine-godot-expose-ses-photos-ce-week-end-483162.jpg\"\/><\/p>\n","protected":false},"excerpt":{"rendered":"Rendez-vous \u00e0 la salle Guynemer. L\u2019\u00e9crivain Christian Bobin aimait le dire : Entre autiste et artiste il n\u2019y&hellip;\n","protected":false},"author":2,"featured_media":471734,"comment_status":"","ping_status":"","sticky":false,"template":"","format":"standard","meta":{"footnotes":""},"categories":[1358],"tags":[1348,1384,1385,1386,58,59,1011,27],"class_list":{"0":"post-471733","1":"post","2":"type-post","3":"status-publish","4":"format-standard","5":"has-post-thumbnail","7":"category-arts-et-design","8":"tag-arts","9":"tag-arts-and-design","10":"tag-arts-et-design","11":"tag-design","12":"tag-divertissement","13":"tag-entertainment","14":"tag-fr","15":"tag-france"},"share_on_mastodon":{"url":"https:\/\/pubeurope.com\/@fr\/115393529868349719","error":""},"_links":{"self":[{"href":"https:\/\/www.europesays.com\/fr\/wp-json\/wp\/v2\/posts\/471733","targetHints":{"allow":["GET"]}}],"collection":[{"href":"https:\/\/www.europesays.com\/fr\/wp-json\/wp\/v2\/posts"}],"about":[{"href":"https:\/\/www.europesays.com\/fr\/wp-json\/wp\/v2\/types\/post"}],"author":[{"embeddable":true,"href":"https:\/\/www.europesays.com\/fr\/wp-json\/wp\/v2\/users\/2"}],"replies":[{"embeddable":true,"href":"https:\/\/www.europesays.com\/fr\/wp-json\/wp\/v2\/comments?post=471733"}],"version-history":[{"count":0,"href":"https:\/\/www.europesays.com\/fr\/wp-json\/wp\/v2\/posts\/471733\/revisions"}],"wp:featuredmedia":[{"embeddable":true,"href":"https:\/\/www.europesays.com\/fr\/wp-json\/wp\/v2\/media\/471734"}],"wp:attachment":[{"href":"https:\/\/www.europesays.com\/fr\/wp-json\/wp\/v2\/media?parent=471733"}],"wp:term":[{"taxonomy":"category","embeddable":true,"href":"https:\/\/www.europesays.com\/fr\/wp-json\/wp\/v2\/categories?post=471733"},{"taxonomy":"post_tag","embeddable":true,"href":"https:\/\/www.europesays.com\/fr\/wp-json\/wp\/v2\/tags?post=471733"}],"curies":[{"name":"wp","href":"https:\/\/api.w.org\/{rel}","templated":true}]}}