{"id":471735,"date":"2025-10-18T05:31:20","date_gmt":"2025-10-18T05:31:20","guid":{"rendered":"https:\/\/www.europesays.com\/fr\/471735\/"},"modified":"2025-10-18T05:31:20","modified_gmt":"2025-10-18T05:31:20","slug":"saint-lary-soulan-montagne-de-livres-dans-le-nouvel-espace-lumiere","status":"publish","type":"post","link":"https:\/\/www.europesays.com\/fr\/471735\/","title":{"rendered":"Saint-Lary-Soulan. \u00ab\u00a0Montagne de livres\u00a0\u00bb dans le nouvel espace Lumi\u00e8re"},"content":{"rendered":"<p>\n                                                                    l&rsquo;essentiel<br \/>\n                                                                Le salon \u00ab\u00a0Montagne de Livres\u00a0\u00bb revient pour un week-end riche en culture, litt\u00e9rature et convivialit\u00e9 \u00e0 Saint-Lary.\n                            <\/p>\n<p>La montagne s\u2019appr\u00eate \u00e0 devenir, le temps d\u2019un week-end, un haut lieu de litt\u00e9rature et de convivialit\u00e9. Le salon \u00ab\u00a0Montagne de livres\u00a0\u00bb revient les samedi 25 et dimanche 26 octobre, de 10 heures \u00e0 18 heures, dans le cadre des Automnes de Saint-Lary dans son tout nouvel Espace Lumi\u00e8re. Un cadre moderne et lumineux pour accueillir cette rencontre d\u00e9sormais incontournable entre lecteurs, auteurs, artisans et amateurs de jeux.<\/p>\n<p>\u00c0 l\u2019origine de cet \u00e9v\u00e9nement, on retrouve Lucie Plessalat, cr\u00e9atrice passionn\u00e9e de la librairie Bleu et Aure, qui \u0153uvre sans rel\u00e2che pour faire vivre la culture au c\u0153ur de la vall\u00e9e. Gr\u00e2ce \u00e0 son \u00e9nergie, ses nombreux contacts avec les \u00e9crivains, \u00e9diteurs et cr\u00e9ateurs, et une bonne dose de pers\u00e9v\u00e9rance, ce salon prend chaque ann\u00e9e un peu plus d\u2019ampleur. Esp\u00e9rons que cette \u00e9dition rencontre le succ\u00e8s m\u00e9rit\u00e9 apr\u00e8s tant d\u2019efforts et d\u2019organisation.<\/p>\n<p>Le public pourra y retrouver une douzaine d\u2019auteurs venus \u00e0 la rencontre de leurs lecteurs, pour des d\u00e9dicaces, des \u00e9changes et des d\u00e9couvertes litt\u00e9raires vari\u00e9es. Parmi eux : Olivier Blanchet et Jean-Luc K\u00e9r\u00e9bel autour des Pyr\u00e9n\u00e9es, Agn\u00e8s Brown, Carine Gaubert Le Bourdon et Mich\u00e8le Tajan pour des romans, Guillaume Coquery, Rose Penn et C\u00e9line Servat pour des policiers, Pascal Dessaint et Christian Laborde m\u00e9lant roman et po\u00e9sie, ainsi que Mil\u00e8ne Tournier, voix singuli\u00e8re de la po\u00e9sie contemporaine. Un plateau riche et \u00e9clectique, \u00e0 l\u2019image des multiples facettes de la montagne et des passions qu\u2019elle inspire.<\/p>\n<p>L\u2019\u00e9v\u00e9nement fera \u00e9galement la part belle \u00e0 la photographie avec deux expositions sign\u00e9es Philippe B\u00e9rit-Debat, qui pr\u00e9sentera aussi son livre. Les visiteurs pourront ainsi voyager en images au fil des paysages pyr\u00e9n\u00e9ens et des \u00e9motions qu\u2019ils suscitent.<\/p>\n<p>Mais \u00ab\u00a0Montagne de Livres\u00a0\u00bb n\u2019oublie pas sa dimension ludique : plusieurs jeux de soci\u00e9t\u00e9 seront disponibles pour petits et grands, en libre acc\u00e8s ou en d\u00e9monstration. Parmi eux : Micro macro crime city, La planche des pirates, la l\u00e9gende des 3 pi\u00e8ces, Flip 7, et bien d\u2019autres encore. L\u2019occasion de d\u00e9couvrir, d\u2019apprendre et surtout de partager des moments conviviaux.<\/p>\n<p>Enfin, plusieurs artisans locaux tiendront \u00e9galement leurs stands, proposant leurs cr\u00e9ations et savoir-faire, ajoutant une touche d\u2019authenticit\u00e9 et de proximit\u00e9 \u00e0 ce week-end culturel.<\/p>\n<p>\u00ab\u00a0Montagne de Livres\u00a0\u00bb s\u2019annonce comme un rendez-vous \u00e0 ne pas manquer pour tous ceux qui aiment la culture sous toutes ses formes.<\/p>\n","protected":false},"excerpt":{"rendered":"l&rsquo;essentiel Le salon \u00ab\u00a0Montagne de Livres\u00a0\u00bb revient pour un week-end riche en culture, litt\u00e9rature et convivialit\u00e9 \u00e0 Saint-Lary.&hellip;\n","protected":false},"author":2,"featured_media":471736,"comment_status":"","ping_status":"","sticky":false,"template":"","format":"standard","meta":{"footnotes":""},"categories":[1357],"tags":[1379,58,59,1011,27,1380],"class_list":{"0":"post-471735","1":"post","2":"type-post","3":"status-publish","4":"format-standard","5":"has-post-thumbnail","7":"category-livres","8":"tag-books","9":"tag-divertissement","10":"tag-entertainment","11":"tag-fr","12":"tag-france","13":"tag-livres"},"share_on_mastodon":{"url":"https:\/\/pubeurope.com\/@fr\/115393533312221838","error":""},"_links":{"self":[{"href":"https:\/\/www.europesays.com\/fr\/wp-json\/wp\/v2\/posts\/471735","targetHints":{"allow":["GET"]}}],"collection":[{"href":"https:\/\/www.europesays.com\/fr\/wp-json\/wp\/v2\/posts"}],"about":[{"href":"https:\/\/www.europesays.com\/fr\/wp-json\/wp\/v2\/types\/post"}],"author":[{"embeddable":true,"href":"https:\/\/www.europesays.com\/fr\/wp-json\/wp\/v2\/users\/2"}],"replies":[{"embeddable":true,"href":"https:\/\/www.europesays.com\/fr\/wp-json\/wp\/v2\/comments?post=471735"}],"version-history":[{"count":0,"href":"https:\/\/www.europesays.com\/fr\/wp-json\/wp\/v2\/posts\/471735\/revisions"}],"wp:featuredmedia":[{"embeddable":true,"href":"https:\/\/www.europesays.com\/fr\/wp-json\/wp\/v2\/media\/471736"}],"wp:attachment":[{"href":"https:\/\/www.europesays.com\/fr\/wp-json\/wp\/v2\/media?parent=471735"}],"wp:term":[{"taxonomy":"category","embeddable":true,"href":"https:\/\/www.europesays.com\/fr\/wp-json\/wp\/v2\/categories?post=471735"},{"taxonomy":"post_tag","embeddable":true,"href":"https:\/\/www.europesays.com\/fr\/wp-json\/wp\/v2\/tags?post=471735"}],"curies":[{"name":"wp","href":"https:\/\/api.w.org\/{rel}","templated":true}]}}