{"id":471742,"date":"2025-10-18T05:36:20","date_gmt":"2025-10-18T05:36:20","guid":{"rendered":"https:\/\/www.europesays.com\/fr\/471742\/"},"modified":"2025-10-18T05:36:20","modified_gmt":"2025-10-18T05:36:20","slug":"aujourdhui-on-parle-de-moi-comme-si-javais-change-la-defense-de-lom-mais-ce-nest-pas-vrai","status":"publish","type":"post","link":"https:\/\/www.europesays.com\/fr\/471742\/","title":{"rendered":"Aujourd&rsquo;hui on parle de moi comme si j&rsquo;avais chang\u00e9 la d\u00e9fense de l&rsquo;OM, mais ce n&rsquo;est pas vrai"},"content":{"rendered":"<p>En toute simplicit\u00e9. Sourire ultra brite et t-shirt immacul\u00e9, Nayef Aguerd a balad\u00e9 son presque double m\u00e8tre (1,90 m) et sa bonhomie <a href=\"https:\/\/www.laprovence.com\/article\/om\/2067662323204314\/direct-laprovence-direct-om-aguerd-et-de-zerbi-devant-les-medias-avant-la-reprise-suivez-la-conference-de-presse\" target=\"_blank\" rel=\"noopener\">jusqu&rsquo;en point presse ce vendredi<\/a>. Une premi\u00e8re depuis sa signature \u00e0 l&rsquo;OM le 1er\u00a0septembre. L&rsquo;occasion pour l&rsquo;international marocain (57 s\u00e9lections, 2 buts) d&rsquo;\u00e9voquer la dynamique positive du club olympien, \u00e0 la veille de recevoir Le\u00a0Havre au V\u00e9lodrome, mais de <a href=\"https:\/\/www.laprovence.com\/article\/faits-divers-justice\/6207725499087814\/nayef-aguerd-le-defenseur-de-lom-agresse-a-laeroport-marseille-provence\" target=\"_blank\" rel=\"noopener\">ne surtout pas parler les sujets hors football comme son agression \u00e0 l&rsquo;a\u00e9roport Marseille Provence<\/a> avant le rassemblement des Lions de l&rsquo;Atlas ou la situation politique au Maroc (le joueur a lui-m\u00eame exprim\u00e9 sa solidarit\u00e9 envers le peuple marocain sur les r\u00e9seaux sociaux). Une consigne du club.<\/p>\n<p>Aussi \u00e9l\u00e9gant balle au pied qu&rsquo;au pupitre du centre RLD, le d\u00e9fenseur de 29\u00a0ans a donc exprim\u00e9 sa joie d&rsquo;avoir rejoint l&rsquo;institution marseillaise. Et si Roberto De Zerbi en avait fait une priorit\u00e9 pour muscler son arri\u00e8re-garde d\u00e9faillante, <a href=\"https:\/\/www.laprovence.com\/article\/om\/22722659012911\/om-sans-ligue-des-champions-ce-serait-une-catastrophe-notre-interview-exclusive-de-medhi-benatia\" target=\"_blank\" rel=\"noopener\">la pr\u00e9sence de Medhi Benatia dans l&rsquo;\u00e9tat-major a aussi compt\u00e9<\/a>. \u00ab\u00a0Il me parle de Marseille depuis tr\u00e8s longtemps, m\u00eame si \u00e7a s&rsquo;est fait le dernier jour du mercato. Medhi \u00e9tait notre capitaine avec le Maroc, c&rsquo;\u00e9tait un ami proche en s\u00e9lection et \u00e7a l&rsquo;est toujours apr\u00e8s s&#8230;<\/p>\n","protected":false},"excerpt":{"rendered":"En toute simplicit\u00e9. Sourire ultra brite et t-shirt immacul\u00e9, Nayef Aguerd a balad\u00e9 son presque double m\u00e8tre (1,90&hellip;\n","protected":false},"author":2,"featured_media":471743,"comment_status":"","ping_status":"","sticky":false,"template":"","format":"standard","meta":{"footnotes":""},"categories":[9],"tags":[17,51919,11796,1993,1011,27,20276,33564,57010,149,13406,60],"class_list":{"0":"post-471742","1":"post","2":"type-post","3":"status-publish","4":"format-standard","5":"has-post-thumbnail","7":"category-sports","8":"tag-17","9":"tag-aguerd","10":"tag-aujourdhui","11":"tag-comme","12":"tag-fr","13":"tag-france","14":"tag-javais","15":"tag-moi","16":"tag-nayef","17":"tag-om","18":"tag-parle","19":"tag-sports"},"share_on_mastodon":{"url":"https:\/\/pubeurope.com\/@fr\/115393552955943376","error":""},"_links":{"self":[{"href":"https:\/\/www.europesays.com\/fr\/wp-json\/wp\/v2\/posts\/471742","targetHints":{"allow":["GET"]}}],"collection":[{"href":"https:\/\/www.europesays.com\/fr\/wp-json\/wp\/v2\/posts"}],"about":[{"href":"https:\/\/www.europesays.com\/fr\/wp-json\/wp\/v2\/types\/post"}],"author":[{"embeddable":true,"href":"https:\/\/www.europesays.com\/fr\/wp-json\/wp\/v2\/users\/2"}],"replies":[{"embeddable":true,"href":"https:\/\/www.europesays.com\/fr\/wp-json\/wp\/v2\/comments?post=471742"}],"version-history":[{"count":0,"href":"https:\/\/www.europesays.com\/fr\/wp-json\/wp\/v2\/posts\/471742\/revisions"}],"wp:featuredmedia":[{"embeddable":true,"href":"https:\/\/www.europesays.com\/fr\/wp-json\/wp\/v2\/media\/471743"}],"wp:attachment":[{"href":"https:\/\/www.europesays.com\/fr\/wp-json\/wp\/v2\/media?parent=471742"}],"wp:term":[{"taxonomy":"category","embeddable":true,"href":"https:\/\/www.europesays.com\/fr\/wp-json\/wp\/v2\/categories?post=471742"},{"taxonomy":"post_tag","embeddable":true,"href":"https:\/\/www.europesays.com\/fr\/wp-json\/wp\/v2\/tags?post=471742"}],"curies":[{"name":"wp","href":"https:\/\/api.w.org\/{rel}","templated":true}]}}