{"id":471744,"date":"2025-10-18T05:37:15","date_gmt":"2025-10-18T05:37:15","guid":{"rendered":"https:\/\/www.europesays.com\/fr\/471744\/"},"modified":"2025-10-18T05:37:15","modified_gmt":"2025-10-18T05:37:15","slug":"ca-demarre-fort-vieilles-charrues-2026-tous-les-billets-pour-la-soiree-du-jeudi-se-sont-arraches","status":"publish","type":"post","link":"https:\/\/www.europesays.com\/fr\/471744\/","title":{"rendered":"\u00ab\u00a0\u00c7a d\u00e9marre fort\u00a0!\u00a0\u00bb Vieilles Charrues\u00a02026\u00a0: tous les billets pour la soir\u00e9e du jeudi se sont arrach\u00e9s"},"content":{"rendered":"<p>D\u00e8s l\u2019ouverture de la billetterie pour le festival des Vieilles Charrues 2026, qui se tiendra du 16 au 19 juillet, \u00e0 Carhaix, ce vendredi 17 octobre, \u00e0 13\u00a0h, une vague d\u2019achats fr\u00e9n\u00e9tiques a d\u00e9ferl\u00e9, propulsant les places comme un feu de paille. En une vingtaine de minutes seulement, les 55\u00a0000 billets mis en vente pour la soir\u00e9e du jeudi 16 juillet se sont arrach\u00e9s, laissant les fans les plus rapides triompher\u2026 et les autres, frustr\u00e9s, sur le bord de la route.<\/p>\n<p>\u00ab\u00a0D\u2019autres belles surprises \u00e0 venir\u00a0\u00bb<\/p>\n<p>Les pass JVD sont \u00e9galement \u00e9puis\u00e9s et, \u00e0 18\u00a0h, ce vendredi, restent seulement une poign\u00e9e de forfaits 4 jours, en plus des pass VSD et des billets pour les soir\u00e9es de vendredi, samedi et dimanche\u00a0\u00bb, indique le festival sur les r\u00e9seaux sociaux. Le double <a href=\"https:\/\/www.letelegramme.fr\/culture-loisirs\/festivals\/vieilles-charrues\/katy-perry-gims-mika-orelsan-les-vieilles-charrues-devoilent-les-premiers-noms-de-ledition-2026-6908816.php\" target=\"_blank\" rel=\"noopener\">\u00ab\u00a0effet\u00a0\u00bb Katy Perry et Gims a jou\u00e9 \u00e0 fond.<\/a><\/p>\n<p>Ce lancement \u00e9clair en dit long sur l\u2019attente autour de la prochaine \u00e9dition. \u00ab\u00a0C\u2018est quelque chose d\u2019exceptionnel qui confirme l\u2019enthousiasme suscit\u00e9 par <a href=\"https:\/\/www.letelegramme.fr\/culture-loisirs\/festivals\/vieilles-charrues\/katy-perry-gims-mika-orelsan-les-vieilles-charrues-devoilent-les-premiers-noms-de-ledition-2026-6908816.php\" target=\"_blank\" rel=\"noopener\">l\u2019annonce des dix premiers noms<\/a>. Cette ru\u00e9e sur les billets a concr\u00e9tis\u00e9 la satisfaction du public. C\u2019est le plus beau cadeau qu\u2019on puisse recevoir. On va maintenant travailler sur le reste de la programmation\u00a0\u00bb r\u00e9agit J\u00e9r\u00f4me Tr\u00e9horel, directeur des Vieilles Charrues, en promettant \u00ab\u00a0d\u2019autres tr\u00e8s belles surprises\u00a0\u00bb, c\u00f4t\u00e9 programmation.<\/p>\n<p>Ce vendredi soir, le festival pr\u00e9cise \u00ab\u00a0qu\u2019il n\u2019y aura pas de nouvelle mise en vente mais que la bourse officielle aux billets ouvrira en juin 2026\u00a0\u00bb.<\/p>\n","protected":false},"excerpt":{"rendered":"D\u00e8s l\u2019ouverture de la billetterie pour le festival des Vieilles Charrues 2026, qui se tiendra du 16 au&hellip;\n","protected":false},"author":2,"featured_media":471745,"comment_status":"","ping_status":"","sticky":false,"template":"","format":"standard","meta":{"footnotes":""},"categories":[8],"tags":[11,829,5934,251,58,765,59,3337,3321,1011,27,2131,873,58604,35758],"class_list":{"0":"post-471744","1":"post","2":"type-post","3":"status-publish","4":"format-standard","5":"has-post-thumbnail","7":"category-divertissement","8":"tag-actualites","9":"tag-bretagne","10":"tag-carhaix-plouguer","11":"tag-culture","12":"tag-divertissement","13":"tag-en-continu","14":"tag-entertainment","15":"tag-festivals","16":"tag-finistere","17":"tag-fr","18":"tag-france","19":"tag-morlaix","20":"tag-musique","21":"tag-vieilles-charrues-2026","22":"tag-vieilles-charrues"},"share_on_mastodon":{"url":"https:\/\/pubeurope.com\/@fr\/115393556921556544","error":""},"_links":{"self":[{"href":"https:\/\/www.europesays.com\/fr\/wp-json\/wp\/v2\/posts\/471744","targetHints":{"allow":["GET"]}}],"collection":[{"href":"https:\/\/www.europesays.com\/fr\/wp-json\/wp\/v2\/posts"}],"about":[{"href":"https:\/\/www.europesays.com\/fr\/wp-json\/wp\/v2\/types\/post"}],"author":[{"embeddable":true,"href":"https:\/\/www.europesays.com\/fr\/wp-json\/wp\/v2\/users\/2"}],"replies":[{"embeddable":true,"href":"https:\/\/www.europesays.com\/fr\/wp-json\/wp\/v2\/comments?post=471744"}],"version-history":[{"count":0,"href":"https:\/\/www.europesays.com\/fr\/wp-json\/wp\/v2\/posts\/471744\/revisions"}],"wp:featuredmedia":[{"embeddable":true,"href":"https:\/\/www.europesays.com\/fr\/wp-json\/wp\/v2\/media\/471745"}],"wp:attachment":[{"href":"https:\/\/www.europesays.com\/fr\/wp-json\/wp\/v2\/media?parent=471744"}],"wp:term":[{"taxonomy":"category","embeddable":true,"href":"https:\/\/www.europesays.com\/fr\/wp-json\/wp\/v2\/categories?post=471744"},{"taxonomy":"post_tag","embeddable":true,"href":"https:\/\/www.europesays.com\/fr\/wp-json\/wp\/v2\/tags?post=471744"}],"curies":[{"name":"wp","href":"https:\/\/api.w.org\/{rel}","templated":true}]}}