{"id":471754,"date":"2025-10-18T05:43:12","date_gmt":"2025-10-18T05:43:12","guid":{"rendered":"https:\/\/www.europesays.com\/fr\/471754\/"},"modified":"2025-10-18T05:43:12","modified_gmt":"2025-10-18T05:43:12","slug":"patrick-chesnais-en-spectacle-a-saint-chamond","status":"publish","type":"post","link":"https:\/\/www.europesays.com\/fr\/471754\/","title":{"rendered":"Patrick Chesnais en spectacle \u00e0 Saint-Chamond"},"content":{"rendered":"<blockquote class=\"question\"><p>Votre spectacle est n\u00e9 d\u2019un livre. Pouvez-vous nous raconter\u00a0?<\/p><\/blockquote>\n<p>\u00ab\u00a0C\u2019est \u00e0 partir du livre Lettres d\u2019excuses que j\u2019avais \u00e9crit. \u00c0 force d\u2019entendre qu\u2019il fallait en faire un spectacle, je me suis lanc\u00e9 dans un seul en sc\u00e8ne il y a deux ans. J\u2019ai senti un retour tr\u00e8s fort de la part du public et aujourd\u2019hui je le pr\u00e9sente r\u00e9guli\u00e8rement sur sc\u00e8ne. Tous les textes sont de moi, il n\u2019y a pas un mot, ni une virgule, qui ne soit pas de moi.\u00a0\u00bb<\/p>\n<blockquote class=\"question\"><p>Pourquoi aviez-vous choisi d\u2019\u00e9crire ce livre\u00a0?<\/p><\/blockquote>\n<p>\u00ab\u00a0J\u2019en avais d\u00e9j\u00e0 \u00e9crit deux et mon \u00e9diteur m\u2019a propos\u00e9 de tenter une troisi\u00e8me exp\u00e9rience \u00e0 partir de lettres que je pourrais adresser \u00e0 des gens que j\u2019aime. Mais je trouvais que cette id\u00e9e avait d\u00e9j\u00e0 \u00e9t\u00e9 exploit\u00e9e ailleurs. En revanche, les lettres d\u2019excuses se sont impos\u00e9es naturellement. Elles peuvent \u00eatre interpr\u00e9t\u00e9es de multiples fa\u00e7ons\u00a0: de bonnes ou de mauvaises excuses, ou m\u00eame une absence d\u2019excuses\u2026 C\u2019est un terrain de jeu immense. On peut s\u2019excuser aupr\u00e8s d\u2019une personne, mais aussi aupr\u00e8s d\u2019un concept, d\u2019un lieu, d\u2019une situation. Je m\u2019excuse aupr\u00e8s du soleil, aupr\u00e8s du jazz, de la nature\u2026 Le champ des excuses est tr\u00e8s large.\u00a0\u00bb<\/p>\n<p>\u00ab\u00a0Mon terrain de jeu se situe entre \u00e9motion et rire\u00a0\u00bb<\/p>\n<blockquote class=\"question\"><p>Comment le public r\u00e9agit-il au spectacle\u00a0?<\/p><\/blockquote>\n<p>\u00ab\u00a0Les spectateurs rient beaucoup. Mon terrain de jeu se situe entre \u00e9motion et rire. Je crois qu\u2019ils en ressortent \u00e0 la fois \u00e9mus et amus\u00e9s. Les entendre rire et les sentir touch\u00e9s, c\u2019est une sensation tr\u00e8s agr\u00e9able.\u00a0\u00bb<\/p>\n<blockquote class=\"question\"><p>Y a-t-il une lettre qui vous touche particuli\u00e8rement\u00a0?<\/p><\/blockquote>\n<p>\u00ab\u00a0Il y en a une qui se d\u00e9tache, forc\u00e9ment\u00a0: celle que j\u2019adresse \u00e0 mon fils, d\u00e9c\u00e9d\u00e9 dans un accident de voiture. Elle est tr\u00e8s particuli\u00e8re et \u00e0 part. Mais toutes les lettres me touchent, chacune \u00e0 leur mani\u00e8re.\u00a0\u00bb<\/p>\n<blockquote class=\"question\"><p>Qu\u2019est-ce qui vous pla\u00eet dans le seul en sc\u00e8ne\u00a0?<\/p><\/blockquote>\n<p>\u00ab\u00a0Pour moi, c\u2019est plus simple. Depuis le conservatoire, on m\u2019a souvent dit que je devrais faire du \u00ab\u00a0one man show\u00a0\u00bb. Je ne l\u2019avais jamais fait car j\u2019\u00e9tais sollicit\u00e9 par ailleurs, mais aujourd\u2019hui j\u2019y prends beaucoup de plaisir. J\u2019aime ce rapport direct, ce jeu avec le public.\u00a0\u00bb<\/p>\n<blockquote class=\"question\"><p>Si vous deviez choisir, quelle forme artistique privil\u00e9gieriez-vous\u00a0?<\/p><\/blockquote>\n<p>\u00ab\u00a0C\u2019est difficile \u00e0 dire\u2026 Mais peut-\u00eatre le th\u00e9\u00e2tre, pour la rencontre avec le public. On mouille sa chemise, on partage des \u00e9motions, on vit un moment unique. Dans ce spectacle, je crois que les spectateurs trouvent \u00e0 la fois du rire et de l\u2019\u00e9motion.\u00a0\u00bb<\/p>\n<p class=\"note\">Vendredi 7\u00a0novembre \u00e0 20 heures, salle Aristide-Briand. Renseignements au 04\u00a077\u00a031\u00a004\u00a041.<\/p>\n","protected":false},"excerpt":{"rendered":"Votre spectacle est n\u00e9 d\u2019un livre. Pouvez-vous nous raconter\u00a0? \u00ab\u00a0C\u2019est \u00e0 partir du livre Lettres d\u2019excuses que j\u2019avais&hellip;\n","protected":false},"author":2,"featured_media":471755,"comment_status":"","ping_status":"","sticky":false,"template":"","format":"standard","meta":{"footnotes":""},"categories":[9653],"tags":[1111,11,2430,1687,7539,1777,674,1011,27,3367,12,25,9669,9670,4001,3140],"class_list":{"0":"post-471754","1":"post","2":"type-post","3":"status-publish","4":"format-standard","5":"has-post-thumbnail","7":"category-saint-etienne","8":"tag-actu","9":"tag-actualites","10":"tag-auvergne-rhone-alpes","11":"tag-culture-loisirs","12":"tag-edition-loire-sud","13":"tag-eu","14":"tag-europe","15":"tag-fr","16":"tag-france","17":"tag-loire","18":"tag-news","19":"tag-republique-francaise","20":"tag-saint-chamond","21":"tag-saint-chamond-ville","22":"tag-saint-etienne","23":"tag-spectacle"},"share_on_mastodon":{"url":"https:\/\/pubeurope.com\/@fr\/115393580498140210","error":""},"_links":{"self":[{"href":"https:\/\/www.europesays.com\/fr\/wp-json\/wp\/v2\/posts\/471754","targetHints":{"allow":["GET"]}}],"collection":[{"href":"https:\/\/www.europesays.com\/fr\/wp-json\/wp\/v2\/posts"}],"about":[{"href":"https:\/\/www.europesays.com\/fr\/wp-json\/wp\/v2\/types\/post"}],"author":[{"embeddable":true,"href":"https:\/\/www.europesays.com\/fr\/wp-json\/wp\/v2\/users\/2"}],"replies":[{"embeddable":true,"href":"https:\/\/www.europesays.com\/fr\/wp-json\/wp\/v2\/comments?post=471754"}],"version-history":[{"count":0,"href":"https:\/\/www.europesays.com\/fr\/wp-json\/wp\/v2\/posts\/471754\/revisions"}],"wp:featuredmedia":[{"embeddable":true,"href":"https:\/\/www.europesays.com\/fr\/wp-json\/wp\/v2\/media\/471755"}],"wp:attachment":[{"href":"https:\/\/www.europesays.com\/fr\/wp-json\/wp\/v2\/media?parent=471754"}],"wp:term":[{"taxonomy":"category","embeddable":true,"href":"https:\/\/www.europesays.com\/fr\/wp-json\/wp\/v2\/categories?post=471754"},{"taxonomy":"post_tag","embeddable":true,"href":"https:\/\/www.europesays.com\/fr\/wp-json\/wp\/v2\/tags?post=471754"}],"curies":[{"name":"wp","href":"https:\/\/api.w.org\/{rel}","templated":true}]}}