{"id":471760,"date":"2025-10-18T05:46:15","date_gmt":"2025-10-18T05:46:15","guid":{"rendered":"https:\/\/www.europesays.com\/fr\/471760\/"},"modified":"2025-10-18T05:46:15","modified_gmt":"2025-10-18T05:46:15","slug":"la-campagne-de-vaccination-2025-2026-a-debute-en-france-et-dans-le-grand-est","status":"publish","type":"post","link":"https:\/\/www.europesays.com\/fr\/471760\/","title":{"rendered":"la campagne de vaccination 2025-2026 a d\u00e9but\u00e9 en France et dans le Grand Est"},"content":{"rendered":"<p>        <strong>La campagne de vaccination contre la grippe saisonni\u00e8re et le Covid-19 a d\u00e9marr\u00e9 mardi 14 octobre partout en France. Dans le Grand Est, l\u2019ARS et l\u2019Assurance Maladie rappellent que la vaccination reste le moyen le plus efficace de se prot\u00e9ger \u00e0 l\u2019approche de l\u2019hiver.<\/strong><\/p>\n<p>La campagne annuelle de vaccination contre la grippe saisonni\u00e8re et le Covid-19 a d\u00e9but\u00e9 ce mardi 14 octobre partout en France. Dans le Grand Est, l\u2019Agence r\u00e9gionale de sant\u00e9 (ARS) et l\u2019Assurance Maladie incitent les personnes les plus fragiles \u00e0 se faire vacciner d\u00e8s l\u2019automne pour se prot\u00e9ger et limiter la circulation des virus.<\/p>\n<p>Cette saison, les autorit\u00e9s sanitaires restent vigilantes face \u00e0 l\u2019\u00e9volution des virus respiratoires. Les experts estiment que la grippe pourrait \u00eatre plus virulente que l\u2019hiver dernier et rappellent l\u2019importance de la vaccination, notamment pour les plus de 65 ans, les personnes immunod\u00e9prim\u00e9es, les malades chroniques et les femmes enceintes.<\/p>\n<p>Le vaccin est pris en charge \u00e0 100 % pour ces publics et peut \u00eatre administr\u00e9 en pharmacie, par un m\u00e9decin, un infirmier ou une sage-femme. Cinq vaccins trivalents sont disponibles, Influvac, Vaxigrip, Flucelvax, Efluelda et Fluad.<\/p>\n<p>La vaccination contre le Covid-19 se d\u00e9roule en parall\u00e8le, avec le vaccin Comirnaty JN.1, adapt\u00e9 au variant dominant. Une seule dose suffit, quel que soit le statut vaccinal ant\u00e9rieur, et la prise en charge est totale.<\/p>\n<p>M\u00eame vaccin\u00e9s, les gestes barri\u00e8res restent de mise comme le port du masque en cas de sympt\u00f4mes, le lavage des mains et l&rsquo;a\u00e9ration r\u00e9guli\u00e8re des pi\u00e8ces de vie, rappellent l&rsquo;ARS Grand Est et l&rsquo;Assurance Maladie.\u00a0<\/p>\n<p>\u00a0<\/p>\n<blockquote class=\"twitter-tweet\"><p>&#13;<\/p>\n<p dir=\"ltr\" lang=\"fr\"><a href=\"https:\/\/twitter.com\/hashtag\/VaccinerProt%C3%A9ger?src=hash&amp;ref_src=twsrc%5Etfw\" rel=\"nofollow noopener\" target=\"_blank\">#VaccinerProt\u00e9ger<\/a> | \ud83d\udc89La campagne de vaccination contre la <a href=\"https:\/\/twitter.com\/hashtag\/grippe?src=hash&amp;ref_src=twsrc%5Etfw\" rel=\"nofollow noopener\" target=\"_blank\">#grippe<\/a> saisonni\u00e8re d\u00e9bute aujourd&rsquo;hui.<\/p>\n<p>La <a href=\"https:\/\/twitter.com\/hashtag\/vaccination?src=hash&amp;ref_src=twsrc%5Etfw\" rel=\"nofollow noopener\" target=\"_blank\">#vaccination<\/a> est un geste simple de pr\u00e9vention. Elle est recommand\u00e9e, notamment pour les personnes \u00e0 risque de complications graves, en compl\u00e9ment des gestes barri\u00e8res.<\/p>\n<p>Vous\u2026 <a href=\"https:\/\/t.co\/JVXT2tKv53\" rel=\"nofollow\">pic.twitter.com\/JVXT2tKv53<\/a><\/p>\n<p>&#13;<br \/>\n\u2014 Minist\u00e8re de la Sant\u00e9 (@Sante_Gouv) <a href=\"https:\/\/twitter.com\/Sante_Gouv\/status\/1978106018371412393?ref_src=twsrc%5Etfw\" rel=\"nofollow noopener\" target=\"_blank\">October 14, 2025<\/a><\/p><\/blockquote>\n<p>\t\t\t\t\t\t<a href=\"https:\/\/www.pinterest.com\/pin\/create\/button\/\" data-pin-do=\"buttonBookmark\" data-pin-color=\"red\" rel=\"nofollow noopener\" target=\"_blank\"><img decoding=\"async\" src=\"https:\/\/www.europesays.com\/fr\/wp-content\/uploads\/2025\/04\/pinit_fg_en_rect_red_20.png\" alt=\"Pin It\"\/><\/a><\/p>\n<p>\t\t\t\t\t\t    <script async src=\"https:\/\/platform.twitter.com\/widgets.js\" charset=\"utf-8\"><\/script><\/p>\n","protected":false},"excerpt":{"rendered":"La campagne de vaccination contre la grippe saisonni\u00e8re et le Covid-19 a d\u00e9marr\u00e9 mardi 14 octobre partout en&hellip;\n","protected":false},"author":2,"featured_media":113793,"comment_status":"","ping_status":"","sticky":false,"template":"","format":"standard","meta":{"footnotes":""},"categories":[9635],"tags":[1111,11,1777,674,1011,27,775,1702,12,25],"class_list":{"0":"post-471760","1":"post","2":"type-post","3":"status-publish","4":"format-standard","5":"has-post-thumbnail","7":"category-nancy","8":"tag-actu","9":"tag-actualites","10":"tag-eu","11":"tag-europe","12":"tag-fr","13":"tag-france","14":"tag-grand-est","15":"tag-nancy","16":"tag-news","17":"tag-republique-francaise"},"share_on_mastodon":{"url":"https:\/\/pubeurope.com\/@fr\/115393593073211142","error":""},"_links":{"self":[{"href":"https:\/\/www.europesays.com\/fr\/wp-json\/wp\/v2\/posts\/471760","targetHints":{"allow":["GET"]}}],"collection":[{"href":"https:\/\/www.europesays.com\/fr\/wp-json\/wp\/v2\/posts"}],"about":[{"href":"https:\/\/www.europesays.com\/fr\/wp-json\/wp\/v2\/types\/post"}],"author":[{"embeddable":true,"href":"https:\/\/www.europesays.com\/fr\/wp-json\/wp\/v2\/users\/2"}],"replies":[{"embeddable":true,"href":"https:\/\/www.europesays.com\/fr\/wp-json\/wp\/v2\/comments?post=471760"}],"version-history":[{"count":0,"href":"https:\/\/www.europesays.com\/fr\/wp-json\/wp\/v2\/posts\/471760\/revisions"}],"wp:featuredmedia":[{"embeddable":true,"href":"https:\/\/www.europesays.com\/fr\/wp-json\/wp\/v2\/media\/113793"}],"wp:attachment":[{"href":"https:\/\/www.europesays.com\/fr\/wp-json\/wp\/v2\/media?parent=471760"}],"wp:term":[{"taxonomy":"category","embeddable":true,"href":"https:\/\/www.europesays.com\/fr\/wp-json\/wp\/v2\/categories?post=471760"},{"taxonomy":"post_tag","embeddable":true,"href":"https:\/\/www.europesays.com\/fr\/wp-json\/wp\/v2\/tags?post=471760"}],"curies":[{"name":"wp","href":"https:\/\/api.w.org\/{rel}","templated":true}]}}