{"id":471764,"date":"2025-10-18T05:49:14","date_gmt":"2025-10-18T05:49:14","guid":{"rendered":"https:\/\/www.europesays.com\/fr\/471764\/"},"modified":"2025-10-18T05:49:14","modified_gmt":"2025-10-18T05:49:14","slug":"80-ans-de-la-securite-sociale-les-jeunes-veulent-reprendre-le-flambeau","status":"publish","type":"post","link":"https:\/\/www.europesays.com\/fr\/471764\/","title":{"rendered":"80 ans de la S\u00e9curit\u00e9 sociale, les jeunes veulent reprendre le flambeau"},"content":{"rendered":"<p>            Par<br \/>\n        <strong><br \/>\n            <a href=\"https:\/\/actu.fr\/auteur\/metropoop\" title=\"Consulter tous les articles de R\u00e9daction M\u00e9tropolitain\" target=\"_blank\" rel=\"noopener\">R\u00e9daction M\u00e9tropolitain<\/a><br \/>\n        <\/strong><\/p>\n<p>        Publi\u00e9 le<\/p>\n<p>            17 oct. 2025 \u00e0 15h27        <\/p>\n<p>\u00ab\u00a0En 1948, les \u00e9tudiants g\u00e9raient eux-m\u00eames leur r\u00e9gime de S\u00e9cu.\u00a0\u00bb Cette phrase, l\u00e2ch\u00e9e par Francis Kessler, a fait lever quelques sourcils dans l\u2019amphith\u00e9\u00e2tre Urbain V. Il est 17h30, <strong>ce mercredi 15 octobre 2025<\/strong>, et la Facult\u00e9 de Droit de Montpellier bruisse d\u2019\u00e9changes autour d\u2019une institution aussi ancienne que centrale : la S\u00e9curit\u00e9 sociale, <strong>80 ans d\u00e9j\u00e0<\/strong>, et toujours en qu\u00eate de jeunesse.<\/p>\n<p>    <a href=\"https:\/\/www.google.com\/maps\/embed?pb=!1m18!1m12!1m3!1d23114.090373704526!2d3.8535167999999995!3d43.6011008!2m3!1f0!2f0!3f0!3m2!1i1024!2i768!4f13.1!3m3!1m2!1s0x12b6af0897fbccfd%3A0x6ff2a6b188e78eca!2sFaculty%20of%20Law%20and%20Political%20Science!5e0!3m2!1sen!2sfr!4v1760618817176!5m2!1sen!2sfr\" title=\"Ouvrie le lien\" target=\"_blank\" rel=\"noopener\">Cliquez ici pour visualiser le contenu<\/a><\/p>\n<p>La jeunesse, actrice m\u00e9connue d\u2019une histoire collective<\/p>\n<p class=\" wall-content\">La premi\u00e8re table ronde, anim\u00e9e par Julien Damon, replonge la salle en 1945. La guerre s\u2019ach\u00e8ve, la France se rel\u00e8ve, la S\u00e9curit\u00e9 sociale na\u00eet. Mais \u00e0 l\u2019\u00e9poque, les \u00e9tudiants n\u2019existent pas encore comme cat\u00e9gorie. \u00ab\u00a0Trop \u00e2g\u00e9s pour d\u00e9pendre de leurs parents, pas encore salari\u00e9s\u00a0\u00bb, r\u00e9sume Francis Kessler, ma\u00eetre de conf\u00e9rences \u00e9m\u00e9rite \u00e0 la Sorbonne. <strong>En 1948<\/strong>, un pas d\u00e9cisif est franchi : le Parlement cr\u00e9e le r\u00e9gime \u00e9tudiant de S\u00e9curit\u00e9 sociale, g\u00e9r\u00e9 directement par les jeunes eux-m\u00eames. Une premi\u00e8re mondiale. \u00ab\u00a0C\u2019\u00e9tait un symbole d\u2019autonomie, une forme d\u2019\u00e9mancipation\u00a0\u00bb, souligne Philippe Trotabas, directeur de la CPAM de l\u2019H\u00e9rault. Pendant plusieurs d\u00e9cennies, le syst\u00e8me fonctionne bien.<\/p>\n<p class=\" wall-content\">Mais les promesses s\u2019effritent <strong>\u00e0 partir des ann\u00e9es 1990 :<\/strong> lourdeurs administratives, retards, scandales. Le r\u00e9gime s\u2019essouffle. <a href=\"https:\/\/www.assurance-maladie.ameli.fr\/presse\/2019-07-08-cp-fin-regime-securite-sociale-etudiant-sept-2019\" target=\"_blank\" rel=\"noopener\">La loi de 2018 acte sa disparition.<\/a> \u00ab\u00a0Ce fut pourtant une r\u00e9forme r\u00e9ussie\u00a0\u00bb, note Philippe Trotabas, qui y voit un mod\u00e8le de concertation. \u00ab\u00a0On a int\u00e9gr\u00e9 plus de 500 salari\u00e9s, simplifi\u00e9 les d\u00e9marches, supprim\u00e9 la cotisation annuelle de 217 euros.\u00a0\u00bb Pour autant, la jeunesse n\u2019a pas disparu du radar social. St\u00e9phanie Demaret, directrice de l\u2019UGECAM (Union pour la gestion des \u00e9tablissements des caisses de l\u2019Assurance Maladie) Occitanie, insiste sur la sant\u00e9 mentale : \u00ab\u00a0Les jeunes sont la premi\u00e8re courbe de fragilit\u00e9. <a href=\"https:\/\/santepsy.etudiant.gouv.fr\" target=\"_blank\" rel=\"noopener\">Le dispositif \u2018Sant\u00e9 Psy \u00c9tudiant<\/a>\u2018 permet aujourd\u2019hui un acc\u00e8s facilit\u00e9 \u00e0 des psychologues.\u00a0\u00bb Elle \u00e9voque aussi les jeunes en situation de handicap : 27 % d\u00e9clarent des limitations physiques ou psychologiques, mais seuls 5 % b\u00e9n\u00e9ficient d\u2019un accompagnement adapt\u00e9.<\/p>\n<p>Acc\u00e8s, droits et usage : les jeunes face \u00e0 la S\u00e9curit\u00e9 sociale d\u2019aujourd\u2019hui<\/p>\n<p class=\" wall-content\">La deuxi\u00e8me table ronde r\u00e9unit Anne-Sophie Ginon, Laurianne Enjolras, Jessica Attali-Colas, Yannis Boukari, Manon Sauter et \u00c9ric Michon. Objectif : explorer le rapport actuel des jeunes \u00e0 la protection sociale. Pour \u00c9ric Michon, directeur de la Carsat (Caisse d\u2019assurance retraite et de la sant\u00e9 au travail) Languedoc-Roussillon, le constat est clair : \u00ab\u00a025 % des accidents du travail surviennent pendant les six premiers mois d\u2019emploi. La pr\u00e9vention doit donc commencer d\u00e8s la formation.\u00a0\u00bb Une phrase qui r\u00e9sonne, tant elle touche la jeunesse au moment pr\u00e9cis o\u00f9 elle entre dans la vie active.<\/p>\n<p>Vid\u00e9os : en ce moment sur Actu<\/p>\n<p class=\" wall-content\">Manon Sauter, fondatrice de Famille Sant\u00e9, application pour rem\u00e9dier au manque de m\u00e9decins et de sp\u00e9cialistes dans le d\u00e9partement, parle de son exp\u00e9rience personnelle. Son fils a eu un traumatisme dentaire \u00e0 18 mois. Impossible de trouver un sp\u00e9cialiste avant trois semaines. \u00ab\u00a0Cette attente, c\u2019est aussi \u00e7a, notre syst\u00e8me.\u00a0\u00bb Son t\u00e9moignage illustre une r\u00e9alit\u00e9 : l\u2019acc\u00e8s aux soins reste un d\u00e9fi quotidien. Les jeunes doutent \u00e9galement du syst\u00e8me de retraite. \u00ab\u00a0Ils n\u2019y croient plus\u00a0\u00bb, admet Jessica Attali-Colas, ma\u00eetre de conf\u00e9rences \u00e0 Lyon 3. \u00ab\u00a0On leur a dit qu\u2019ils n\u2019en profiteraient pas. R\u00e9sultat, la confiance s\u2019effrite.\u00a0\u00bb<\/p>\n<p class=\" wall-content\">Pour Yannis Boukari, entrepreneur, la m\u00e9fiance vient aussi du d\u00e9calage entre les dispositifs et les besoins : \u00ab\u00a0Beaucoup de jeunes ignorent leurs droits, d\u2019autres refusent par peur d\u2019\u00eatre stigmatis\u00e9s.\u00a0\u00bb Laurianne Enjolras, ma\u00eetre de conf\u00e9rences en droit priv\u00e9 \u00e0 l\u2019universit\u00e9 de Montpellier, compl\u00e8te : \u00ab\u00a0La jeunesse n\u2019est pas une cat\u00e9gorie juridique. C\u2019est une p\u00e9riode de transition, entre \u00e9tudes, stages, emplois pr\u00e9caires. La S\u00e9curit\u00e9 sociale doit s\u2019adapter \u00e0 cette r\u00e9alit\u00e9 mouvante.\u00a0\u00bb<\/p>\n<p>Votre r\u00e9gion, votre actu !<\/p>\n<p>Recevez chaque jour les infos qui comptent pour vous.<\/p>\n<p>\t<a href=\"https:\/\/actu.fr\/newsletter\" class=\"ac-btn ac-btn--corner ac-btn--medium ac-btn--blue800\" target=\"_blank\" rel=\"noopener\">S&rsquo;incrire<\/a><\/p>\n<p>    <img   decoding=\"async\" loading=\"lazy\" src=\"https:\/\/www.europesays.com\/fr\/wp-content\/uploads\/2025\/10\/tempimageii23ck-960x640.jpg\" alt=\"Dans l\u2019amphith\u00e9\u00e2tre Urbain V, les d\u00e9bats ont m\u00eal\u00e9 souvenirs, constats et propositions pour une solidarit\u00e9 plus moderne.\" width=\"960\" height=\"640\"\/><br \/>\n    Dans l\u2019amphith\u00e9\u00e2tre Urbain V, les d\u00e9bats ont m\u00eal\u00e9 souvenirs, constats et propositions pour une solidarit\u00e9 plus moderne. (\u00a9M\u00e9tropolitain \/ LP)R\u00e9inventer la solidarit\u00e9 : la S\u00e9curit\u00e9 sociale de demain<\/p>\n<p class=\" wall-content\">Troisi\u00e8me temps fort de la soir\u00e9e : la projection vers l\u2019avenir. Sophie S\u00e9lusi, Philippe Coursier, Romain Mari\u00e9, Thierry Mathieu et Marie-Agn\u00e8s Garcia d\u00e9battent d\u2019une question simple : comment rendre la S\u00e9curit\u00e9 sociale durable, inclusive et compr\u00e9hensible pour les jeunes ?<\/p>\n<p class=\" wall-content\">Sophie S\u00e9lusi, ma\u00eetre de conf\u00e9rences de droit priv\u00e9 et sciences criminelles \u00e0 Montpellier, pr\u00e9sente une enqu\u00eate men\u00e9e aupr\u00e8s d\u2019\u00e9tudiants. Deux tiers disent avoir entendu parler de la S\u00e9curit\u00e9 sociale \u00e0 l\u2019\u00e9cole, mais seuls quelques-uns affirment bien la conna\u00eetre. Un quart l\u2019ont d\u00e9couverte \u00ab\u00a0par hasard\u00a0\u00bb. \u00ab\u00a0Cela montre que la sensibilisation institutionnelle reste incompl\u00e8te.\u00a0\u00bb Pourtant, <strong>60 % des jeunes<\/strong> se disent pr\u00eats \u00e0 cotiser pour des prestations dont ils ne b\u00e9n\u00e9ficieraient pas : la solidarit\u00e9 continue de faire sens. Les \u00e9tudiants r\u00e9clament plus de p\u00e9dagogie, des vid\u00e9os courtes, des outils num\u00e9riques. \u00ab\u00a0Ils veulent comprendre et participer.\u00a0\u00bb La transition \u00e9cologique arrive aussi en t\u00eate de leurs priorit\u00e9s : six jeunes sur dix estiment qu\u2019elle doit devenir un pilier de la S\u00e9curit\u00e9 sociale.<\/p>\n<p class=\" wall-content\">Marie-Agn\u00e8s Garcia, directrice de la MSA du Languedoc, insiste sur l\u2019importance du lien territorial. \u00ab\u00a0La mutualit\u00e9 agricole suit ses adh\u00e9rents de la naissance \u00e0 la retraite. Elle relie toutes les branches du syst\u00e8me. Mais il faut renouveler la gouvernance, faire entrer des jeunes dans nos instances locales.\u00a0\u00bb M\u00eame ton du c\u00f4t\u00e9 de Thierry Mathieu, directeur de la CAF de l\u2019H\u00e9rault. Il raconte, sourire aux l\u00e8vres : \u00ab\u00a0Quand j\u2019\u00e9tais \u00e9tudiant ici, \u00e0 Montpellier, je ne savais pas que la CAF pouvait m\u2019aider pour mon loyer.\u00a0\u00bb Aujourd\u2019hui, les allocations logement concernent massivement les jeunes. La CAF d\u00e9veloppe aussi des applications et des d\u00e9marches simplifi\u00e9es : \u00ab\u00a0C\u2019est bien, mais ce n\u2019est jamais simple\u00a0\u00bb, glisse-t-il, amus\u00e9.<\/p>\n<blockquote class=\"ac-article-quote wall-content\">\n<p>\u00ab\u00a0La mutualit\u00e9 agricole suit ses adh\u00e9rents de la naissance \u00e0 la retraite. Elle relie toutes les branches du syst\u00e8me. Mais il faut renouveler la gouvernance, faire entrer des jeunes dans nos instances locales\u00a0\u00bb<\/p>\n<p>    <strong>Marie-Agn\u00e8s Garcia<\/strong><br \/>\n        Directrice de la MSA du Languedoc    <\/p><\/blockquote>\n<p class=\" wall-content\">En deux heures d\u2019\u00e9changes, une certitude s\u2019impose : la jeunesse ne rejette pas la S\u00e9curit\u00e9 sociale. Elle veut la comprendre, la moderniser, la relier \u00e0 ses enjeux. Num\u00e9rique, \u00e9cologie, sant\u00e9 mentale, inclusion : autant de chantiers \u00e0 ouvrir pour que le pacte social de 1945 continue de vivre.<\/p>\n<p class=\" wall-content\">Personnalisez votre actualit\u00e9 en ajoutant vos villes et m\u00e9dias en favori avec <a href=\"https:\/\/moncompte.actu.fr\" title=\"D\u00e9couvez Mon Actu\" rel=\"nofollow noopener\" data-trk=\"{&quot;cta&quot;:{&quot;action&quot;:&quot;https:\\\/\\\/moncompte.actu.fr&quot;,&quot;category&quot;:&quot;mon compte&quot;,&quot;from&quot;:&quot;article footer&quot;,&quot;name&quot;:&quot;Mon actu&quot;,&quot;type&quot;:&quot;cta&quot;}}\" target=\"_blank\">Mon Actu<\/a>.<\/p>\n","protected":false},"excerpt":{"rendered":"Par R\u00e9daction M\u00e9tropolitain Publi\u00e9 le 17 oct. 2025 \u00e0 15h27 \u00ab\u00a0En 1948, les \u00e9tudiants g\u00e9raient eux-m\u00eames leur r\u00e9gime&hellip;\n","protected":false},"author":2,"featured_media":471765,"comment_status":"","ping_status":"","sticky":false,"template":"","format":"standard","meta":{"footnotes":""},"categories":[9599],"tags":[1111,11,1777,674,1011,27,2208,12,2680,11090,25,731,104,3400],"class_list":{"0":"post-471764","1":"post","2":"type-post","3":"status-publish","4":"format-standard","5":"has-post-thumbnail","7":"category-montpellier","8":"tag-actu","9":"tag-actualites","10":"tag-eu","11":"tag-europe","12":"tag-fr","13":"tag-france","14":"tag-montpellier","15":"tag-news","16":"tag-occitanie","17":"tag-precarite-etudiante","18":"tag-republique-francaise","19":"tag-securite-sociale","20":"tag-societe","21":"tag-solidarite"},"share_on_mastodon":{"url":"https:\/\/pubeurope.com\/@fr\/115393604647229738","error":""},"_links":{"self":[{"href":"https:\/\/www.europesays.com\/fr\/wp-json\/wp\/v2\/posts\/471764","targetHints":{"allow":["GET"]}}],"collection":[{"href":"https:\/\/www.europesays.com\/fr\/wp-json\/wp\/v2\/posts"}],"about":[{"href":"https:\/\/www.europesays.com\/fr\/wp-json\/wp\/v2\/types\/post"}],"author":[{"embeddable":true,"href":"https:\/\/www.europesays.com\/fr\/wp-json\/wp\/v2\/users\/2"}],"replies":[{"embeddable":true,"href":"https:\/\/www.europesays.com\/fr\/wp-json\/wp\/v2\/comments?post=471764"}],"version-history":[{"count":0,"href":"https:\/\/www.europesays.com\/fr\/wp-json\/wp\/v2\/posts\/471764\/revisions"}],"wp:featuredmedia":[{"embeddable":true,"href":"https:\/\/www.europesays.com\/fr\/wp-json\/wp\/v2\/media\/471765"}],"wp:attachment":[{"href":"https:\/\/www.europesays.com\/fr\/wp-json\/wp\/v2\/media?parent=471764"}],"wp:term":[{"taxonomy":"category","embeddable":true,"href":"https:\/\/www.europesays.com\/fr\/wp-json\/wp\/v2\/categories?post=471764"},{"taxonomy":"post_tag","embeddable":true,"href":"https:\/\/www.europesays.com\/fr\/wp-json\/wp\/v2\/tags?post=471764"}],"curies":[{"name":"wp","href":"https:\/\/api.w.org\/{rel}","templated":true}]}}