{"id":471766,"date":"2025-10-18T05:50:24","date_gmt":"2025-10-18T05:50:24","guid":{"rendered":"https:\/\/www.europesays.com\/fr\/471766\/"},"modified":"2025-10-18T05:50:24","modified_gmt":"2025-10-18T05:50:24","slug":"montpellier-lens-cest-aussi-un-duel-de-d1-feminine-et-loccasion-pour-le-mhsc-de-prendre-son-elan","status":"publish","type":"post","link":"https:\/\/www.europesays.com\/fr\/471766\/","title":{"rendered":"Montpellier \u2013 Lens, c\u2019est aussi un duel de D1 f\u00e9minine et l\u2019occasion pour le MHSC de prendre son \u00e9lan"},"content":{"rendered":"<p>\n                                                                Arkema Premi\u00e8re Ligue. 5e j. Montpellier\u00a0re\u00e7oit Lens \u00e0 Grammont ce samedi 18\u00a0octobre, \u00e0 17\u00a0h.\n                            <\/p>\n<p>Apr\u00e8s avoir subi trois revers \u00e0 la suite dans l\u2019entame du championnat de France (Fleury, Dijon, Le\u00a0Havre) avec le sentiment d\u2019avoir mal \u00e9t\u00e9 r\u00e9compens\u00e9es, les Montpelli\u00e9raines se sont remises la t\u00eate \u00e0 l\u2019endroit, d\u2019abord face \u00e0 Strasbourg puis en coupe de la Ligue samedi dernier \u00e0 Toulouse. Et c\u2019est sur cette continuit\u00e9 que l\u2019entra\u00eeneur h\u00e9raultais, Yannick Chandioux, a ax\u00e9 sa semaine de travail. \u00ab\u00a0Continuer \u00e0 progresser\u00a0\u00bb, m\u00eame s\u2019il est contraint ce samedi \u00e0 des changements sur le terrain. Notamment en d\u00e9fense, secteur d\u00e9j\u00e0 impact\u00e9 par les d\u00e9parts de ses cadres cet \u00e9t\u00e9, Boureille et Deslandes, et qui a vu la lat\u00e9rale Kethna Louis sortir sur blessure (fracture de fatigue) face \u00e0 Strasbourg. C\u2019est un autre mot que le MHSC a enregistr\u00e9\u00a0: s\u2019adapter, comme le rappelle la milieu Ella Palis qui est descendue d\u2019un cran dans la composition de son \u00e9quipe. \u00ab\u00a0L\u2019important pour moi, c\u2019est de jouer, ce n\u2019est pas un probl\u00e8me personnellement, souligne la Montpelli\u00e9raine arriv\u00e9e au club la saison derni\u00e8re. On prend beaucoup de plaisir \u00e0 jouer ensemble. On a une \u00e9quipe pas mal remani\u00e9e, il y a eu un peu d\u2019adaptation au niveau des postes mais on avance toutes dans la m\u00eame direction et c\u2019est le plus important. Toutes sont \u00e0 l\u2019\u00e9coute, ont envie de travailler.\u00a0\u00bb<\/p>\n<p>\u00ab\u00a0Notre propre adversaire, c\u2019est nous-m\u00eames\u00a0\u00bb<\/p>\n<p>Comme le rappelle Yannick Chandioux, la coupe de la Ligue samedi dernier a permis \u00ab\u00a0de mettre en place des petites rotations, faire souffler, instaurer de la concurrence m\u00eame si le groupe est petit, avec deux joueuses qui ont d\u00e9but\u00e9 \u00e0 ce niveau\u2026 \u00c7a veut dire qu\u2019on peut aller chercher un peu plus loin dans le groupe des \u00e9l\u00e9ments en capacit\u00e9 de jouer.\u00a0\u00bb<br \/>Face au promu lensois, qui n\u2019a pris qu\u2019un point en quatre journ\u00e9es, le MHSC n\u2019est qu\u2019\u00e0 deux longueurs et serait bien inspir\u00e9 de prendre ses distances, m\u00eame si son coach pr\u00e9vient\u00a0: \u00ab\u00a0C\u2019est une \u00e9quipe qui a cr\u00e9\u00e9 du danger contre tout le monde, il faudra se montrer vigilent, \u00eatre concentr\u00e9 sur les phases de transition car c\u2019est une \u00e9quipe qui se projette rapidement, qui propose un d\u00e9fi athl\u00e9tique. \u00c0 nous de le relever.\u2005\u00a0\u00bb\u00a0Et comme l\u2019indique Ella Palis, \u00ab\u00a0le plus important, c\u2019est nous. On a peut-\u00eatre eu un d\u00e9but un peu compliqu\u00e9 mais on s\u2019adapte en tout cas. Il faut continuer. On sait que notre propre adversaire, c\u2019est nous-m\u00eames.\u00a0\u00bb<\/p>\n<p><img decoding=\"async\" alt=\"\" src=\"https:\/\/www.europesays.com\/fr\/wp-content\/uploads\/2025\/10\/08406c598d420bfb4db483fa736c5808.png\" title=\"Archives  FFF\"\/><\/p>\n","protected":false},"excerpt":{"rendered":"Arkema Premi\u00e8re Ligue. 5e j. Montpellier\u00a0re\u00e7oit Lens \u00e0 Grammont ce samedi 18\u00a0octobre, \u00e0 17\u00a0h. Apr\u00e8s avoir subi trois&hellip;\n","protected":false},"author":2,"featured_media":471767,"comment_status":"","ping_status":"","sticky":false,"template":"","format":"standard","meta":{"footnotes":""},"categories":[9599],"tags":[1111,11,1777,674,1011,27,2208,12,2680,25],"class_list":{"0":"post-471766","1":"post","2":"type-post","3":"status-publish","4":"format-standard","5":"has-post-thumbnail","7":"category-montpellier","8":"tag-actu","9":"tag-actualites","10":"tag-eu","11":"tag-europe","12":"tag-fr","13":"tag-france","14":"tag-montpellier","15":"tag-news","16":"tag-occitanie","17":"tag-republique-francaise"},"share_on_mastodon":{"url":"https:\/\/pubeurope.com\/@fr\/115393608929076324","error":""},"_links":{"self":[{"href":"https:\/\/www.europesays.com\/fr\/wp-json\/wp\/v2\/posts\/471766","targetHints":{"allow":["GET"]}}],"collection":[{"href":"https:\/\/www.europesays.com\/fr\/wp-json\/wp\/v2\/posts"}],"about":[{"href":"https:\/\/www.europesays.com\/fr\/wp-json\/wp\/v2\/types\/post"}],"author":[{"embeddable":true,"href":"https:\/\/www.europesays.com\/fr\/wp-json\/wp\/v2\/users\/2"}],"replies":[{"embeddable":true,"href":"https:\/\/www.europesays.com\/fr\/wp-json\/wp\/v2\/comments?post=471766"}],"version-history":[{"count":0,"href":"https:\/\/www.europesays.com\/fr\/wp-json\/wp\/v2\/posts\/471766\/revisions"}],"wp:featuredmedia":[{"embeddable":true,"href":"https:\/\/www.europesays.com\/fr\/wp-json\/wp\/v2\/media\/471767"}],"wp:attachment":[{"href":"https:\/\/www.europesays.com\/fr\/wp-json\/wp\/v2\/media?parent=471766"}],"wp:term":[{"taxonomy":"category","embeddable":true,"href":"https:\/\/www.europesays.com\/fr\/wp-json\/wp\/v2\/categories?post=471766"},{"taxonomy":"post_tag","embeddable":true,"href":"https:\/\/www.europesays.com\/fr\/wp-json\/wp\/v2\/tags?post=471766"}],"curies":[{"name":"wp","href":"https:\/\/api.w.org\/{rel}","templated":true}]}}