{"id":471770,"date":"2025-10-18T05:54:09","date_gmt":"2025-10-18T05:54:09","guid":{"rendered":"https:\/\/www.europesays.com\/fr\/471770\/"},"modified":"2025-10-18T05:54:09","modified_gmt":"2025-10-18T05:54:09","slug":"15-ans-de-reclusion-criminelle","status":"publish","type":"post","link":"https:\/\/www.europesays.com\/fr\/471770\/","title":{"rendered":"15 ans de r\u00e9clusion criminelle"},"content":{"rendered":"<p itemprop=\"description\"><strong>Ce vendredi soir, le verdict est tomb\u00e9e pour Laura A., une jeune femme de 24 ans jug\u00e9e \u00e0 Grenoble pour tentative d&rsquo;assassinat.<\/strong><\/p>\n<p>Une peine de 15 ans de r\u00e9clusion criminelle a \u00e9t\u00e9 prononc\u00e9e \u00e0 son encontre, car la d\u00e9fense a r\u00e9ussi \u00e0 convaincre les juges que l&rsquo;acte n&rsquo;\u00e9tait pas pr\u00e9m\u00e9dit\u00e9. D&rsquo;o\u00f9 la condamnation moins lourde que les 20 ans de prison r\u00e9clam\u00e9s par le parquet.<\/p>\n<p>Jug\u00e9e depuis mercredi devant la cour d&rsquo;assises de l&rsquo;Is\u00e8re, Laura A. devait r\u00e9pondre des faits de tentative d&rsquo;assassinat sur sa meilleure amie le 4 mai 2022. Les deux femmes \u00e9taient all\u00e9es \u00e0 Champagnier dans un champ. Mais l&rsquo;accus\u00e9e avait alors utilis\u00e9 une arme \u00e0 feu et avait tir\u00e9 \u00e0 plusieurs reprises sur sa victime, la laissant pour morte.<\/p>\n<p>Cette derni\u00e8re avait finalement \u00e9t\u00e9 d\u00e9couverte par des randonneurs et avait surv\u00e9cu \u00e0 ses graves blessures sur tout le corps, en gardant toutefois de s\u00e9rieuses s\u00e9quelles physiques et mentales.<\/p>\n<p>Au proc\u00e8s, on a compris que les deux femmes avaient une relation ambig\u00fce, et que Laura n&rsquo;avait pas support\u00e9 qu&rsquo;elle lui \u00e9chappe.<\/p>\n<p>Le fait que l&rsquo;arme avait \u00e9t\u00e9 montr\u00e9e \u00e0 la victime, et qu&rsquo;elles avaient cherch\u00e9 ensemble sur YouTube comment enlever le cran de s\u00e9curit\u00e9, ont convaincu les juges et les jur\u00e9s que l&rsquo;accus\u00e9 n&rsquo;avait pas planifi\u00e9 \u00e0 l&rsquo;avance de retourner le pistolet contre son amie.<\/p>\n","protected":false},"excerpt":{"rendered":"Ce vendredi soir, le verdict est tomb\u00e9e pour Laura A., une jeune femme de 24 ans jug\u00e9e \u00e0&hellip;\n","protected":false},"author":2,"featured_media":471771,"comment_status":"","ping_status":"","sticky":false,"template":"","format":"standard","meta":{"footnotes":""},"categories":[9566],"tags":[1111,11,7733,8279,2430,7736,650,7734,2889,2263,1777,674,1011,27,2731,8280,6417,1114,108,4662,12,3725,1825,25,7737],"class_list":{"0":"post-471770","1":"post","2":"type-post","3":"status-publish","4":"format-standard","5":"has-post-thumbnail","7":"category-grenoble","8":"tag-actu","9":"tag-actualites","10":"tag-alpes","11":"tag-alpes1","12":"tag-auvergne-rhone-alpes","13":"tag-cds","14":"tag-cinema","15":"tag-ecoute","16":"tag-emission","17":"tag-equipe","18":"tag-eu","19":"tag-europe","20":"tag-fr","21":"tag-france","22":"tag-grenoble","23":"tag-haute","24":"tag-information","25":"tag-infos","26":"tag-isere","27":"tag-journal","28":"tag-news","29":"tag-podcast","30":"tag-radio","31":"tag-republique-francaise","32":"tag-winamp"},"share_on_mastodon":{"url":"https:\/\/pubeurope.com\/@fr\/115393623680948344","error":""},"_links":{"self":[{"href":"https:\/\/www.europesays.com\/fr\/wp-json\/wp\/v2\/posts\/471770","targetHints":{"allow":["GET"]}}],"collection":[{"href":"https:\/\/www.europesays.com\/fr\/wp-json\/wp\/v2\/posts"}],"about":[{"href":"https:\/\/www.europesays.com\/fr\/wp-json\/wp\/v2\/types\/post"}],"author":[{"embeddable":true,"href":"https:\/\/www.europesays.com\/fr\/wp-json\/wp\/v2\/users\/2"}],"replies":[{"embeddable":true,"href":"https:\/\/www.europesays.com\/fr\/wp-json\/wp\/v2\/comments?post=471770"}],"version-history":[{"count":0,"href":"https:\/\/www.europesays.com\/fr\/wp-json\/wp\/v2\/posts\/471770\/revisions"}],"wp:featuredmedia":[{"embeddable":true,"href":"https:\/\/www.europesays.com\/fr\/wp-json\/wp\/v2\/media\/471771"}],"wp:attachment":[{"href":"https:\/\/www.europesays.com\/fr\/wp-json\/wp\/v2\/media?parent=471770"}],"wp:term":[{"taxonomy":"category","embeddable":true,"href":"https:\/\/www.europesays.com\/fr\/wp-json\/wp\/v2\/categories?post=471770"},{"taxonomy":"post_tag","embeddable":true,"href":"https:\/\/www.europesays.com\/fr\/wp-json\/wp\/v2\/tags?post=471770"}],"curies":[{"name":"wp","href":"https:\/\/api.w.org\/{rel}","templated":true}]}}