{"id":471776,"date":"2025-10-18T05:57:27","date_gmt":"2025-10-18T05:57:27","guid":{"rendered":"https:\/\/www.europesays.com\/fr\/471776\/"},"modified":"2025-10-18T05:57:27","modified_gmt":"2025-10-18T05:57:27","slug":"video-non-cette-operation-spectaculaire-de-la-douane-bretonne-sur-la-rocade-de-rennes-na-jamais-eu-lieu","status":"publish","type":"post","link":"https:\/\/www.europesays.com\/fr\/471776\/","title":{"rendered":"VIDEO. Non, cette op\u00e9ration spectaculaire de la \u201cdouane bretonne\u201d sur la rocade de Rennes n\u2019a jamais eu lieu"},"content":{"rendered":"<p class=\"article__intro\">Plus de deux millions de vues pour une vid\u00e9o\u2026 totalement trompeuse. Non, il ne s\u2019agit pas d\u2019une saisie d\u2019explosifs ou de drogue sur la rocade de Rennes, mais d\u2019une intervention de la police militaire br\u00e9silienne. D\u00e9cryptage.<\/p>\n<p>\n      L\u2019actu des r\u00e9gions\n    <\/p>\n<p>\n      Chaque jour, un tour d\u2019horizon des principales infos de toutes les r\u00e9gions.\n    <\/p>\n<p>    France T\u00e9l\u00e9visions utilise votre adresse e-mail afin de vous envoyer la newsletter \u00ab\u00a0L\u2019actu des r\u00e9gions\u00a0\u00bb. Vous pouvez vous d\u00e9sinscrire \u00e0 tout moment via le lien en bas de cette newsletter. <a target=\"_blank\" href=\"https:\/\/www.francetelevisions.fr\/groupe\/confidentialite\/politique-de-confidentialite\/politique-de-confidentialite-de-france-televisions-6503\" rel=\"nofollow noopener\">Notre politique de confidentialit\u00e9<\/a><\/p>\n<p>Encore une vid\u00e9o virale qui affole les r\u00e9seaux. Sur TikTok et Facebook, des images impressionnantes circulent depuis plusieurs jours : on y voit un camion intercept\u00e9 par des agents arm\u00e9s, avec cette l\u00e9gende qui frappe fort : <a href=\"https:\/\/www.facebook.com\/reel\/1141534831462669\" target=\"_blank\" rel=\"noopener noreferrer nofollow\" data-tooltip-url=\"https:\/\/www.facebook.com\/reel\/1141534831462669\">\u00ab\u00a0Rocade de Rennes, intervention\u00a0\u00bb. (lien de la vid\u00e9o)<\/a><\/p>\n<p>Le message laisse croire \u00e0 une op\u00e9ration d\u2019envergure, avec saisie de stup\u00e9fiants ou d\u2019explosifs, sous un pont de la rocade de Rennes. Plus de 2 millions de vues, et des milliers de commentaires plus tard, la rumeur enfle.<\/p>\n<p>Il faut dire que le contexte local s\u2019y pr\u00eate : la capitale bretonne a connu ces derniers mois <a href=\"https:\/\/france3-regions.franceinfo.fr\/bretagne\/ille-et-vilaine\/rennes\/un-homme-blesse-apres-des-coups-de-feu-dans-un-quartier-de-rennes-3233033.html\" target=\"_blank\" rel=\"noopener noreferrer nofollow\" data-tooltip-url=\"https:\/\/france3-regions.franceinfo.fr\/bretagne\/ille-et-vilaine\/rennes\/un-homme-blesse-apres-des-coups-de-feu-dans-un-quartier-de-rennes-3233033.html\">plusieurs fusillades<\/a> li\u00e9es aux trafics de drogue. Alors forc\u00e9ment, une \u201cop\u00e9ration spectaculaire\u201d de la douane sur la rocade, \u00e7a attire l\u2019\u0153il\u2026 et \u00e7a clique.<\/p>\n<p>Sauf qu\u2019ici, rien n\u2019est vrai.<\/p>\n<p>L\u2019auteur de la publication ?<a href=\"https:\/\/www.tiktok.com\/discover\/vivien-roulin\" target=\"_blank\" rel=\"noopener noreferrer nofollow\" data-tooltip-url=\"https:\/\/www.tiktok.com\/discover\/vivien-roulin\"> Vivien Roulin, un influenceur breton<\/a> suivi pour\u2026 ses vid\u00e9os de r\u00e9novation \u00e9cologique. Il vit \u00e0 Plo\u00ebrmel (Morbihan), o\u00f9 il documente sur TikTok les travaux de sa long\u00e8re et son potager en permaculture.<\/p>\n<p>Un profil a priori \u00e9loign\u00e9 des enqu\u00eates de police ou du narcotrafic. Autre d\u00e9tail troublant : la vid\u00e9o ne vient m\u00eame pas de son compte principal (330 000 abonn\u00e9s), mais d\u2019un compte secondaire Facebook, alternant contenus de chantier et vid\u00e9os virales. Premi\u00e8re alerte.<\/p>\n<p>Regardons maintenant la vid\u00e9o de plus pr\u00e8s.<\/p>\n<p>Les inscriptions sur la b\u00e2che du camion sont invers\u00e9es : la s\u00e9quence a \u00e9t\u00e9 retourn\u00e9e en mode miroir. Autrement dit, il s\u2019agit d\u00e9j\u00e0 d\u2019un repost manipul\u00e9.<\/p>\n<p>En stoppant l\u2019image \u00e0 la premi\u00e8re seconde, on distingue un v\u00e9hicule noir et jaune, marqu\u00e9 d\u2019une inscription claire : \u201cPol\u00edcia Militar\u201d.<\/p>\n<p><a data-article-figure=\"\" href=\"https:\/\/france3-regions.franceinfo.fr\/image\/2evDjv0GU6Nul7-j-a-fj-qbsKc\/1920x1080\/regions\/2025\/10\/17\/recadrage-photo-verticale-41-68f259142ecaa473407199.png\" data-pswp-width=\"1920\" data-pswp-height=\"1080\" target=\"_blank\" rel=\"nofollow noopener\"><\/p>\n<p>          <img width=\"600\" height=\"400\" class=\"article-image lazy\" data-src=\"https:\/\/www.europesays.com\/fr\/wp-content\/uploads\/2025\/10\/recadrage-photo-verticale-41-68f259142ecaa473407199.png\" alt=\"Image arr\u00eat\u00e9e de la premi\u00e8re seconde de la vid\u00e9o\" fetchpriority=\"high\" as=\"image\"\/><\/p>\n<p>\n            Image arr\u00eat\u00e9e de la premi\u00e8re seconde de la vid\u00e9o<br \/>\n                           \u2022<br \/>\n                                      \u00a9 Benoit Thibaut &#8211; France T\u00e9l\u00e9visions\n                      <\/p>\n<p><\/a><\/p>\n<p>Ce n\u2019est pas fran\u00e7ais, mais portugais. Et plus pr\u00e9cis\u00e9ment : br\u00e9silien. Les uniformes des agents, leurs casques, leurs armes, tout correspond \u00e0 ceux des forces de s\u00e9curit\u00e9 du Br\u00e9sil, pas aux douaniers ou policiers fran\u00e7ais.<\/p>\n<p>Une simple recherche invers\u00e9e sur Google Images suffit \u00e0 confirmer l\u2019origine r\u00e9elle de la s\u00e9quence.<\/p>\n<p>La m\u00eame vid\u00e9o appara\u00eet sur Instagram, publi\u00e9e le 27 juin 2025 par un compte sp\u00e9cialis\u00e9 dans <a href=\"https:\/\/www.instagram.com\/p\/DLak0IkPyt_\/\" target=\"_blank\" rel=\"noopener noreferrer nofollow\" data-tooltip-url=\"https:\/\/www.instagram.com\/p\/DLak0IkPyt_\/\">les vid\u00e9os populaires au Br\u00e9sil : @el.informativo <\/a>et reprise par <a href=\"https:\/\/www.instagram.com\/reel\/DLaWyBwBkZv\/?hl=zh-cn\" target=\"_blank\" rel=\"noopener noreferrer nofollow\" data-tooltip-url=\"https:\/\/www.instagram.com\/reel\/DLaWyBwBkZv\/?hl=zh-cn\">un compte similaire @babypooc1<\/a><\/p>\n<p>Une autre version circule m\u00eame depuis <a href=\"https:\/\/www.facebook.com\/reel\/1376871143551982\" target=\"_blank\" rel=\"noopener noreferrer nofollow\" data-tooltip-url=\"https:\/\/www.facebook.com\/reel\/1376871143551982\">d\u00e9but juin sur une page nomm\u00e9e \u201cAngela News 24h\u201d<\/a>.<\/p>\n<p>Bref, l\u2019action se d\u00e9roule bien \u00e0 des milliers de kilom\u00e8tres de la rocade de Rennes et bien loin de notre mois d&rsquo;octobre.<\/p>\n<p>Un camion, des armes, des uniformes : la recette parfaite pour buzzer. Mais une simple v\u00e9rification, le nom du compte, la langue visible \u00e0 l\u2019\u00e9cran, une recherche d\u2019image, permettait de d\u00e9monter cette fausse info en moins de deux minutes.<\/p>\n<p>\u00c0 retenir : plus c\u2019est spectaculaire, moins c\u2019est cr\u00e9dible.<\/p>\n<p>Avant de partager, prenez quelques secondes pour v\u00e9rifier : qui publie ? o\u00f9 a \u00e9t\u00e9 tourn\u00e9e la vid\u00e9o ? \u00e0 quelle date ?<\/p>\n<p>Un r\u00e9flexe simple, mais essentiel pour \u00e9viter que la d\u00e9sinformation roule \u00e0 toute vitesse\u2026 sur la rocade de Rennes.<\/p>\n<p>  <script async src=\"\/\/www.instagram.com\/embed.js\"><\/script><script async src=\"\/\/www.tiktok.com\/embed.js\"><\/script><\/p>\n","protected":false},"excerpt":{"rendered":"Plus de deux millions de vues pour une vid\u00e9o\u2026 totalement trompeuse. Non, il ne s\u2019agit pas d\u2019une saisie&hellip;\n","protected":false},"author":2,"featured_media":471777,"comment_status":"","ping_status":"","sticky":false,"template":"","format":"standard","meta":{"footnotes":""},"categories":[2821],"tags":[1111,11,829,1777,674,1011,27,12,584,25],"class_list":{"0":"post-471776","1":"post","2":"type-post","3":"status-publish","4":"format-standard","5":"has-post-thumbnail","7":"category-rennes","8":"tag-actu","9":"tag-actualites","10":"tag-bretagne","11":"tag-eu","12":"tag-europe","13":"tag-fr","14":"tag-france","15":"tag-news","16":"tag-rennes","17":"tag-republique-francaise"},"share_on_mastodon":{"url":"https:\/\/pubeurope.com\/@fr\/115393635603039411","error":""},"_links":{"self":[{"href":"https:\/\/www.europesays.com\/fr\/wp-json\/wp\/v2\/posts\/471776","targetHints":{"allow":["GET"]}}],"collection":[{"href":"https:\/\/www.europesays.com\/fr\/wp-json\/wp\/v2\/posts"}],"about":[{"href":"https:\/\/www.europesays.com\/fr\/wp-json\/wp\/v2\/types\/post"}],"author":[{"embeddable":true,"href":"https:\/\/www.europesays.com\/fr\/wp-json\/wp\/v2\/users\/2"}],"replies":[{"embeddable":true,"href":"https:\/\/www.europesays.com\/fr\/wp-json\/wp\/v2\/comments?post=471776"}],"version-history":[{"count":0,"href":"https:\/\/www.europesays.com\/fr\/wp-json\/wp\/v2\/posts\/471776\/revisions"}],"wp:featuredmedia":[{"embeddable":true,"href":"https:\/\/www.europesays.com\/fr\/wp-json\/wp\/v2\/media\/471777"}],"wp:attachment":[{"href":"https:\/\/www.europesays.com\/fr\/wp-json\/wp\/v2\/media?parent=471776"}],"wp:term":[{"taxonomy":"category","embeddable":true,"href":"https:\/\/www.europesays.com\/fr\/wp-json\/wp\/v2\/categories?post=471776"},{"taxonomy":"post_tag","embeddable":true,"href":"https:\/\/www.europesays.com\/fr\/wp-json\/wp\/v2\/tags?post=471776"}],"curies":[{"name":"wp","href":"https:\/\/api.w.org\/{rel}","templated":true}]}}