{"id":471782,"date":"2025-10-18T06:00:17","date_gmt":"2025-10-18T06:00:17","guid":{"rendered":"https:\/\/www.europesays.com\/fr\/471782\/"},"modified":"2025-10-18T06:00:17","modified_gmt":"2025-10-18T06:00:17","slug":"nice-ascenseurs-en-panne-le-bailleur-tire-la-sonnette-dalarme-et-livre-une-amende-record","status":"publish","type":"post","link":"https:\/\/www.europesays.com\/fr\/471782\/","title":{"rendered":"Nice. Ascenseurs en panne, le bailleur tire la sonnette d&rsquo;alarme et livre une amende record"},"content":{"rendered":"<p>            Par<br \/>\n        <strong><br \/>\n            <a href=\"https:\/\/actu.fr\/auteur\/ugo-maillard\" title=\"Consulter tous les articles de Ugo Maillard\" target=\"_blank\" rel=\"noopener\">Ugo Maillard<\/a><br \/>\n        <\/strong><\/p>\n<p>        Publi\u00e9 le<\/p>\n<p>            18 oct. 2025 \u00e0 7h06        <\/p>\n<p>\u00c0 situation in\u00e9dite, r\u00e9ponse in\u00e9dite. Le premier bailleur social des <a href=\"https:\/\/actu.fr\/provence-alpes-cote-d-azur\/alpes-maritimes_06\" target=\"_blank\" rel=\"noopener\">Alpes-Maritimes<\/a>, <strong>C\u00f4te d\u2019Azur Habitat,<\/strong> a annonc\u00e9 par le biais d\u2019un communiqu\u00e9 de presse transmis \u00e0 la r\u00e9daction d\u2019<a href=\"https:\/\/actu.fr\/nice\/\" target=\"_blank\" rel=\"noopener\">actu Nice<\/a>, ce mercredi 15\u00a0octobre 2025, avoir dress\u00e9 une amende historique. Face au fl\u00e9au des dysfonctionnements des ascenseurs sur le parc social, le bailleur de la M\u00e9tropole de Nice \u00ab\u2009tire la sonnette d\u2019alarme\u2009\u00bb. \u00ab\u2009Ces pannes r\u00e9currentes impactent fortement la vie quotidienne des locataires, particuli\u00e8rement les personnes \u00e0 mobilit\u00e9 r\u00e9duite\u2009\u00bb, d\u00e9nonce le bailleur.<\/p>\n<p class=\" wall-content\">Selon les chiffres fournis par C\u00f4te d\u2019Azur Habitat, sur les <strong>550 ascenseurs<\/strong> g\u00e9r\u00e9s par C\u00f4te d\u2019Azur Habitat, 95\u2009% sont en \u00e9tat de fonctionnement.<\/p>\n<p>Des sanctions contre les prestataires<\/p>\n<p class=\" wall-content\">C\u00f4te d\u2019Azur Habitat tient \u00e0 rappeler qu\u2019il \u00ab\u2009applique syst\u00e9matiquement des p\u00e9nalit\u00e9s lorsqu\u2019un prestataire ne respecte pas ses engagements\u2009\u00bb.<\/p>\n<blockquote class=\"ac-article-quote wall-content\">\n<p>Chaque ann\u00e9e, l\u2019Office investit 2,5 millions d\u2019euros pour moderniser ces \u00e9quipements et 500 000 euros pour leur entretien. Malgr\u00e9 cet effort massif, les r\u00e9sultats ne sont pas \u00e0 la hauteur des attentes, en raison de d\u00e9faillances r\u00e9p\u00e9t\u00e9es de certains prestataires. C\u00f4te d\u2019Azur Habitat restera intransigeant pour d\u00e9fendre l\u2019int\u00e9r\u00eat de ses locataires et demande \u00e0 ses prestataires de prendre leurs responsabilit\u00e9s.<\/p>\n<p>    <strong>C\u00f4te d&rsquo;Azur Habitat<\/strong>\n            <\/p><\/blockquote>\n<p class=\" wall-content\">Sans ne le citer, le bailleur social indique avoir impos\u00e9 pr\u00e8s de <strong>200\u2009000\u00a0euros de p\u00e9nalit\u00e9s<\/strong> \u00e0 \u00ab\u2009un prestataire particuli\u00e8rement d\u00e9faillant\u2009\u00bb. Sur l\u2019ann\u00e9e 2025, pr\u00e8s de 24\u2009000\u00a0euros de p\u00e9nalit\u00e9s ont d\u00e9j\u00e0 \u00e9t\u00e9 appliqu\u00e9s.<\/p>\n<p>\u00ab\u2009Agir avec fermet\u00e9\u2009\u00bb<\/p>\n<p class=\" wall-content\">Conscient des probl\u00e8mes et des g\u00eanes occasionn\u00e9s, C\u00f4te d\u2019Azur Habitat a mis en place, depuis plusieurs mois, un dispositif de suivi renforc\u00e9\u2009:<\/p>\n<ul class=\" wall-content\">\n<li>R\u00e9unions hebdomadaires avec les prestataires pour contr\u00f4ler et suivre toutes leurs interventions,<\/li>\n<li>Points quotidiens internes, appuy\u00e9s par un tableau de suivi des ascenseurs en panne, pour anticiper<br \/>et coordonner les r\u00e9parations,<\/li>\n<li>Portage de courses syst\u00e9matique pour les habitants d\u00e8s qu\u2019une panne exc\u00e8de 7\u00a0jours cons\u00e9cutifs,<\/li>\n<\/ul>\n<p>Votre r\u00e9gion, votre actu !<\/p>\n<p>Recevez chaque jour les infos qui comptent pour vous.<\/p>\n<p>\t<a href=\"https:\/\/actu.fr\/newsletter\" class=\"ac-btn ac-btn--corner ac-btn--medium ac-btn--blue800\" target=\"_blank\" rel=\"noopener\">S&rsquo;incrire<\/a><\/p>\n<p class=\" wall-content\">Le pr\u00e9sident de C\u00f4te d\u2019Azur Habitat, Anthony Borr\u00e9, a souhait\u00e9 commenter cette sanction in\u00e9dite\u2009: \u00ab\u2009La s\u00e9curit\u00e9 et le confort de nos locataires ne peuvent pas \u00eatre compromis par des retards et des manquements inacceptables. Nous comprenons parfaitement leur d\u00e9sarroi et partageons leur exasp\u00e9ration. C\u2019est pourquoi nous avons inflig\u00e9 une p\u00e9nalit\u00e9 record de 200\u2009000\u00a0euros \u00e0 un de nos prestataires. Les dysfonctionnements de cette soci\u00e9t\u00e9 impactent une trentaine de nos appareils, dont une dizaine sont immobilis\u00e9s depuis plus d\u2019un mois\u2009! C\u00f4te d\u2019Azur Habitat continuera \u00e0 agir avec fermet\u00e9 pour qu\u2019ils respectent enfin leurs engagements\u2009\u00bb.<\/p>\n<p class=\" wall-content\">Personnalisez votre actualit\u00e9 en ajoutant vos villes et m\u00e9dias en favori avec <a href=\"https:\/\/moncompte.actu.fr\" title=\"D\u00e9couvez Mon Actu\" rel=\"nofollow noopener\" data-trk=\"{&quot;cta&quot;:{&quot;action&quot;:&quot;https:\\\/\\\/moncompte.actu.fr&quot;,&quot;category&quot;:&quot;mon compte&quot;,&quot;from&quot;:&quot;article footer&quot;,&quot;name&quot;:&quot;Mon actu&quot;,&quot;type&quot;:&quot;cta&quot;}}\" target=\"_blank\">Mon Actu<\/a>.<\/p>\n","protected":false},"excerpt":{"rendered":"Par Ugo Maillard Publi\u00e9 le 18 oct. 2025 \u00e0 7h06 \u00c0 situation in\u00e9dite, r\u00e9ponse in\u00e9dite. Le premier bailleur&hellip;\n","protected":false},"author":2,"featured_media":471783,"comment_status":"","ping_status":"","sticky":false,"template":"","format":"standard","meta":{"footnotes":""},"categories":[2819],"tags":[1111,11,1777,674,1011,27,1908,12,2401,882,25,104],"class_list":{"0":"post-471782","1":"post","2":"type-post","3":"status-publish","4":"format-standard","5":"has-post-thumbnail","7":"category-nice","8":"tag-actu","9":"tag-actualites","10":"tag-eu","11":"tag-europe","12":"tag-fr","13":"tag-france","14":"tag-logement","15":"tag-news","16":"tag-nice","17":"tag-provence-alpes-cote-dazur","18":"tag-republique-francaise","19":"tag-societe"},"share_on_mastodon":{"url":"https:\/\/pubeurope.com\/@fr\/115393647326367685","error":""},"_links":{"self":[{"href":"https:\/\/www.europesays.com\/fr\/wp-json\/wp\/v2\/posts\/471782","targetHints":{"allow":["GET"]}}],"collection":[{"href":"https:\/\/www.europesays.com\/fr\/wp-json\/wp\/v2\/posts"}],"about":[{"href":"https:\/\/www.europesays.com\/fr\/wp-json\/wp\/v2\/types\/post"}],"author":[{"embeddable":true,"href":"https:\/\/www.europesays.com\/fr\/wp-json\/wp\/v2\/users\/2"}],"replies":[{"embeddable":true,"href":"https:\/\/www.europesays.com\/fr\/wp-json\/wp\/v2\/comments?post=471782"}],"version-history":[{"count":0,"href":"https:\/\/www.europesays.com\/fr\/wp-json\/wp\/v2\/posts\/471782\/revisions"}],"wp:featuredmedia":[{"embeddable":true,"href":"https:\/\/www.europesays.com\/fr\/wp-json\/wp\/v2\/media\/471783"}],"wp:attachment":[{"href":"https:\/\/www.europesays.com\/fr\/wp-json\/wp\/v2\/media?parent=471782"}],"wp:term":[{"taxonomy":"category","embeddable":true,"href":"https:\/\/www.europesays.com\/fr\/wp-json\/wp\/v2\/categories?post=471782"},{"taxonomy":"post_tag","embeddable":true,"href":"https:\/\/www.europesays.com\/fr\/wp-json\/wp\/v2\/tags?post=471782"}],"curies":[{"name":"wp","href":"https:\/\/api.w.org\/{rel}","templated":true}]}}