{"id":471786,"date":"2025-10-18T06:02:15","date_gmt":"2025-10-18T06:02:15","guid":{"rendered":"https:\/\/www.europesays.com\/fr\/471786\/"},"modified":"2025-10-18T06:02:15","modified_gmt":"2025-10-18T06:02:15","slug":"ce-concert-de-saxophone-est-a-seulement-3-euros-pour-les-etudiants","status":"publish","type":"post","link":"https:\/\/www.europesays.com\/fr\/471786\/","title":{"rendered":"ce concert de saxophone est \u00e0 seulement 3 euros pour les \u00e9tudiants"},"content":{"rendered":"<p>            Par<br \/>\n        <strong><br \/>\n            <a href=\"https:\/\/actu.fr\/auteur\/laure-gentil\" title=\"Consulter tous les articles de Laure Gentil\" rel=\"nofollow noopener\" target=\"_blank\">Laure Gentil<\/a><br \/>\n        <\/strong><\/p>\n<p>        Publi\u00e9 le<\/p>\n<p>            18 oct. 2025 \u00e0 7h36        <\/p>\n<p>L<strong>\u2019Orchestre National des Pays de la Loire<\/strong> propose \u00e0 des \u00e9tudiants d\u2019assister, \u00e0 La Cit\u00e9 des Congr\u00e8s, \u00e0 un concert \u00e0 seulement<strong> 3\u00a0euros,<\/strong> mercredi 5\u00a0novembre \u00e0 20h. Une tradition, puisque chaque saison, l\u2019ONPL organise un \u00ab\u2009concert exceptionnel\u2009\u00bb r\u00e9serv\u00e9s uniquement aux \u00e9tudiants.<\/p>\n<p class=\" wall-content\">Cette ann\u00e9e, il s\u2019agit d\u2019un concerto de saxophone dirig\u00e9 par <strong>Sora Elisabeth Lee.<\/strong><\/p>\n<p>Du jazz<\/p>\n<p class=\" wall-content\">Le jazz sera mis \u00e0 l\u2019honneur durant ce concert gr\u00e2ce \u00e0 la musicienne <strong>Asya Fateyeva,<\/strong> une saxophoniste qui jouera les \u0153uvres de Glazounov et Villa-Lobos. Les \u00e9tudiants pourront aussi \u00e9couter la Troisi\u00e8me Symphonie de Robert Schumann.<\/p>\n<p class=\" wall-content\">Un <strong>concert ouvert \u00e0 tous<\/strong> est aussi pr\u00e9vu le mardi 4\u00a0novembre.<\/p>\n<p><a href=\"https:\/\/onpl.fr\/agenda\/etudiants-concerto-pour-saxophone\/\" rel=\"nofollow noopener\" target=\"_blank\">Cliquez ici pour r\u00e9server votre place.<\/a><\/p>\n<p class=\" wall-content\">Personnalisez votre actualit\u00e9 en ajoutant vos villes et m\u00e9dias en favori avec <a href=\"https:\/\/moncompte.actu.fr\" title=\"D\u00e9couvez Mon Actu\" rel=\"nofollow noopener\" data-trk=\"{&quot;cta&quot;:{&quot;action&quot;:&quot;https:\\\/\\\/moncompte.actu.fr&quot;,&quot;category&quot;:&quot;mon compte&quot;,&quot;from&quot;:&quot;article footer&quot;,&quot;name&quot;:&quot;Mon actu&quot;,&quot;type&quot;:&quot;cta&quot;}}\" target=\"_blank\">Mon Actu<\/a>.<\/p>\n","protected":false},"excerpt":{"rendered":"Par Laure Gentil Publi\u00e9 le 18 oct. 2025 \u00e0 7h36 L\u2019Orchestre National des Pays de la Loire propose&hellip;\n","protected":false},"author":2,"featured_media":471787,"comment_status":"","ping_status":"","sticky":false,"template":"","format":"standard","meta":{"footnotes":""},"categories":[2818],"tags":[1111,11,1697,1777,674,1011,27,1652,873,766,12,2636,25],"class_list":{"0":"post-471786","1":"post","2":"type-post","3":"status-publish","4":"format-standard","5":"has-post-thumbnail","7":"category-nantes","8":"tag-actu","9":"tag-actualites","10":"tag-concert","11":"tag-eu","12":"tag-europe","13":"tag-fr","14":"tag-france","15":"tag-loisirs-culture","16":"tag-musique","17":"tag-nantes","18":"tag-news","19":"tag-pays-de-la-loire","20":"tag-republique-francaise"},"share_on_mastodon":{"url":"https:\/\/pubeurope.com\/@fr\/115393655302445074","error":""},"_links":{"self":[{"href":"https:\/\/www.europesays.com\/fr\/wp-json\/wp\/v2\/posts\/471786","targetHints":{"allow":["GET"]}}],"collection":[{"href":"https:\/\/www.europesays.com\/fr\/wp-json\/wp\/v2\/posts"}],"about":[{"href":"https:\/\/www.europesays.com\/fr\/wp-json\/wp\/v2\/types\/post"}],"author":[{"embeddable":true,"href":"https:\/\/www.europesays.com\/fr\/wp-json\/wp\/v2\/users\/2"}],"replies":[{"embeddable":true,"href":"https:\/\/www.europesays.com\/fr\/wp-json\/wp\/v2\/comments?post=471786"}],"version-history":[{"count":0,"href":"https:\/\/www.europesays.com\/fr\/wp-json\/wp\/v2\/posts\/471786\/revisions"}],"wp:featuredmedia":[{"embeddable":true,"href":"https:\/\/www.europesays.com\/fr\/wp-json\/wp\/v2\/media\/471787"}],"wp:attachment":[{"href":"https:\/\/www.europesays.com\/fr\/wp-json\/wp\/v2\/media?parent=471786"}],"wp:term":[{"taxonomy":"category","embeddable":true,"href":"https:\/\/www.europesays.com\/fr\/wp-json\/wp\/v2\/categories?post=471786"},{"taxonomy":"post_tag","embeddable":true,"href":"https:\/\/www.europesays.com\/fr\/wp-json\/wp\/v2\/tags?post=471786"}],"curies":[{"name":"wp","href":"https:\/\/api.w.org\/{rel}","templated":true}]}}