{"id":471794,"date":"2025-10-18T06:06:10","date_gmt":"2025-10-18T06:06:10","guid":{"rendered":"https:\/\/www.europesays.com\/fr\/471794\/"},"modified":"2025-10-18T06:06:10","modified_gmt":"2025-10-18T06:06:10","slug":"toulouse-les-motards-se-filmaient-a-293-km-h-sur-le-periph-mais-ils-nauraient-pas-du-sen-vanter","status":"publish","type":"post","link":"https:\/\/www.europesays.com\/fr\/471794\/","title":{"rendered":"Toulouse. Les motards se filmaient \u00e0 293 km\/h sur le p\u00e9riph&rsquo;, mais ils n&rsquo;auraient pas d\u00fb s&rsquo;en vanter"},"content":{"rendered":"<p>            Par<br \/>\n        <strong><br \/>\n            <a href=\"https:\/\/actu.fr\/auteur\/david-saint-sernin\" title=\"Consulter tous les articles de David Saint-Sernin\" target=\"_blank\" rel=\"noopener\">David Saint-Sernin<\/a><br \/>\n        <\/strong><\/p>\n<p>        Publi\u00e9 le<\/p>\n<p>            18 oct. 2025 \u00e0 7h12        <\/p>\n<p>C\u2019est une minutieuse enqu\u00eate men\u00e9e par les <strong>gendarmes de Haute-Garonne<\/strong> qui a permis de mettre fin au man\u00e8ge de deux motards qui s\u2019adonnaient, depuis quelques mois, \u00e0 des courses effr\u00e9n\u00e9es sur le<a href=\"https:\/\/actu.fr\/occitanie\/toulouse_31555\/peripherique-de-toulouse-integralement-sature-en-2030-ce-maire-reclame-l-arrivee-du-rer-en-urgence_63302715.html\" target=\"_blank\" rel=\"noopener\"> p\u00e9riph\u00e9rique de Toulouse.<\/a> Deux motards, \u00e2g\u00e9s de 31 et 24\u00a0ans, qui ont \u00e9t\u00e9 interpell\u00e9s chez eux et d\u00e9f\u00e9r\u00e9s devant la justice jeudi 16\u00a0octobre 2025. Ils circulaient \u00e0 <a href=\"https:\/\/actu.fr\/occitanie\/toulouse_31555\/toulouse-il-bat-les-records-de-vitesse-un-conducteur-controle-a-252-km-h-au-lieu-de-90_63280707.html\" target=\"_blank\" rel=\"noopener\">des vitesses record<\/a> sur le p\u00e9riph\u00e9rique, mais surtout filmaient leurs \u00ab\u2009exploits\u2009\u00bb pour les diffuser sur les r\u00e9seaux sociaux. Ce qu\u2019il s\u2019est pass\u00e9.<\/p>\n<p>\u00ab\u2009D\u00e9passements dangereux, roues arri\u00e8re\u2009\u00bb<\/p>\n<p class=\" wall-content\">Les faits remontent \u00e0 plusieurs mois. En juin\u00a02025, les deux \u00ab\u2009pilotes\u2009\u00bb se filment en train de circuler \u00e0 des <strong>vitesses folles,<\/strong> en plein jour, sur le p\u00e9riph\u00e9rique de Toulouse. \u00ab\u2009D\u00e9passements dangereux, roues arri\u00e8re\u2026 Les infractions \u00e9taient multiples\u2009\u00bb, racontent \u00e0 Actu Toulouse les gendarmes de Haute-Garonne.<\/p>\n<p class=\" wall-content\">Ces infractions, les gendarmes ne les ont pas constat\u00e9es sur place, au bord du p\u00e9riph\u00e9rique de Toulouse, mais a posteriori en trouvant des vid\u00e9os post\u00e9es par les deux \u00ab\u2009pilotes\u2009\u00bb sur le Net.<\/p>\n<p>293\u00a0km\/h, vitesse tr\u00e8s rare sur le p\u00e9riph\u00e9rique<\/p>\n<p class=\" wall-content\">Sur ces vid\u00e9os, les gendarmes ont pu voir les deux motards rouler des vitesses rarement enregistr\u00e9es sur le p\u00e9riph\u00e9rique. \u00ab\u2009\u00c0 293\u00a0km\/h pour l\u2019un et 278\u00a0km\/h pour 90 autoris\u00e9s\u2009\u00bb, indiquent les gendarmes.<\/p>\n<p class=\" wall-content\">293\u00a0km\/h, c\u2019est le record de l\u2019ann\u00e9e pour un exc\u00e8s de vitesse dans le d\u00e9partement\u2026<\/p>\n<p class=\" wall-content\">D\u00e9but octobre, un conducteur au volant de sa Volkswagen a \u00e9t\u00e9 contr\u00f4l\u00e9 \u00e0 252\u00a0km\/h sur une portion limit\u00e9e \u00e0 90\u00a0km\/h de l\u2019autoroute A64.<\/p>\n<p>Une enqu\u00eate de fond, les deux motards retrouv\u00e9s<\/p>\n<p class=\" wall-content\">Pendant plusieurs semaines, les gendarmes du peloton motoris\u00e9s et les enqu\u00eateurs de la gendarmerie de Haute-Garonne ont associ\u00e9 leurs efforts pour retrouver les deux individus. Un \u00ab\u2009travail de fond\u2009\u00bb qui a permis d\u2019identifier les deux individus, puis de remonter jusqu\u2019\u00e0 leurs domiciles situ\u00e9s \u00e0 L\u2019Union et Rouffiac-Tolosan, au nord-est de Toulouse.<\/p>\n<p>Votre r\u00e9gion, votre actu !<\/p>\n<p>Recevez chaque jour les infos qui comptent pour vous.<\/p>\n<p>\t<a href=\"https:\/\/actu.fr\/newsletter\" class=\"ac-btn ac-btn--corner ac-btn--medium ac-btn--blue800\" target=\"_blank\" rel=\"noopener\">S&rsquo;incrire<\/a><\/p>\n<p class=\" wall-content\">D\u00e9f\u00e9r\u00e9s devant la justice ce jeudi 16\u00a0octobre 2025, ils ont \u00e9cop\u00e9 d\u2019une peine de six mois de prison avec sursis et six mois de suspension de permis.<\/p>\n<p class=\" wall-content\">Leurs deux motos ainsi que le mat\u00e9riel qui leur avait permis de filmer ces s\u00e9quences routi\u00e8res tr\u00e8s dangereuses ont \u00e9t\u00e9 confisqu\u00e9s.<\/p>\n<p class=\" wall-content\">Personnalisez votre actualit\u00e9 en ajoutant vos villes et m\u00e9dias en favori avec <a href=\"https:\/\/moncompte.actu.fr\" title=\"D\u00e9couvez Mon Actu\" rel=\"nofollow noopener\" data-trk=\"{&quot;cta&quot;:{&quot;action&quot;:&quot;https:\\\/\\\/moncompte.actu.fr&quot;,&quot;category&quot;:&quot;mon compte&quot;,&quot;from&quot;:&quot;article footer&quot;,&quot;name&quot;:&quot;Mon actu&quot;,&quot;type&quot;:&quot;cta&quot;}}\" target=\"_blank\">Mon Actu<\/a>.<\/p>\n","protected":false},"excerpt":{"rendered":"Par David Saint-Sernin Publi\u00e9 le 18 oct. 2025 \u00e0 7h12 C\u2019est une minutieuse enqu\u00eate men\u00e9e par les gendarmes&hellip;\n","protected":false},"author":2,"featured_media":471795,"comment_status":"","ping_status":"","sticky":false,"template":"","format":"standard","meta":{"footnotes":""},"categories":[2816],"tags":[1111,11,1777,674,118,1011,27,3381,12,2680,4800,25,2312],"class_list":{"0":"post-471794","1":"post","2":"type-post","3":"status-publish","4":"format-standard","5":"has-post-thumbnail","7":"category-toulouse","8":"tag-actu","9":"tag-actualites","10":"tag-eu","11":"tag-europe","12":"tag-faits-divers","13":"tag-fr","14":"tag-france","15":"tag-gendarmerie","16":"tag-news","17":"tag-occitanie","18":"tag-peripherique-de-toulouse","19":"tag-republique-francaise","20":"tag-toulouse"},"share_on_mastodon":{"url":"https:\/\/pubeurope.com\/@fr\/115393671058529916","error":""},"_links":{"self":[{"href":"https:\/\/www.europesays.com\/fr\/wp-json\/wp\/v2\/posts\/471794","targetHints":{"allow":["GET"]}}],"collection":[{"href":"https:\/\/www.europesays.com\/fr\/wp-json\/wp\/v2\/posts"}],"about":[{"href":"https:\/\/www.europesays.com\/fr\/wp-json\/wp\/v2\/types\/post"}],"author":[{"embeddable":true,"href":"https:\/\/www.europesays.com\/fr\/wp-json\/wp\/v2\/users\/2"}],"replies":[{"embeddable":true,"href":"https:\/\/www.europesays.com\/fr\/wp-json\/wp\/v2\/comments?post=471794"}],"version-history":[{"count":0,"href":"https:\/\/www.europesays.com\/fr\/wp-json\/wp\/v2\/posts\/471794\/revisions"}],"wp:featuredmedia":[{"embeddable":true,"href":"https:\/\/www.europesays.com\/fr\/wp-json\/wp\/v2\/media\/471795"}],"wp:attachment":[{"href":"https:\/\/www.europesays.com\/fr\/wp-json\/wp\/v2\/media?parent=471794"}],"wp:term":[{"taxonomy":"category","embeddable":true,"href":"https:\/\/www.europesays.com\/fr\/wp-json\/wp\/v2\/categories?post=471794"},{"taxonomy":"post_tag","embeddable":true,"href":"https:\/\/www.europesays.com\/fr\/wp-json\/wp\/v2\/tags?post=471794"}],"curies":[{"name":"wp","href":"https:\/\/api.w.org\/{rel}","templated":true}]}}