{"id":471801,"date":"2025-10-18T06:10:09","date_gmt":"2025-10-18T06:10:09","guid":{"rendered":"https:\/\/www.europesays.com\/fr\/471801\/"},"modified":"2025-10-18T06:10:09","modified_gmt":"2025-10-18T06:10:09","slug":"rtm-a-marseille-ces-stations-de-tramway-ne-seront-pas-desservies-en-raison-de-travaux-voici-lesquelles","status":"publish","type":"post","link":"https:\/\/www.europesays.com\/fr\/471801\/","title":{"rendered":"RTM \u00e0 Marseille. Ces stations de tramway ne seront pas desservies en raison de travaux, voici lesquelles"},"content":{"rendered":"<p>            Par<br \/>\n        <strong><br \/>\n            <a href=\"https:\/\/actu.fr\/auteur\/thibault-nadal-actu-fr\" title=\"Consulter tous les articles de Thibault Nadal\" target=\"_blank\" rel=\"noopener\">Thibault Nadal<\/a><br \/>\n        <\/strong><\/p>\n<p>        Publi\u00e9 le<\/p>\n<p>            18 oct. 2025 \u00e0 7h58        <\/p>\n<p>Attention si vous souhaitez vous balader dans le centre-ville de <a href=\"https:\/\/actu.fr\/marseille\/\" target=\"_blank\" rel=\"noopener\">Marseille<\/a> ce dimanche 19\u00a0octobre 2025. En effet, <strong>huit stations du T2 ne seront pas desservies<\/strong> une bonne partie de la journ\u00e9e.<\/p>\n<p class=\" wall-content\">Voici pourquoi.<\/p>\n<p>De 7h30 \u00e0 16h30<\/p>\n<p class=\" wall-content\"><a href=\"https:\/\/actu.fr\/tag\/rtm\" target=\"_blank\" rel=\"noopener\">La RTM<\/a> a inform\u00e9 ses voyageurs plusieurs jours \u00e0 l\u2019avance. Mais ce dimanche, <strong>entre 7h30 et 16h30<\/strong>, une bonne partie du trac\u00e9 du tramway 2 sera inaccessible.<\/p>\n<p class=\" wall-content\">\u00ab\u2009En raison de travaux d\u2019\u00e9lagage, le Tram T2 circule uniquement entre La Blancarde et R\u00e9form\u00e9s Canebi\u00e8re\u2009\u00bb, indique la R\u00e9gie des transports m\u00e9tropolitains sur <a href=\"https:\/\/www.rtm.fr\/infos-trafic\/8213822928395948683\" target=\"_blank\" rel=\"noopener\">son site<\/a>.<\/p>\n<p class=\" wall-content\"><strong>Voici les huit stations qui ne seront pas desservies<\/strong>\u2009:<\/p>\n<ul class=\" wall-content\">\n<li>Arenc Le Silo,<\/li>\n<li>Eurom\u00e9diterran\u00e9e Gant\u00e8s,<\/li>\n<li>Joliette,<\/li>\n<li>R\u00e9publique Dames,<\/li>\n<li>Sadi Carnot,<\/li>\n<li>Belsunce Alcazar,<\/li>\n<li>Canebi\u00e8re Capucins,<\/li>\n<li>Canebi\u00e8re Garibaldi.<\/li>\n<\/ul>\n<p>Des perturbations sur la Corniche<\/p>\n<p class=\" wall-content\">La RTM rassure ses usagers\u2009: <strong>le T3, lui, circulera normalement<\/strong>. Mais cette journ\u00e9e de dimanche sera difficile dans les transports.<\/p>\n<p>Votre r\u00e9gion, votre actu !<\/p>\n<p>Recevez chaque jour les infos qui comptent pour vous.<\/p>\n<p>\t<a href=\"https:\/\/actu.fr\/newsletter\" class=\"ac-btn ac-btn--corner ac-btn--medium ac-btn--blue800\" target=\"_blank\" rel=\"noopener\">S&rsquo;incrire<\/a><\/p>\n<p class=\" wall-content\">En raison de l\u2019organisation de \u00ab\u2009La Voie est Libre\u2009\u00bb sur la Corniche (7e), <a href=\"https:\/\/www.rtm.fr\/infos-trafic\/3597395668692451026\" target=\"_blank\" rel=\"noopener\">deux lignes de bus seront d\u00e9vi\u00e9es<\/a>.<\/p>\n<p class=\" wall-content\">Personnalisez votre actualit\u00e9 en ajoutant vos villes et m\u00e9dias en favori avec <a href=\"https:\/\/moncompte.actu.fr\" title=\"D\u00e9couvez Mon Actu\" rel=\"nofollow noopener\" data-trk=\"{&quot;cta&quot;:{&quot;action&quot;:&quot;https:\\\/\\\/moncompte.actu.fr&quot;,&quot;category&quot;:&quot;mon compte&quot;,&quot;from&quot;:&quot;article footer&quot;,&quot;name&quot;:&quot;Mon actu&quot;,&quot;type&quot;:&quot;cta&quot;}}\" target=\"_blank\">Mon Actu<\/a>.<\/p>\n","protected":false},"excerpt":{"rendered":"Par Thibault Nadal Publi\u00e9 le 18 oct. 2025 \u00e0 7h58 Attention si vous souhaitez vous balader dans le&hellip;\n","protected":false},"author":2,"featured_media":96526,"comment_status":"","ping_status":"","sticky":false,"template":"","format":"standard","meta":{"footnotes":""},"categories":[2814],"tags":[1111,11,1777,674,1011,27,884,12,882,25,10783,104,2803],"class_list":{"0":"post-471801","1":"post","2":"type-post","3":"status-publish","4":"format-standard","5":"has-post-thumbnail","7":"category-marseille","8":"tag-actu","9":"tag-actualites","10":"tag-eu","11":"tag-europe","12":"tag-fr","13":"tag-france","14":"tag-marseille","15":"tag-news","16":"tag-provence-alpes-cote-dazur","17":"tag-republique-francaise","18":"tag-rtm","19":"tag-societe","20":"tag-transport"},"share_on_mastodon":{"url":"https:\/\/pubeurope.com\/@fr\/115393686698951263","error":""},"_links":{"self":[{"href":"https:\/\/www.europesays.com\/fr\/wp-json\/wp\/v2\/posts\/471801","targetHints":{"allow":["GET"]}}],"collection":[{"href":"https:\/\/www.europesays.com\/fr\/wp-json\/wp\/v2\/posts"}],"about":[{"href":"https:\/\/www.europesays.com\/fr\/wp-json\/wp\/v2\/types\/post"}],"author":[{"embeddable":true,"href":"https:\/\/www.europesays.com\/fr\/wp-json\/wp\/v2\/users\/2"}],"replies":[{"embeddable":true,"href":"https:\/\/www.europesays.com\/fr\/wp-json\/wp\/v2\/comments?post=471801"}],"version-history":[{"count":0,"href":"https:\/\/www.europesays.com\/fr\/wp-json\/wp\/v2\/posts\/471801\/revisions"}],"wp:featuredmedia":[{"embeddable":true,"href":"https:\/\/www.europesays.com\/fr\/wp-json\/wp\/v2\/media\/96526"}],"wp:attachment":[{"href":"https:\/\/www.europesays.com\/fr\/wp-json\/wp\/v2\/media?parent=471801"}],"wp:term":[{"taxonomy":"category","embeddable":true,"href":"https:\/\/www.europesays.com\/fr\/wp-json\/wp\/v2\/categories?post=471801"},{"taxonomy":"post_tag","embeddable":true,"href":"https:\/\/www.europesays.com\/fr\/wp-json\/wp\/v2\/tags?post=471801"}],"curies":[{"name":"wp","href":"https:\/\/api.w.org\/{rel}","templated":true}]}}