{"id":471808,"date":"2025-10-18T06:16:11","date_gmt":"2025-10-18T06:16:11","guid":{"rendered":"https:\/\/www.europesays.com\/fr\/471808\/"},"modified":"2025-10-18T06:16:11","modified_gmt":"2025-10-18T06:16:11","slug":"la-chambre-des-metiers-et-de-lartisanat-dile-de-france-derriere-ses-jeunes-apprentis-aux-worldskills","status":"publish","type":"post","link":"https:\/\/www.europesays.com\/fr\/471808\/","title":{"rendered":"La Chambre des m\u00e9tiers et de l&rsquo;artisanat d&rsquo;\u00cele-de-France derri\u00e8re ses jeunes apprentis aux WorldSkills"},"content":{"rendered":"\n<p style=\"margin-bottom: 0cm;\">Elle d\u00e9crit un \u00ab engagement exemplaire \u00bb alors que la premi\u00e8re journ\u00e9e de cette olympiade des m\u00e9tiers s&rsquo;est d\u00e9roul\u00e9e hier jeudi \u00e0 Marseille. Ma\u00ebva Blondel (coiffure), Bastien Aubert (carrosserie-peinture automobile) et Lylian Franquin Mah\u00e9 (fleuristerie) d\u00e9fendent les couleurs de CMA Formation \u00cele-de-France. Ils donnent le meilleur d&rsquo;eux-m\u00eames pour la 48\u00e8me \u00e9dition de cette comp\u00e9tition nationale. Les laur\u00e9ats seront r\u00e9v\u00e9l\u00e9s ce samedi.<\/p>\n<p style=\"margin-bottom: 0cm;\">\u00a0<\/p>\n<p lang=\"fr-FR\" style=\"margin-bottom: 0cm;\">Nicolas Chacun<\/p>\n<p>!function(f,b,e,v,n,t,s){if(f.fbq)return;n=f.fbq=function(){n.callMethod?<br \/>\nn.callMethod.apply(n,arguments):n.queue.push(arguments)};if(!f._fbq)f._fbq=n;<br \/>\nn.push=n;n.loaded=!0;n.version=&rsquo;2.0&prime;;n.queue=[];t=b.createElement(e);t.async=!0;<br \/>\nt.src=v;s=b.getElementsByTagName(e)[0];s.parentNode.insertBefore(t,s)}(window,<br \/>\ndocument,&rsquo;script&rsquo;,&rsquo;https:\/\/connect.facebook.net\/en_US\/fbevents.js&rsquo;);<br \/>\nfbq(&lsquo;init&rsquo;, &lsquo;278974969201861&rsquo;); \/\/ Insert your pixel ID here.<br \/>\nfbq(&lsquo;track&rsquo;, &lsquo;PageView&rsquo;);<\/p>\n","protected":false},"excerpt":{"rendered":"Elle d\u00e9crit un \u00ab engagement exemplaire \u00bb alors que la premi\u00e8re journ\u00e9e de cette olympiade des m\u00e9tiers s&rsquo;est&hellip;\n","protected":false},"author":2,"featured_media":471809,"comment_status":"","ping_status":"","sticky":false,"template":"","format":"standard","meta":{"footnotes":""},"categories":[1592],"tags":[1111,11,1933,1936,1777,1939,674,1011,27,662,1934,12,1940,626,1935,25,1937,1941,1938],"class_list":{"0":"post-471808","1":"post","2":"type-post","3":"status-publish","4":"format-standard","5":"has-post-thumbnail","7":"category-ile-de-france","8":"tag-actu","9":"tag-actualites","10":"tag-actualites-locales","11":"tag-essonne","12":"tag-eu","13":"tag-eure-et-loir","14":"tag-europe","15":"tag-fr","16":"tag-france","17":"tag-ile-de-france","18":"tag-infos-locales","19":"tag-news","20":"tag-oise","21":"tag-paris","22":"tag-pres-de-chez-vous","23":"tag-republique-francaise","24":"tag-seine-et-marne","25":"tag-somme","26":"tag-yvelines"},"share_on_mastodon":{"url":"https:\/\/pubeurope.com\/@fr\/115393710233335194","error":""},"_links":{"self":[{"href":"https:\/\/www.europesays.com\/fr\/wp-json\/wp\/v2\/posts\/471808","targetHints":{"allow":["GET"]}}],"collection":[{"href":"https:\/\/www.europesays.com\/fr\/wp-json\/wp\/v2\/posts"}],"about":[{"href":"https:\/\/www.europesays.com\/fr\/wp-json\/wp\/v2\/types\/post"}],"author":[{"embeddable":true,"href":"https:\/\/www.europesays.com\/fr\/wp-json\/wp\/v2\/users\/2"}],"replies":[{"embeddable":true,"href":"https:\/\/www.europesays.com\/fr\/wp-json\/wp\/v2\/comments?post=471808"}],"version-history":[{"count":0,"href":"https:\/\/www.europesays.com\/fr\/wp-json\/wp\/v2\/posts\/471808\/revisions"}],"wp:featuredmedia":[{"embeddable":true,"href":"https:\/\/www.europesays.com\/fr\/wp-json\/wp\/v2\/media\/471809"}],"wp:attachment":[{"href":"https:\/\/www.europesays.com\/fr\/wp-json\/wp\/v2\/media?parent=471808"}],"wp:term":[{"taxonomy":"category","embeddable":true,"href":"https:\/\/www.europesays.com\/fr\/wp-json\/wp\/v2\/categories?post=471808"},{"taxonomy":"post_tag","embeddable":true,"href":"https:\/\/www.europesays.com\/fr\/wp-json\/wp\/v2\/tags?post=471808"}],"curies":[{"name":"wp","href":"https:\/\/api.w.org\/{rel}","templated":true}]}}