{"id":471812,"date":"2025-10-18T06:18:21","date_gmt":"2025-10-18T06:18:21","guid":{"rendered":"https:\/\/www.europesays.com\/fr\/471812\/"},"modified":"2025-10-18T06:18:21","modified_gmt":"2025-10-18T06:18:21","slug":"paris-basketball-hapoel-tel-aviv-88-89-malgre-des-craintes-pour-la-securite-la-soiree-sest-deroulee-dans-le-calme","status":"publish","type":"post","link":"https:\/\/www.europesays.com\/fr\/471812\/","title":{"rendered":"Paris Basketball-Hapo\u00ebl Tel Aviv (88-89) : malgr\u00e9 des craintes pour la s\u00e9curit\u00e9, la soir\u00e9e s\u2019est d\u00e9roul\u00e9e dans le calme"},"content":{"rendered":"<p class=\"paragraph text_align_left lp-f-body-02\">Il est 20 heures. 45 minutes avant le coup d\u2019envoi. Le beau soleil d\u2019automne est parti se coucher. Maillot floqu\u00e9 en h\u00e9breu reconnaissable, un membre du staff <a href=\"https:\/\/www.leparisien.fr\/sports\/basket\/policier-en-masse-car-protege-paris-basketball-hapoel-tel-aviv-un-match-place-sous-haute-surveillance-17-10-2025-R6AB67XWUZDYVHQAFY53LJYMJM.php\" target=\"_blank\" rel=\"noreferrer nofollow noopener\">de l\u2019Hapo\u00ebl Tel Aviv<\/a> traverse tranquillement le boulevard de la Chapelle (XVIIIe). Il se dirige vers la sup\u00e9rette au coin de la rue du m\u00eame nom, au pied des statues dor\u00e9es des femmes illustres qui ont embelli la c\u00e9r\u00e9monie d\u2019ouverture des Jeux.<\/p>\n<p class=\"paragraph text_align_left lp-f-body-02\">Personne ne l\u2019importune et il ressort avec son petit sac de courses en toute qui\u00e9tude. Il se sent en s\u00e9curit\u00e9. Les gyrophares des dizaines de cars de police qui entourent<a href=\"https:\/\/www.leparisien.fr\/sports\/basket\/chasseur-de-tetes-data-feeling-les-secrets-du-paris-basketball-pour-denicher-des-entraineurs-a-succes-15-10-2025-DGDZYU5DHZEKJD75ZGYRAVW3GA.php\" target=\"_blank\" rel=\"noreferrer nofollow noopener\"> l\u2019Adidas Arena<\/a> \u00e9clairent alors la nuit. Point de rassemblement non autoris\u00e9, de drapeau palestinien ni trace de la moindre revendication \u00e0 l\u2019horizon. L\u2019esplanade de l\u2019Adidas Arena se remplit doucement mais il n\u2019y a pas foule non plus.<\/p>\n<p class=\"paragraph text_align_left lp-f-body-02\">La soir\u00e9e \u00e9tait pourtant class\u00e9e \u00e0 risques en raison du <a href=\"https:\/\/www.leparisien.fr\/international\/\" target=\"_blank\" rel=\"noreferrer nofollow noopener\">contexte international.<\/a> Malgr\u00e9 le cessez-le-feu \u00e0 Gaza en vigueur depuis quelques jours, la venue d\u2019un club isra\u00e9lien, en l\u2019occurrence l\u2019Hapo\u00ebl Tel Aviv, met les forces de s\u00e9curit\u00e9 en \u00e9veil. Tout autour de la porte de la Chapelle, des dizaines et des dizaines de policiers solidement arm\u00e9s veillent au grain. \u00ab C\u2019est normal que les policiers soient en nombre. J\u2019en vois partout et c\u2019est une bonne chose, remarque Yann en sortant de la bouche de m\u00e9tro la plus proche, elle aussi bien gard\u00e9e. On n\u2019est jamais \u00e0 l\u2019abri d\u2019un abruti qui veut sa minute de c\u00e9l\u00e9brit\u00e9 pour mettre le bordel. \u00bb<\/p>\n<p class=\"paragraph text_align_left lp-f-body-02\">\u00ab \u00c7a ne nous a pas emp\u00each\u00e9s de venir en tout cas, compl\u00e8te son copain Maxime. On veut voir un match de basket, pas un meeting politique. \u00bb \u00ab \u00c7a n\u2019arrivera pas, insiste un fan de Tel Aviv qui les entend. L\u2019Hapo\u00ebl n\u2019est pas un porte-parole de Netanyahou. C\u2019est m\u00eame historiquement un club opposant, plus traditionnellement orient\u00e9 \u00e0 gauche. \u00bb<\/p>\n<p>\u00ab Il y a le PSG qui joue pas loin \u00bb<\/p>\n<p class=\"paragraph text_align_left lp-f-body-02\">Pour \u00e9viter n\u00e9anmoins tout d\u00e9bordement, les fouilles \u00e0 l\u2019entr\u00e9e sont strictes. Pas question de laisser entrer le moindre drapeau aux couleurs de la Palestine. Dans l\u2019Arena, seuls sont autoris\u00e9s les drapeaux repr\u00e9sentants les deux \u00e9quipes. Un PC s\u00e9curit\u00e9 a pris place dans le petit salon de la presse, interdit pour cette fois aux habitu\u00e9s des lieux.<\/p>\n<p class=\"paragraph text_align_left lp-f-body-02\">Ce fut d\u00e9j\u00e0 la mesure en vigueur en d\u00e9but d\u2019ann\u00e9e quand l\u2019autre club de Tel Aviv, le Maccabi, \u00e9tait venu ici. Le club isra\u00e9lien reviendra d\u00e9but avril 2026 et le m\u00eame dispositif devrait alors \u00eatre remis en place. <\/p>\n<p class=\"paragraph text_align_left lp-f-body-02\">La salle est peu remplie au coup d\u2019envoi du match. Les gradins du haut sont ferm\u00e9s et ils ne sont que 3 ou 4 000 fans pr\u00e9sents. Parmi eux, une poign\u00e9e de supporters de l\u2019Hapo\u00ebl tout de rouge v\u00eatus et eux aussi tr\u00e8s calmes. \u00ab \u00c0 mon avis, personne n\u2019a craint pour la s\u00e9curit\u00e9, pense Yoann, crois\u00e9 dans un couloir assez d\u00e9sert. C\u2019est juste que pour le Paris Basketball qui joue tous les 3 jours, ce n\u2019est pas l\u2019affiche la plus clinquante de l\u2019ann\u00e9e qu\u2019on veut voir \u00e0 tout prix. Il y en aura d\u2019autres et des plus belles. <a href=\"https:\/\/www.leparisien.fr\/sports\/football\/psg\/direct-psg-strasbourg-un-choc-allechant-au-parc-des-princes-suivez-la-reprise-des-parisiens-en-ligue-1-17-10-2025-QNKJV4JGM5FMNCZHXY5GTQ2I5Q.php\" target=\"_blank\" rel=\"noreferrer nofollow noopener\">Il y a le PSG qui joue pas loin<\/a> (contre Strasbourg), c\u2019est un vendredi de d\u00e9part en vacances. Il y a plein d\u2019autres bonnes raisons pour expliquer la faible affluence. \u00bb <\/p>\n<p class=\"paragraph text_align_left lp-f-body-02\">M\u00eame le Kop Parisii qui anime habituellement les soir\u00e9es est rest\u00e9 d\u2019une rare discr\u00e9tion. Au final, le match a pu se d\u00e9rouler normalement, sans accroc, ni d\u00e9bordement. <\/p>\n<p class=\"paragraph text_align_left lp-f-body-02\">C\u2019est pour le Paris Basketball que la soir\u00e9e a \u00e9t\u00e9 la plus compliqu\u00e9e. Il s\u2019est inclin\u00e9 \u00e0 la derni\u00e8re seconde d\u2019un petit point devant une formation emmen\u00e9e par un ancien de la maison, Collin Malcom, sacr\u00e9 champion de France avec lui en juin. \u00ab Nous n\u2019avons pas r\u00e9ussi \u00e0 faire tout ce que nous voulions. C\u2019est une d\u00e9faite douloureuse \u00bb r\u00e9agit le coach Francesco Tabellini.<\/p>\n","protected":false},"excerpt":{"rendered":"Il est 20 heures. 45 minutes avant le coup d\u2019envoi. Le beau soleil d\u2019automne est parti se coucher.&hellip;\n","protected":false},"author":2,"featured_media":471813,"comment_status":"","ping_status":"","sticky":false,"template":"","format":"standard","meta":{"footnotes":""},"categories":[1888],"tags":[1111,1928,11,1927,1465,1777,674,1011,27,12,1926,626,1925,25,60],"class_list":{"0":"post-471812","1":"post","2":"type-post","3":"status-publish","4":"format-standard","5":"has-post-thumbnail","7":"category-paris","8":"tag-actu","9":"tag-actu-paris","10":"tag-actualites","11":"tag-actualites-paris","12":"tag-basket","13":"tag-eu","14":"tag-europe","15":"tag-fr","16":"tag-france","17":"tag-news","18":"tag-news-paris","19":"tag-paris","20":"tag-paris-news","21":"tag-republique-francaise","22":"tag-sports"},"share_on_mastodon":{"url":"https:\/\/pubeurope.com\/@fr\/115393718172658778","error":""},"_links":{"self":[{"href":"https:\/\/www.europesays.com\/fr\/wp-json\/wp\/v2\/posts\/471812","targetHints":{"allow":["GET"]}}],"collection":[{"href":"https:\/\/www.europesays.com\/fr\/wp-json\/wp\/v2\/posts"}],"about":[{"href":"https:\/\/www.europesays.com\/fr\/wp-json\/wp\/v2\/types\/post"}],"author":[{"embeddable":true,"href":"https:\/\/www.europesays.com\/fr\/wp-json\/wp\/v2\/users\/2"}],"replies":[{"embeddable":true,"href":"https:\/\/www.europesays.com\/fr\/wp-json\/wp\/v2\/comments?post=471812"}],"version-history":[{"count":0,"href":"https:\/\/www.europesays.com\/fr\/wp-json\/wp\/v2\/posts\/471812\/revisions"}],"wp:featuredmedia":[{"embeddable":true,"href":"https:\/\/www.europesays.com\/fr\/wp-json\/wp\/v2\/media\/471813"}],"wp:attachment":[{"href":"https:\/\/www.europesays.com\/fr\/wp-json\/wp\/v2\/media?parent=471812"}],"wp:term":[{"taxonomy":"category","embeddable":true,"href":"https:\/\/www.europesays.com\/fr\/wp-json\/wp\/v2\/categories?post=471812"},{"taxonomy":"post_tag","embeddable":true,"href":"https:\/\/www.europesays.com\/fr\/wp-json\/wp\/v2\/tags?post=471812"}],"curies":[{"name":"wp","href":"https:\/\/api.w.org\/{rel}","templated":true}]}}