{"id":471816,"date":"2025-10-18T06:20:21","date_gmt":"2025-10-18T06:20:21","guid":{"rendered":"https:\/\/www.europesays.com\/fr\/471816\/"},"modified":"2025-10-18T06:20:21","modified_gmt":"2025-10-18T06:20:21","slug":"cedric-grolet-ouvre-sa-premiere-chocolaterie-sur-paris-inspiree-de-willy-wonka","status":"publish","type":"post","link":"https:\/\/www.europesays.com\/fr\/471816\/","title":{"rendered":"C\u00e9dric Grolet ouvre sa premi\u00e8re chocolaterie sur Paris, inspir\u00e9e de Willy Wonka"},"content":{"rendered":"<p>C\u2019est The place to be pour les fans de chocolat et de Willy Wonka. En ouvrant sa nouvelle p\u00e2tisserie parisienne \u00ab\u00a0C\u00e9dric et la Chocolaterie\u00a0\u00bb, le c\u00e9l\u00e8bre p\u00e2tissier auvergnat C\u00e9dric Grolet cr\u00e9e l\u2019\u00e9v\u00e9nement. Entre ses murs en chocolat, abritant une fontaine g\u00e9ante et des d\u00e9cors aussi magiques que gourmands, nul doute que l\u2019exp\u00e9rience voudra le d\u00e9tour.<\/p>\n<p>Plus de 150 cr\u00e9ations au chocolat<\/p>\n<p>Il n\u2019y a qu\u2019\u00e0 faire un petit tour sur le <a href=\"https:\/\/www.instagram.com\/cedricgrolet\/\" target=\"_blank\" class=\"c-link c-link--is-underlined\" rel=\"noopener\">compte Instagram<\/a> (il compte 13\u00a0millions d\u2019abonn\u00e9s) du chef p\u00e2tissier bien connu du c\u00f4t\u00e9 du Meurice pour se rendre compte de sa palette de talents. V\u00e9ritable artiste culinaire, il a mis au point des p\u00e2tisseries et des chocolats d\u2019exception, avant d\u2019ouvrir plusieurs \u00e9tablissements. Le dernier en date est cette chocolaterie \u00e0 son nom, qui ne laissera personne indiff\u00e9rent.<\/p>\n<p class=\"mb-xxl@xs color-ultramarine font-weight-semi-bold@xs font-source-serif-pro heading-s@xs\">L\u2019acc\u00e8s \u00e0 ce contenu a \u00e9t\u00e9 bloqu\u00e9 afin de respecter votre choix de consentement<\/p>\n<p class=\"mb-m@xs text-l@xs\">En cliquant sur\u00ab J\u2019accepte \u00bb, vous acceptez le d\u00e9p\u00f4t de cookies par des services externes et aurez ainsi acc\u00e8s aux contenus de nos partenaires.<\/p>\n<p class=\"mb-xl@xs text-s@xs\">Plus d\u2019informations sur la page<a href=\"https:\/\/www.20minutes.fr\/gestion-cookies\" class=\"mx-xxs@xs color-ultramarine\" target=\"_blank\" rel=\"noopener\">Politique de gestion des cookies<\/a><\/p>\n<p>J\u2019accepte<\/p>\n<p>Situ\u00e9e au 33, avenue de l\u2019Op\u00e9ra, 75 002 Paris, la boutique \u00ab C\u00e9dric et la Chocolaterie \u00bb ouvrira officiellement ce samedi 18\u00a0octobre 2025 \u00e0 11h.<\/p>\n<p><a href=\"https:\/\/www.cedric-et-la-chocolaterie.com\/\" class=\"c-link c-btn c-btn--primary\" target=\"_blank\" rel=\"noopener\">Le site officiel de \u00ab\u00a0C\u00e9dric et la chocolaterie\u00a0\u00bb<\/a>Trois ans de travail avant que ce projet ne voie le jour<\/p>\n<p>D\u00e9j\u00e0 pr\u00e9sent \u00e0 <a href=\"https:\/\/www.20minutes.fr\/dossier\/londres\" class=\"c-link c-link--is-underlined\" target=\"_blank\" rel=\"noopener\">Londres<\/a>, <a href=\"https:\/\/www.20minutes.fr\/dossier\/singapour\" class=\"c-link c-link--is-underlined\" target=\"_blank\" rel=\"noopener\">Singapour<\/a>, <a href=\"https:\/\/www.20minutes.fr\/dossier\/saint-tropez\" class=\"c-link c-link--is-underlined\" target=\"_blank\" rel=\"noopener\">Saint-Tropez<\/a>, Val-d\u2019Is\u00e8re et <a href=\"https:\/\/www.20minutes.fr\/dossier\/monaco\" class=\"c-link c-link--is-underlined\" target=\"_blank\" rel=\"noopener\">Monaco<\/a>, C\u00e9dric Grolet fait \u00e9galement concurrence \u00e0 Willy Wonka dans la capitale. \u00c0 l\u2019entr\u00e9e de la boutique, un arbre en chocolat accueille les clients avec ses branches cacaot\u00e9es. Les murs couleurs noisette et gla\u00e7age au chocolat fondant offrent un v\u00e9ritable voyage immersif dans la cr\u00e9ation du p\u00e2tissier le plus instagrammable. Les f\u00e8ves de cacao, les pistaches et les cacahu\u00e8tes vous accompagneront \u00e0 chacun de vos pas \u00e0 travers ce v\u00e9ritable mus\u00e9e des sens. Les fruits au chocolat, les fontaines, les oursons enrob\u00e9s\u2026 Rien ne manque pour se faire plaisir et ravir vos papilles.<\/p>\n<p><script async src=\"\/\/www.instagram.com\/embed.js\"><\/script><\/p>\n","protected":false},"excerpt":{"rendered":"C\u2019est The place to be pour les fans de chocolat et de Willy Wonka. En ouvrant sa nouvelle&hellip;\n","protected":false},"author":2,"featured_media":471817,"comment_status":"","ping_status":"","sticky":false,"template":"","format":"standard","meta":{"footnotes":""},"categories":[1888],"tags":[11,1777,674,2656,1011,27,662,12,626,15810,25,5896],"class_list":{"0":"post-471816","1":"post","2":"type-post","3":"status-publish","4":"format-standard","5":"has-post-thumbnail","7":"category-paris","8":"tag-actualites","9":"tag-eu","10":"tag-europe","11":"tag-food","12":"tag-fr","13":"tag-france","14":"tag-ile-de-france","15":"tag-news","16":"tag-paris","17":"tag-patisserie","18":"tag-republique-francaise","19":"tag-tempo"},"share_on_mastodon":{"url":"https:\/\/pubeurope.com\/@fr\/115393725967396952","error":""},"_links":{"self":[{"href":"https:\/\/www.europesays.com\/fr\/wp-json\/wp\/v2\/posts\/471816","targetHints":{"allow":["GET"]}}],"collection":[{"href":"https:\/\/www.europesays.com\/fr\/wp-json\/wp\/v2\/posts"}],"about":[{"href":"https:\/\/www.europesays.com\/fr\/wp-json\/wp\/v2\/types\/post"}],"author":[{"embeddable":true,"href":"https:\/\/www.europesays.com\/fr\/wp-json\/wp\/v2\/users\/2"}],"replies":[{"embeddable":true,"href":"https:\/\/www.europesays.com\/fr\/wp-json\/wp\/v2\/comments?post=471816"}],"version-history":[{"count":0,"href":"https:\/\/www.europesays.com\/fr\/wp-json\/wp\/v2\/posts\/471816\/revisions"}],"wp:featuredmedia":[{"embeddable":true,"href":"https:\/\/www.europesays.com\/fr\/wp-json\/wp\/v2\/media\/471817"}],"wp:attachment":[{"href":"https:\/\/www.europesays.com\/fr\/wp-json\/wp\/v2\/media?parent=471816"}],"wp:term":[{"taxonomy":"category","embeddable":true,"href":"https:\/\/www.europesays.com\/fr\/wp-json\/wp\/v2\/categories?post=471816"},{"taxonomy":"post_tag","embeddable":true,"href":"https:\/\/www.europesays.com\/fr\/wp-json\/wp\/v2\/tags?post=471816"}],"curies":[{"name":"wp","href":"https:\/\/api.w.org\/{rel}","templated":true}]}}