{"id":471818,"date":"2025-10-18T06:21:34","date_gmt":"2025-10-18T06:21:34","guid":{"rendered":"https:\/\/www.europesays.com\/fr\/471818\/"},"modified":"2025-10-18T06:21:34","modified_gmt":"2025-10-18T06:21:34","slug":"la-russie-revendique-la-prise-de-trois-villages-dans-les-regions-de-kharkiv-et-dnipropetrovsk-2","status":"publish","type":"post","link":"https:\/\/www.europesays.com\/fr\/471818\/","title":{"rendered":"la Russie revendique la prise de trois villages dans les r\u00e9gions de Kharkiv et Dnipropetrovsk"},"content":{"rendered":"<p class=\"mb-4 text-lg md:leading-8 break-words\">La Russie a revendiqu\u00e9 ce vendredi 17 octobre la prise de trois villages des r\u00e9gions de Kharkiv et Dnipropetrovsk dans l&rsquo;est de l&rsquo;Ukraine, notamment des zones que Kiev avait reprises il y a trois ans lors d&rsquo;une contre-offensive surprise. L&rsquo;arm\u00e9e russe a annonc\u00e9 sur Telegram s&rsquo;\u00eatre empar\u00e9e des localit\u00e9s de Pichtchan\u00e9 et Tykhe dans la r\u00e9gion de Kharkiv, ainsi que de Pryvillia, dans la r\u00e9gion de Dnipropetrovsk.<\/p>\n<p class=\"mb-4 text-lg md:leading-8 break-words\">Les forces russes gagnent progressivement du terrain au cours de combats acharn\u00e9s dans les r\u00e9gions d\u00e9vast\u00e9es de la partie orientale de l&rsquo;Ukraine.<\/p>\n<p>19% du territoire ukrainien sous contr\u00f4le russe<\/p>\n<p class=\"mb-4 text-lg md:leading-8 break-words\">Fin septembre, la Russie exer\u00e7ait un contr\u00f4le total ou partiel de 19% du territoire ukrainien, selon l&rsquo;analyse par l&rsquo;AFP des donn\u00e9es fournies par l&rsquo;Institut am\u00e9ricain pour l&rsquo;\u00e9tude de la guerre (ISW), qui travaille avec le Critical Threats Project (CTP).<\/p>\n<p class=\"mb-4 text-lg md:leading-8 break-words\">Quelque 7%, \u00e0 savoir la Crim\u00e9e et des zones du Donbass, \u00e9taient d\u00e9j\u00e0 contr\u00f4l\u00e9s par Moscou avant le d\u00e9but de l&rsquo;invasion de f\u00e9vrier 2022.<\/p>\n<p class=\"mb-4 text-lg md:leading-8 break-words\">Quatre personnes, dont un enfant, ont \u00e9t\u00e9 tu\u00e9es vendredi dans des frappes dans la r\u00e9gion de Kherson (sud), ont annonc\u00e9 les autorit\u00e9s ukrainiennes et russes.<\/p>\n<p class=\"mb-4 text-lg md:leading-8 break-words\">Selon le responsable russe nomm\u00e9 par Moscou dans la partie de cette r\u00e9gion contr\u00f4l\u00e9e par les forces russes, deux adultes et un enfant ont \u00e9t\u00e9 tu\u00e9s par une frappe ukrainienne.<\/p>\n<p class=\"mb-4 text-lg md:leading-8 break-words\">La police ukrainienne a de son c\u00f4t\u00e9 annonc\u00e9 qu&rsquo;une frappe russe dans la partie contr\u00f4l\u00e9e par l&rsquo;Ukraine avait fait un mort et 14 bless\u00e9s.<\/p>\n<p>Rencontre imminente avec Donald Trump<\/p>\n<p class=\"mb-4 text-lg md:leading-8 break-words\">Cette annonce intervient alors que le pr\u00e9sident ukrainien <a data-i13n=\"cpos:1;pos:1\" href=\"https:\/\/fr.news.yahoo.com\/guerre-ukraine-donald-trump-sentretient-153115283.html\" data-ylk=\"slk:Volodymyr Zelensky;cpos:1;pos:1;elm:context_link;itc:0;sec:content-canvas;outcm:mb_qualified_link;_E:mb_qualified_link;ct:story;\" class=\"link  yahoo-link\" rel=\"nofollow noopener\" target=\"_blank\"><strong>Volodymyr Zelensky<\/strong><\/a> a indiqu\u00e9 le m\u00eame jour avoir rencontr\u00e9 des repr\u00e9sentants du fabricant am\u00e9ricain des syst\u00e8mes de <a data-i13n=\"cpos:2;pos:1\" href=\"https:\/\/fr.news.yahoo.com\/donald-trump-dit-pr%C3%AAt-%C3%A0-053138204.html\" data-ylk=\"slk:missiles Tomahawk;cpos:2;pos:1;elm:context_link;itc:0;sec:content-canvas;outcm:mb_qualified_link;_E:mb_qualified_link;ct:story;\" class=\"link  yahoo-link\" rel=\"nofollow noopener\" target=\"_blank\"><strong>missiles Tomahawk<\/strong><\/a> et Patriot que Kiev r\u00e9clame pour se d\u00e9fendre contre l&rsquo;invasion russe.<\/p>\n<p class=\"mb-4 text-lg md:leading-8 break-words\">La veille, <a data-i13n=\"cpos:3;pos:1\" href=\"https:\/\/fr.news.yahoo.com\/guerre-ukraine-donald-trump-sentretient-153115283.html\" data-ylk=\"slk:Donald Trump s&#039;est entretenu avec Vladimir Poutine;cpos:3;pos:1;elm:context_link;itc:0;sec:content-canvas;outcm:mb_qualified_link;_E:mb_qualified_link;ct:story;\" class=\"link  yahoo-link\" rel=\"nofollow noopener\" target=\"_blank\">Donald Trump s&rsquo;est entretenu avec Vladimir Poutine<\/a>. Le pr\u00e9sident am\u00e9ricain a d\u00e9clar\u00e9 qu&rsquo;il pourrait fournir ces armes \u00e0 l&rsquo;Ukraine si la Russie refusait de n\u00e9gocier la fin du conflit. Mais \u00e0 l&rsquo;issue de cette rencontre, les deux hommes se sont donn\u00e9s rendez-vous la semaine prochaine pour un nouvel entretien, cette fois, en face \u00e0 face en Hongrie.<\/p>\n<p class=\"mb-4 text-lg md:leading-8 break-words\">Volodymyr Zelensky doit se rendre ce vendredi \u00e0 la Maison Blanche en visite officielle. La derni\u00e8re fois que le chef de l&rsquo;\u00c9tat am\u00e9ricain avait rencontr\u00e9 son homologue ukrainien, le 18 ao\u00fbt, Donald Trump avait d\u00e9clar\u00e9 que \u00ab\u00a0le pr\u00e9sident Poutine [l&rsquo;] a vraiment laiss\u00e9 tomber\u00a0\u00bb.<\/p>\n<p class=\"mb-4 text-lg md:leading-8 break-words\">La Russie ne cesse d&rsquo;attaquer d&rsquo;envoyer des drones sur les villes pour perp\u00e9trer des attaques sur les infrastructures \u00e9nerg\u00e9tiques du pays. Des coupures de courant ont \u00e9t\u00e9 instaur\u00e9es jeudi dans toute l&rsquo;Ukraine pour le deuxi\u00e8me jour cons\u00e9cutif en raison des d\u00e9g\u00e2ts caus\u00e9s par des frappes russes, selon l&rsquo;op\u00e9rateur du r\u00e9seau. Ces attaques font de nombreuses victimes civiles.<\/p>\n<p class=\"mb-4 text-lg md:leading-8 break-words\">Pour faire face \u00e0 ces frappes massives, les Ukrainiens veulent renforcer l&rsquo;efficacit\u00e9 de leurs d\u00e9fenses antia\u00e9riennes.<\/p>\n<p class=\"mb-4 text-lg md:leading-8 break-words\"><a data-i13n=\"cpos:4;pos:1\" href=\"https:\/\/www.bfmtv.com\/international\/asie\/russie\/guerre-en-ukraine-la-russie-revendique-la-prise-de-trois-villages-dans-les-regions-de-kharkiv-et-dnipropetrovsk_AN-202510170536.html#xtor=AL-68\" rel=\"nofollow noopener\" target=\"_blank\" data-ylk=\"slk:Article original publi\u00e9 sur BFMTV.com;cpos:4;pos:1;elm:context_link;itc:0;sec:content-canvas\" class=\"link \">Article original publi\u00e9 sur BFMTV.com<\/a><\/p>\n","protected":false},"excerpt":{"rendered":"La Russie a revendiqu\u00e9 ce vendredi 17 octobre la prise de trois villages des r\u00e9gions de Kharkiv et&hellip;\n","protected":false},"author":2,"featured_media":471819,"comment_status":"","ping_status":"","sticky":false,"template":"","format":"standard","meta":{"footnotes":""},"categories":[1591],"tags":[11,41452,75,1887,5493,2794,2489,12,1885,1886,132],"class_list":{"0":"post-471818","1":"post","2":"type-post","3":"status-publish","4":"format-standard","5":"has-post-thumbnail","7":"category-russie","8":"tag-actualites","9":"tag-dnipropetrovsk","10":"tag-donald-trump","11":"tag-federation-de-russie","12":"tag-lukraine","13":"tag-la-region","14":"tag-la-russie","15":"tag-news","16":"tag-russia","17":"tag-russian-federation","18":"tag-russie"},"share_on_mastodon":{"url":"https:\/\/pubeurope.com\/@fr\/115393729899381995","error":""},"_links":{"self":[{"href":"https:\/\/www.europesays.com\/fr\/wp-json\/wp\/v2\/posts\/471818","targetHints":{"allow":["GET"]}}],"collection":[{"href":"https:\/\/www.europesays.com\/fr\/wp-json\/wp\/v2\/posts"}],"about":[{"href":"https:\/\/www.europesays.com\/fr\/wp-json\/wp\/v2\/types\/post"}],"author":[{"embeddable":true,"href":"https:\/\/www.europesays.com\/fr\/wp-json\/wp\/v2\/users\/2"}],"replies":[{"embeddable":true,"href":"https:\/\/www.europesays.com\/fr\/wp-json\/wp\/v2\/comments?post=471818"}],"version-history":[{"count":0,"href":"https:\/\/www.europesays.com\/fr\/wp-json\/wp\/v2\/posts\/471818\/revisions"}],"wp:featuredmedia":[{"embeddable":true,"href":"https:\/\/www.europesays.com\/fr\/wp-json\/wp\/v2\/media\/471819"}],"wp:attachment":[{"href":"https:\/\/www.europesays.com\/fr\/wp-json\/wp\/v2\/media?parent=471818"}],"wp:term":[{"taxonomy":"category","embeddable":true,"href":"https:\/\/www.europesays.com\/fr\/wp-json\/wp\/v2\/categories?post=471818"},{"taxonomy":"post_tag","embeddable":true,"href":"https:\/\/www.europesays.com\/fr\/wp-json\/wp\/v2\/tags?post=471818"}],"curies":[{"name":"wp","href":"https:\/\/api.w.org\/{rel}","templated":true}]}}