{"id":471823,"date":"2025-10-18T06:24:13","date_gmt":"2025-10-18T06:24:13","guid":{"rendered":"https:\/\/www.europesays.com\/fr\/471823\/"},"modified":"2025-10-18T06:24:13","modified_gmt":"2025-10-18T06:24:13","slug":"royaume-uni-empetre-dans-des-scandales-le-prince-andrew-renonce-a-son-titre-royal-et-a-ses-honneurs","status":"publish","type":"post","link":"https:\/\/www.europesays.com\/fr\/471823\/","title":{"rendered":"Royaume-Uni. Emp\u00eatr\u00e9 dans des\u00a0scandales, le prince Andrew renonce \u00e0 son titre royal et \u00e0 ses honneurs"},"content":{"rendered":"<p>Le <a href=\"https:\/\/www.ledauphine.com\/p\/prince-andrew\" target=\"_blank\" rel=\"nofollow noopener\">prince Andrew<\/a>, emp\u00eatr\u00e9 dans des scandales a annonc\u00e9 vendredi soir renoncer \u00e0 son titre royal tout en \u00ab niant cat\u00e9goriquement \u00bb <a href=\"https:\/\/www.ledauphine.com\/faits-divers-justice\/2024\/01\/05\/la-police-de-londres-n-ouvrira-pas-d-enquete-sur-le-prince-andrew\" target=\"_blank\" rel=\"nofollow noopener\">les accusations contre lui<\/a>. \u00ab Apr\u00e8s avoir discut\u00e9 avec le roi [<a href=\"https:\/\/www.ledauphine.com\/p\/roi-charles-iii\" target=\"_blank\" rel=\"nofollow noopener\">Charles III<\/a>, son fr\u00e8re, NDLR] et ma famille, nous avons conclu que les accusations continuelles \u00e0 mon encontre nuisaient au travail de Sa Majest\u00e9 et de la famille royale. J&rsquo;ai d\u00e9cid\u00e9, comme je l&rsquo;ai toujours fait, de donner la priorit\u00e9 \u00e0 mon devoir envers ma famille et mon pays \u00bb, selon un communiqu\u00e9 du prince. \u00ab Je n&rsquo;utiliserai plus mon titre ni les honneurs qui lui sont conf\u00e9r\u00e9s \u00bb, poursuit le prince, qui <a href=\"https:\/\/www.ledauphine.com\/societe\/2024\/12\/16\/deja-paria-de-la-famille-royale-le-prince-andrew-au-coeur-d-un-nouveau-scandale-embarrassant\" target=\"_blank\" rel=\"nofollow noopener\">s&rsquo;\u00e9tait d\u00e9j\u00e0 retir\u00e9 de la vie publique<\/a> il y a cinq ans sous la pression du scandale.<\/p>\n<p>Le prince, \u00e2g\u00e9 de 65 ans, qui perd donc son titre de duc de York avec effet imm\u00e9diat, est tomb\u00e9 en disgr\u00e2ce en raison de sa proximit\u00e9 avec Jeffrey Epstein, le financier am\u00e9ricain retrouv\u00e9 mort dans sa prison en 2019 avant son proc\u00e8s pour crimes sexuels. Les r\u00e9v\u00e9lations sur ses relations avec Jeffrey Epstein continue \u00e0 s&rsquo;encha\u00eener, notamment avec <a href=\"https:\/\/www.ledauphine.com\/faits-divers-justice\/2025\/08\/25\/les-memoires-posthumes-de-virginia-giuffre-victime-de-jeffrey-epstein-sortiront-en-octobre\" target=\"_blank\" rel=\"nofollow noopener\">la parution prochaine d&rsquo;un livre posthume<\/a>, dont des extraits ont \u00e9t\u00e9 publi\u00e9s dans la presse. Dans ce livre, Virginia Giuffre, principale accusatrice du prince Andrew, a racont\u00e9 les relations qu&rsquo;elle dit avoir eues avec lui quand elle n&rsquo;avait que 17 ans.<\/p>\n<p>Aucun r\u00f4le depuis 2019<\/p>\n<p>Virginia\u00a0Giuffre, qui s&rsquo;est suicid\u00e9e en avril \u00e0 l&rsquo;\u00e2ge de 41 ans, avait engag\u00e9 des poursuites en 2021 contre le prince Andrew. Celui-ci a toujours ni\u00e9 les accusations d&rsquo;agressions sexuelles et \u00e9vit\u00e9 un proc\u00e8s \u00e0 New York en versant plusieurs millions de dollars. Il n&rsquo;a plus aucun r\u00f4le public depuis novembre 2019 et a perdu ses titres militaires et patronages royaux en 2022. Andrew gardera cependant son titre de prince, \u00e9tant le fils de la reine Elizabeth II, d\u00e9c\u00e9d\u00e9e en 2022.<\/p>\n","protected":false},"excerpt":{"rendered":"Le prince Andrew, emp\u00eatr\u00e9 dans des scandales a annonc\u00e9 vendredi soir renoncer \u00e0 son titre royal tout en&hellip;\n","protected":false},"author":2,"featured_media":470583,"comment_status":"","ping_status":"","sticky":false,"template":"","format":"standard","meta":{"footnotes":""},"categories":[1588],"tags":[11,1777,674,107,329,12,973,316,473,1853,1851,1850,1852],"class_list":{"0":"post-471823","1":"post","2":"type-post","3":"status-publish","4":"format-standard","5":"has-post-thumbnail","7":"category-royaume-uni","8":"tag-actualites","9":"tag-eu","10":"tag-europe","11":"tag-fil-info","12":"tag-france-monde","13":"tag-news","14":"tag-people","15":"tag-politique","16":"tag-royaume-uni","17":"tag-royaume-uni-de-grande-bretagne-et-dirlande-du-nord","18":"tag-uk","19":"tag-united-kingdom","20":"tag-united-kingdom-of-great-britain-and-northern-ireland"},"share_on_mastodon":{"url":"https:\/\/pubeurope.com\/@fr\/115393741701979866","error":""},"_links":{"self":[{"href":"https:\/\/www.europesays.com\/fr\/wp-json\/wp\/v2\/posts\/471823","targetHints":{"allow":["GET"]}}],"collection":[{"href":"https:\/\/www.europesays.com\/fr\/wp-json\/wp\/v2\/posts"}],"about":[{"href":"https:\/\/www.europesays.com\/fr\/wp-json\/wp\/v2\/types\/post"}],"author":[{"embeddable":true,"href":"https:\/\/www.europesays.com\/fr\/wp-json\/wp\/v2\/users\/2"}],"replies":[{"embeddable":true,"href":"https:\/\/www.europesays.com\/fr\/wp-json\/wp\/v2\/comments?post=471823"}],"version-history":[{"count":0,"href":"https:\/\/www.europesays.com\/fr\/wp-json\/wp\/v2\/posts\/471823\/revisions"}],"wp:featuredmedia":[{"embeddable":true,"href":"https:\/\/www.europesays.com\/fr\/wp-json\/wp\/v2\/media\/470583"}],"wp:attachment":[{"href":"https:\/\/www.europesays.com\/fr\/wp-json\/wp\/v2\/media?parent=471823"}],"wp:term":[{"taxonomy":"category","embeddable":true,"href":"https:\/\/www.europesays.com\/fr\/wp-json\/wp\/v2\/categories?post=471823"},{"taxonomy":"post_tag","embeddable":true,"href":"https:\/\/www.europesays.com\/fr\/wp-json\/wp\/v2\/tags?post=471823"}],"curies":[{"name":"wp","href":"https:\/\/api.w.org\/{rel}","templated":true}]}}