{"id":471826,"date":"2025-10-18T06:26:11","date_gmt":"2025-10-18T06:26:11","guid":{"rendered":"https:\/\/www.europesays.com\/fr\/471826\/"},"modified":"2025-10-18T06:26:11","modified_gmt":"2025-10-18T06:26:11","slug":"4-idees-de-circuits-culturels-en-europe-de-lest-a-decouvrir-en-2026","status":"publish","type":"post","link":"https:\/\/www.europesays.com\/fr\/471826\/","title":{"rendered":"4 id\u00e9es de circuits culturels en Europe de l\u2019Est \u00e0 d\u00e9couvrir en 2026"},"content":{"rendered":"<p>\n    Des tr\u00e9sors de l\u2019Unesco en Albanie aux \u00eeles du sud de la Croatie en passant par les paysages \u00e9poustouflants de la G\u00e9orgie, voici notre s\u00e9lection de destinations o\u00f9 partir en Europe de l\u2019Est.<\/p>\n<p>L\u2019Albanie et les tr\u00e9sors de l\u2019Unesco<\/p>\n<p>    L\u2019Albanie, v\u00e9ritable joyau cach\u00e9 des Balkans, s\u00e9duit par la richesse de son histoire et la diversit\u00e9 de ses paysages.<br \/>\n                C. Lecomte\/Arts et Vie<\/p>\n<p class=\"fig-paragraph\"><a href=\"http:\/\/www.lefigaro.fr\/voyages\/selection\/circuit-en-albanie-10-jours-l-albanie-et-les-tresors-de-l-unesco-20250322\" data-fig-type=\"Trip\" rel=\"sponsored noopener\" data-gtm-custom-categorie=\"navigation\" data-gtm-custom-action=\"crossclick\" data-gtm-custom-label=\"Contextuel\" data-gtm-event=\"customEventSPE\" data-fig-domain=\"LEFIGARO\" target=\"_blank\"><strong>D\u00e9couvrir ce voyage en Albanie<\/strong><\/a><\/p>\n<p class=\"fig-paragraph\">L\u2019Albanie ne se d\u00e9couvre pas seulement \u00e0 travers ses monuments.\u00a0<a href=\"http:\/\/www.lefigaro.fr\/voyages\/selection\/circuit-en-albanie-10-jours-l-albanie-et-les-tresors-de-l-unesco-20250322\" data-fig-type=\"Trip\" rel=\"sponsored noopener\" data-gtm-custom-categorie=\"navigation\" data-gtm-custom-action=\"crossclick\" data-gtm-custom-label=\"Contextuel\" data-gtm-event=\"customEventSPE\" data-fig-domain=\"LEFIGARO\" target=\"_blank\">Elle vit dans la convivialit\u00e9 de ses habitants, dans la richesse de ses traditions et dans les saveurs de sa gastronomie<\/a>. D\u00e9guster un byrek croustillant, \u00e9couter les polyphonies albanaises class\u00e9es \u00e0 l\u2019Unesco, parcourir les march\u00e9s anim\u00e9s o\u00f9 se m\u00ealent senteurs m\u00e9diterran\u00e9ennes et influences orientales\u00a0: autant d\u2019exp\u00e9riences qui rendent ce voyage inoubliable. Fl\u00e2ner dans les ruelles de Kruj\u00eb, assister \u00e0 une d\u00e9monstration de danses folkloriques ou encore d\u00e9couvrir les vignobles locaux sont autant de moments qui t\u00e9moignent de l\u2019authenticit\u00e9 et de la chaleur de cette terre d\u2019accueil.<\/p>\n<p class=\"fig-paragraph\"><strong>Plus d\u2019informations sur ce s\u00e9jour en Albanie avec Arts et Vie au 0140432021<\/strong><\/p>\n<p class=\"fig-body-cta-link\" data-module=\"fig-cta-link\" data-context=\"was @visible\">\n    <a class=\"fig-body-cta-link__link\" href=\"https:\/\/lb.affilae.com\/r\/?p=67d2b38cde428c93bf9ef734&amp;af=10&amp;ad=4&amp;lp=https%3A%2F%2Fwww.artsetvie.com%2Fvoyages%2Fcircuit-en-albanie-lalbanie-et-les-tresors-de-lunesco-1389%2F%3Futm_source%3Dfigaro%2520voyage%26utm_medium%3Dsiteweb%26utm_campaign%3Dfr_figarovoyage_albanie_mars25%26utm_term%3Dmars25\" target=\"_blank\" rel=\"nofollow noopener\" data-js-gtm=\"{&quot;event&quot;:&quot;customEventGA4&quot;,&quot;eventName&quot;:&quot;click_exit&quot;,&quot;button_action&quot;:&quot;crossclick&quot;,&quot;feature&quot;:&quot;Contextuel_bouton&quot;,&quot;feature_details&quot;:&quot;EN SAVOIR PLUS&quot;,&quot;link_url&quot;:&quot;https:\\\/\\\/lb.affilae.com\\\/r\\\/?p=67d2b38cde428c93bf9ef734&amp;af=10&amp;ad=4&amp;lp=https%3A%2F%2Fwww.artsetvie.com%2Fvoyages%2Fcircuit-en-albanie-lalbanie-et-les-tresors-de-lunesco-1389%2F%3Futm_source%3Dfigaro%2520voyage%26utm_medium%3Dsiteweb%26utm_campaign%3Dfr_figarovoyage_albanie_mars25%26utm_term%3Dmars25&quot;}\"><br \/>\n                EN SAVOIR PLUS<br \/>\n    <\/a>\n<\/p>\n<p><strong>Voyage en Dalmatie\u00a0: les \u00eeles du Sud de la Croatie<\/strong><\/p>\n<p>    Cercle des Voyages vous invite \u00e0 d\u00e9couvrir la Croatie, joyau de l\u2019Adriatique o\u00f9 histoire et nature s\u2019entrelacent harmonieusement.<br \/>\n                Don Mammoser \/ donyanedomam &#8211; stock.adobe.com<\/p>\n<p class=\"fig-paragraph\"><a href=\"http:\/\/www.lefigaro.fr\/voyages\/selection\/sejour-croatie-15-jours-voyage-en-dalmatie-les-iles-du-sud-20250408\" data-fig-type=\"Trip\" rel=\"sponsored noopener\" data-gtm-custom-categorie=\"navigation\" data-gtm-custom-action=\"crossclick\" data-gtm-custom-label=\"Contextuel\" data-gtm-event=\"customEventSPE\" data-fig-domain=\"LEFIGARO\" target=\"_blank\"><strong>D\u00e9couvrir ce voyage en Croatie<\/strong><\/a><\/p>\n<p class=\"fig-paragraph\">Ce voyage en Croatie est une parenth\u00e8se enchant\u00e9e entre mer et histoire. De Dubrovnik, perle de l\u2019Adriatique, aux \u00eeles aux charmes uniques comme Kor\u010dula et Bra\u010d, chaque \u00e9tape \u00e9merveille. Split d\u00e9voile son pass\u00e9 antique \u00e0 travers le Palais de Diocl\u00e9tien, tandis que les cascades de Krka et la cit\u00e9 de Trogir ajoutent une touche de magie.\u00a0<a href=\"http:\/\/www.lefigaro.fr\/voyages\/selection\/sejour-croatie-15-jours-voyage-en-dalmatie-les-iles-du-sud-20250408\" data-fig-type=\"Trip\" rel=\"sponsored noopener\" data-gtm-custom-categorie=\"navigation\" data-gtm-custom-action=\"crossclick\" data-gtm-custom-label=\"Contextuel\" data-gtm-event=\"customEventSPE\" data-fig-domain=\"LEFIGARO\" target=\"_blank\">Plus qu\u2019un itin\u00e9raire, c\u2019est une immersion dans une culture chaleureuse et des paysages \u00e0 couper le souffle, qui laissent une seule envie\u00a0: y retourner.<\/a><\/p>\n<p class=\"fig-paragraph\"><strong>Plus d\u2019informations sur ce s\u00e9jour en Croatie avec Cercle des Voyages au 0181229542<\/strong><\/p>\n<p class=\"fig-body-cta-link\" data-module=\"fig-cta-link\" data-context=\"was @visible\">\n    <a class=\"fig-body-cta-link__link\" href=\"https:\/\/lb.affilae.com\/r\/?p=66043b616f522c502ef70b21&amp;af=6&amp;ad=38&amp;lp=https%3A%2F%2Fwww.cercledesvoyages.com%2Fvoyage%2Fla-croatie-dile-en-ile-de-dubrovnik-a-split%2F%3Futm_source%3Dfigaro%26utm_medium%3Dreferral%26utm_campaign%3Dcroatie\" target=\"_blank\" rel=\"nofollow noopener\" data-js-gtm=\"{&quot;event&quot;:&quot;customEventGA4&quot;,&quot;eventName&quot;:&quot;click_exit&quot;,&quot;button_action&quot;:&quot;crossclick&quot;,&quot;feature&quot;:&quot;Contextuel_bouton&quot;,&quot;feature_details&quot;:&quot;EN SAVOIR PLUS&quot;,&quot;link_url&quot;:&quot;https:\\\/\\\/lb.affilae.com\\\/r\\\/?p=66043b616f522c502ef70b21&amp;af=6&amp;ad=38&amp;lp=https%3A%2F%2Fwww.cercledesvoyages.com%2Fvoyage%2Fla-croatie-dile-en-ile-de-dubrovnik-a-split%2F%3Futm_source%3Dfigaro%26utm_medium%3Dreferral%26utm_campaign%3Dcroatie&quot;}\"><br \/>\n                EN SAVOIR PLUS<br \/>\n    <\/a>\n<\/p>\n<p>La G\u00e9orgie autrement<\/p>\n<p>    Les Maisons du Voyage vous invitent \u00e0 la rencontre d\u2019un pays m\u00e9connu \u00e0 l\u2019histoire plurimill\u00e9naire, au c\u0153ur des paysages \u00e9poustouflants du Caucase.<br \/>\n                Ryhor Bruyeu (Grisha Bruev) \/ Grigory Bruev &#8211; stock.adobe.com<\/p>\n<p class=\"fig-paragraph\"><a href=\"http:\/\/www.lefigaro.fr\/voyages\/selection\/la-georgie-autrement-20210414\" data-fig-type=\"Trip\" rel=\"sponsored noopener\" data-gtm-custom-categorie=\"navigation\" data-gtm-custom-action=\"crossclick\" data-gtm-custom-label=\"Contextuel\" data-gtm-event=\"customEventSPE\" data-fig-domain=\"LEFIGARO\" target=\"_blank\"><strong>D\u00e9couvrir ce voyage en G\u00e9orgie<\/strong><\/a><\/p>\n<p class=\"fig-paragraph\">Sur mesure, le programme int\u00e8gre des nuit\u00e9es chez l\u2019habitant et en maison d\u2019h\u00f4tes. Autant d\u2019\u00e9tapes en milieu rural pour rencontrer des artisans fabriquant des jarres traditionnelles, des viticulteurs, des fermiers bio, des religieuses produisant fromages et miel. Car outre la d\u00e9couverte du patrimoine d\u2019exception de cette terre de mythes et de l\u00e9gendes,\u00a0<a href=\"http:\/\/www.lefigaro.fr\/voyages\/selection\/la-georgie-autrement-20210414\" data-fig-type=\"Trip\" rel=\"sponsored noopener\" data-gtm-custom-categorie=\"navigation\" data-gtm-custom-action=\"crossclick\" data-gtm-custom-label=\"Contextuel\" data-gtm-event=\"customEventSPE\" data-fig-domain=\"LEFIGARO\" target=\"_blank\">le voyage est l\u2019occasion de profiter de l\u2019hospitalit\u00e9 bien r\u00e9elle des G\u00e9orgiens<\/a>, tout en contribuant au d\u00e9veloppement \u00e9conomique, social et patrimonial du pays.<\/p>\n<p class=\"fig-paragraph\"><strong>Plus d\u2019informations sur ce s\u00e9jour en G\u00e9orgie avec Les Maisons du Voyage au 0187225482<\/strong><\/p>\n<p class=\"fig-body-cta-link\" data-module=\"fig-cta-link\" data-context=\"was @visible\">\n    <a class=\"fig-body-cta-link__link\" href=\"https:\/\/lb.affilae.com\/r\/?p=624d606227bd0615a087aa1c&amp;af=1&amp;ad=16&amp;lp=https%3A%2F%2Fwww.maisonsduvoyage.com%2Forient%2Fgeorgie%2Fvoyage-sur-mesure%2Fla-georgie-autrement%3Futm_source%3Ddeal_figaro%26utm_medium%3Dlien_cta%26utm_campaign%3Dfigaro_georgie_autrement\" target=\"_blank\" rel=\"nofollow noopener\" data-js-gtm=\"{&quot;event&quot;:&quot;customEventGA4&quot;,&quot;eventName&quot;:&quot;click_exit&quot;,&quot;button_action&quot;:&quot;crossclick&quot;,&quot;feature&quot;:&quot;Contextuel_bouton&quot;,&quot;feature_details&quot;:&quot;EN SAVOIR PLUS&quot;,&quot;link_url&quot;:&quot;https:\\\/\\\/lb.affilae.com\\\/r\\\/?p=624d606227bd0615a087aa1c&amp;af=1&amp;ad=16&amp;lp=https%3A%2F%2Fwww.maisonsduvoyage.com%2Forient%2Fgeorgie%2Fvoyage-sur-mesure%2Fla-georgie-autrement%3Futm_source%3Ddeal_figaro%26utm_medium%3Dlien_cta%26utm_campaign%3Dfigaro_georgie_autrement&quot;}\"><br \/>\n                EN SAVOIR PLUS<br \/>\n    <\/a>\n<\/p>\n<p>La Croisi\u00e8re au fil du Danube<\/p>\n<p>    Une croisi\u00e8re culturelle sur un fleuve majestueux pour un voyage riche et passionnant \u00e0 travers les pays et l\u2019histoire.<br \/>\n                Adobestock<\/p>\n<p class=\"fig-paragraph\"><a href=\"http:\/\/www.lefigaro.fr\/voyages\/selection\/la-croisiere-au-fil-du-danube-20240718\" data-fig-type=\"Trip\" rel=\"sponsored noopener\" data-gtm-custom-categorie=\"navigation\" data-gtm-custom-action=\"crossclick\" data-gtm-custom-label=\"Contextuel\" data-gtm-event=\"customEventSPE\" data-fig-domain=\"LEFIGARO\" target=\"_blank\"><strong>D\u00e9couvrir ce voyage au fil du Danube<\/strong><\/a><\/p>\n<p class=\"fig-paragraph\">Laissez-vous porter au fil de l\u2019eau et des concerts sur le Danube.\u00a0<a href=\"http:\/\/www.lefigaro.fr\/voyages\/selection\/la-croisiere-au-fil-du-danube-20240718\" data-fig-type=\"Trip\" rel=\"sponsored noopener\" data-gtm-custom-categorie=\"navigation\" data-gtm-custom-action=\"crossclick\" data-gtm-custom-label=\"Contextuel\" data-gtm-event=\"customEventSPE\" data-fig-domain=\"LEFIGARO\" target=\"_blank\">Pendant huit jours, allez \u00e0 la rencontre des grandes capitales de l\u2019ancien Empire austro-hongrois et d\u00e9couvrez leur patrimoine culturel foisonnant<\/a>. Des m\u00e9andres du fleuve aux m\u00e9andres de l\u2019Histoire\u00a0: Melk, Vienne, Bratislava, Budapest, Linz, nous vous proposons un rendez-vous sur le fleuve de la culture et de la musique par excellence. Au programme\u00a0: trois concerts \u00e0 terre dans des lieux historiques et trois r\u00e9citals de piano \u00e0 bord par le concertiste Bruno Membray enchanteront vos soir\u00e9es.<\/p>\n<p class=\"fig-paragraph\"><strong>Plus d\u2019informations sur ce s\u00e9jour au fi du Danube avec Les Voyages F au 0187229609<\/strong><\/p>\n<p class=\"fig-body-cta-link\" data-module=\"fig-cta-link\" data-context=\"was @visible\">\n    <a class=\"fig-body-cta-link__link\" href=\"https:\/\/lb.affilae.com\/r\/?p=634524ae85241d4aa9b4f639&amp;af=4&amp;ad=39&amp;lp=https%3A%2F%2Flesvoyagesf.lefigaro.fr%2Fau-fil-du-danube\" target=\"_blank\" rel=\"nofollow noopener\" data-js-gtm=\"{&quot;event&quot;:&quot;customEventGA4&quot;,&quot;eventName&quot;:&quot;click_navigation&quot;,&quot;button_action&quot;:&quot;crossclick&quot;,&quot;feature&quot;:&quot;Contextuel_bouton&quot;,&quot;feature_details&quot;:&quot;D\\u00c9COUVRIR&quot;,&quot;link_url&quot;:&quot;https:\\\/\\\/lb.affilae.com\\\/r\\\/?p=634524ae85241d4aa9b4f639&amp;af=4&amp;ad=39&amp;lp=https%3A%2F%2Flesvoyagesf.lefigaro.fr%2Fau-fil-du-danube&quot;}\"><br \/>\n                D\u00c9COUVRIR<br \/>\n    <\/a>\n<\/p>\n<p class=\"fig-paragraph\">Contenu con\u00e7u et propos\u00e9 par nos Experts bons plans et voyages. L\u2019\u00e9quipe Bons plans et voyages du Figaro est ind\u00e9pendante de la r\u00e9daction.<\/p>\n<p class=\"fig-paragraph\">Certains liens sont track\u00e9s et peuvent g\u00e9n\u00e9rer une commission pour Le Figaro. Les prix mentionn\u00e9s dans cet article le sont \u00e0 titre indicatif et sont susceptibles d\u2019\u00e9voluer.<\/p>\n","protected":false},"excerpt":{"rendered":"Des tr\u00e9sors de l\u2019Unesco en Albanie aux \u00eeles du sud de la Croatie en passant par les paysages&hellip;\n","protected":false},"author":2,"featured_media":471827,"comment_status":"","ping_status":"","sticky":false,"template":"","format":"standard","meta":{"footnotes":""},"categories":[1586],"tags":[11,1777,674,1011,27,12,25,602],"class_list":{"0":"post-471826","1":"post","2":"type-post","3":"status-publish","4":"format-standard","5":"has-post-thumbnail","7":"category-europe","8":"tag-actualites","9":"tag-eu","10":"tag-europe","11":"tag-fr","12":"tag-france","13":"tag-news","14":"tag-republique-francaise","15":"tag-tourisme"},"share_on_mastodon":{"url":"https:\/\/pubeurope.com\/@fr\/115393749690865182","error":""},"_links":{"self":[{"href":"https:\/\/www.europesays.com\/fr\/wp-json\/wp\/v2\/posts\/471826","targetHints":{"allow":["GET"]}}],"collection":[{"href":"https:\/\/www.europesays.com\/fr\/wp-json\/wp\/v2\/posts"}],"about":[{"href":"https:\/\/www.europesays.com\/fr\/wp-json\/wp\/v2\/types\/post"}],"author":[{"embeddable":true,"href":"https:\/\/www.europesays.com\/fr\/wp-json\/wp\/v2\/users\/2"}],"replies":[{"embeddable":true,"href":"https:\/\/www.europesays.com\/fr\/wp-json\/wp\/v2\/comments?post=471826"}],"version-history":[{"count":0,"href":"https:\/\/www.europesays.com\/fr\/wp-json\/wp\/v2\/posts\/471826\/revisions"}],"wp:featuredmedia":[{"embeddable":true,"href":"https:\/\/www.europesays.com\/fr\/wp-json\/wp\/v2\/media\/471827"}],"wp:attachment":[{"href":"https:\/\/www.europesays.com\/fr\/wp-json\/wp\/v2\/media?parent=471826"}],"wp:term":[{"taxonomy":"category","embeddable":true,"href":"https:\/\/www.europesays.com\/fr\/wp-json\/wp\/v2\/categories?post=471826"},{"taxonomy":"post_tag","embeddable":true,"href":"https:\/\/www.europesays.com\/fr\/wp-json\/wp\/v2\/tags?post=471826"}],"curies":[{"name":"wp","href":"https:\/\/api.w.org\/{rel}","templated":true}]}}