{"id":471836,"date":"2025-10-18T06:33:11","date_gmt":"2025-10-18T06:33:11","guid":{"rendered":"https:\/\/www.europesays.com\/fr\/471836\/"},"modified":"2025-10-18T06:33:11","modified_gmt":"2025-10-18T06:33:11","slug":"couteau-suisse-artere-bouchee-suivi-par-galthie-cinq-choses-a-savoir-sur-kalvin-gourgues-le-jeune-phenomene-du-stade-toulousain","status":"publish","type":"post","link":"https:\/\/www.europesays.com\/fr\/471836\/","title":{"rendered":"couteau suisse, art\u00e8re bouch\u00e9e, suivi par Galthi\u00e9&#8230; Cinq choses \u00e0 savoir sur Kalvin Gourgues, le jeune ph\u00e9nom\u00e8ne du Stade Toulousain"},"content":{"rendered":"<p>\n    <strong>PORTRAIT &#8211;<\/strong> R\u00e9v\u00e9lation toulousaine du d\u00e9but de saison, le prometteur trois-quarts marque les esprits, jusqu\u2019\u00e0 retenir l\u2019attention du s\u00e9lectionneur des Bleus alors qu\u2019il n\u2019a que 20 ans.<\/p>\n<p>La sensation du d\u00e9but de saison<\/p>\n<p class=\"fig-paragraph\">Le r\u00e9servoir du Stade Toulousain, club le plus titr\u00e9 du rugby fran\u00e7ais (24 boucliers de Brennus et 6 Champions Cup), semble in\u00e9puisable. Le club haut-garonnais,\u00a0<a href=\"http:\/\/www.lefigaro.fr\/sports\/rugby\/top-14\/finale-top-14-toulouse-remporte-un-24e-bouclier-de-brennus-en-dominant-l-ubb-au-bout-de-la-prolongation-20250628\" data-fig-type=\"NewsFlash\" data-gtm-custom-categorie=\"navigation\" data-gtm-custom-action=\"crossclick\" data-gtm-custom-label=\"Contextuel\" data-gtm-event=\"customEventSPE\" data-fig-domain=\"LEFIGARO\" target=\"_blank\" rel=\"noopener\">triple champion de France en titre<\/a>, est r\u00e9put\u00e9 depuis longtemps pour la qualit\u00e9 de sa formation. Et, en ce d\u00e9but de saison, c\u2019est le jeune\u00a0<a href=\"http:\/\/www.lefigaro.fr\/sports\/rugby\/top-14\/toulouse-ubb-gourgues-sur-une-autre-planete-face-a-des-girondins-absents-les-tops-et-les-flops-20251012\" data-fig-type=\"NewsFlash\" data-gtm-custom-categorie=\"navigation\" data-gtm-custom-action=\"crossclick\" data-gtm-custom-label=\"Contextuel\" data-gtm-event=\"customEventSPE\" data-fig-domain=\"LEFIGARO\" target=\"_blank\" rel=\"noopener\">Kalvin Gourgues<\/a>, seulement 20 ans et \u00e9blouissant au centre de l\u2019attaque des Rouge et Noir, qui cr\u00e8ve l\u2019\u00e9cran. Explosif, impitoyable dans les duels, redoutable pour faire jouer apr\u00e8s lui. Celui qui a commenc\u00e9 le rugby \u00e0 Grenade-sur-Garonne, \u00e0 30 km au nord de Toulouse, impressionne par ses qualit\u00e9s athl\u00e9tiques et son aisance balle en main. Perfectionniste, il n\u2019h\u00e9site jamais \u00e0 pointer ce qui ne va pas dans son jeu, ce qu\u2019il aurait pu mieux faire.<\/p>\n<p class=\"fig-paragraph\">\u00abChaque minute sur le terrain, c\u2019est juste un moment de bonheur. Je n\u2019essaie pas de surjouer quand je joue pour essayer d\u2019\u00eatre vu \u00e0 tout prix. J\u2019essaie juste de jouer simple. Et de profiter\u00bb, a-t-il confi\u00e9 \u00e0 nos confr\u00e8res d\u2019<a href=\"https:\/\/actu.fr\/occitanie\/toulouse_31555\/de-11-mois-de-galere-a-la-revelation-l-histoire-inspirante-de-kalvin-gourgues-joyau-de-toulouse_63174737.html\" target=\"_blank\" rel=\"sponsored noopener\" data-gtm-custom-categorie=\"navigation\" data-gtm-custom-action=\"crossclick\" data-gtm-custom-label=\"Contextuel\" data-gtm-event=\"customEventSPE\">Actu Rugby<\/a> . Sa prestation, dimanche dernier face \u00e0 l\u2019UBB, a \u00e9t\u00e9 magistrale\u00a0: il a inscrit le premier essai de sa carri\u00e8re avec Toulouse, mais il a \u00e9galement \u00e9tabli les records du match en termes de courses (12) et de m\u00e8tres gagn\u00e9s (104). Ajoutez \u00e0 cela 11 plaquages, 3 d\u00e9fenseurs battus et 15 passes distribu\u00e9es. Et aucun ballon perdu. Masterclass.<\/p>\n<p>                                    <a class=\"fig-a11y-skip a11y-hidden\" href=\"#fig-a11y-skip-main-inarticle\"><br \/>\n        Passer la publicit\u00e9<br \/>\n    <\/a><\/p>\n<p>Onze mois sans jouer \u00e0 cause d\u2019une art\u00e8re bouch\u00e9e<\/p>\n<p class=\"fig-paragraph\">L\u2019an dernier, le jeune Kalvin Gourgues a connu une saison blanche. Onze mois sans jouer. Il a en effet \u00e9t\u00e9 victime d\u2019une blessure plut\u00f4t rare pour un sportif de haut niveau\u00a0: un probl\u00e8me de circulation, avec un caillot de sang tenace qui revenait dans son art\u00e8re poplit\u00e9e (partie post\u00e9rieure du genou). Il a d\u00fb \u00eatre op\u00e9r\u00e9 trois fois (2023, 2024 et 2025) et les chirurgiens lui ont \u00abcr\u00e9\u00e9\u00bb une nouvelle art\u00e8re. \u00abJ\u2019avais des sympt\u00f4mes un peu courants, on va dire. D\u2019abord des crampes au niveau du pied. Apr\u00e8s, c\u2019\u00e9tait une insensibilit\u00e9 au niveau des orteils. Apr\u00e8s, plus \u00e7a allait, plus \u00e7a prenait tout le membre, donc le pied, apr\u00e8s un peu le bas de la cheville. Et il faut y faire attention\u00bb, avait-il expliqu\u00e9 dans\u00a0<a href=\"https:\/\/www.ladepeche.fr\/2025\/09\/10\/stade-toulousain-on-ma-cree-une-nouvelle-artere-kalvin-gourgues-devoile-les-details-de-la-blessure-qui-la-handicape-toute-la-saison-derniere-12921985.php\" target=\"_blank\" rel=\"sponsored noopener\" data-gtm-custom-categorie=\"navigation\" data-gtm-custom-action=\"crossclick\" data-gtm-custom-label=\"Contextuel\" data-gtm-event=\"customEventSPE\">La D\u00e9p\u00eache du Midi<\/a> . Et d\u2019ajouter\u00a0: \u00abOn m\u2019a pris une veine dans la cuisse qu\u2019on a sutur\u00e9e \u00e0 la place de ma partie d\u2019art\u00e8re qui \u00e9tait trop endommag\u00e9e.\u00bb Une op\u00e9ration r\u00e9ussie, qui lui a permis de reprendre son ascension fulgurante. Apr\u00e8s onze mois sans jouer.<\/p>\n<p>Un nouveau couteau suisse pour les Rouge et Noir<\/p>\n<p class=\"fig-paragraph\">Le Stade Toulousain poss\u00e9dait d\u00e9j\u00e0 dans son arsenal un couteau suisse avec l\u2019Argentin\u00a0<a href=\"http:\/\/www.lefigaro.fr\/sports\/rugby\/coupe-d-europe\/rugby-champions-cup-couteau-suisse-messi-moliere-5-choses-a-savoir-sur-le-toulousain-juan-cruz-mallia-20250504\" data-fig-type=\"NewsFlash\" data-gtm-custom-categorie=\"navigation\" data-gtm-custom-action=\"crossclick\" data-gtm-custom-label=\"Contextuel\" data-gtm-event=\"customEventSPE\" data-fig-domain=\"LEFIGARO\" target=\"_blank\" rel=\"noopener\">Juan Cruz Mallia<\/a>, capable d\u2019\u00e9voluer \u00e0 quasiment tous les postes de la ligne arri\u00e8re. Ugo Mola et ses adjoints en ont d\u00e9sormais un deuxi\u00e8me avec Kalvin Gourgues qui peut \u00e9voluer \u00e0 l\u2019ouverture, au centre ou \u00e0 l\u2019arri\u00e8re. C\u2019est d\u2019ailleurs avec le num\u00e9ro 15 qu\u2019il avait connu ses premi\u00e8res titularisations avec Toulouse, face \u00e0 Clermont puis Perpignan en 2024. C\u2019est \u00e9galement \u00e0 l\u2019arri\u00e8re qu\u2019il a disput\u00e9\u00a0<a href=\"http:\/\/www.lefigaro.fr\/sports\/rugby\/xv-de-france\/coupe-du-monde-u20-renverses-par-l-argentine-les-bleuets-echouent-au-pied-du-podium-20250719\" data-fig-type=\"NewsFlash\" data-gtm-custom-categorie=\"navigation\" data-gtm-custom-action=\"crossclick\" data-gtm-custom-label=\"Contextuel\" data-gtm-event=\"customEventSPE\" data-fig-domain=\"LEFIGARO\" target=\"_blank\" rel=\"noopener\">la petite finale du dernier Mondial U20 perdue contre l\u2019Argentine<\/a>. Mais, cette saison, c\u2019est au poste de centre o\u00f9 il a crev\u00e9 l\u2019\u00e9cran lors de ses trois titularisations face l\u2019Usap, Castres et Bordeaux. Un profil polyvalent pr\u00e9cieux pour ses entra\u00eeneurs.<\/p>\n<p>Entour\u00e9 d\u2019un \u00abenvironnement sain\u00bb<\/p>\n<p class=\"fig-paragraph\">L\u2019\u00e9closion au plus haut niveau de Kalvin Gourgues, pur produit de la formation rouge-et-noire, n\u2019est pas une surprise pour ses entra\u00eeneurs. Notamment pour David M\u00e9l\u00e9, entra\u00eeneur adjoint du Stade Toulousain qui l\u2019a connu chez les Espoirs. \u00abJ\u2019esp\u00e8re qu\u2019il va continuer \u00e0 performer de la sorte parce que c\u2019est un vrai bosseur, qui a envie d\u2019apprendre et qui demande beaucoup aux anciens, a expliqu\u00e9 le technicien haut-garonnais, ancien num\u00e9ro 9 d\u00e9sormais en charge des skills. Il ne se pose pas de question, il ne r\u00e9fl\u00e9chit pas. Enfin attention, il r\u00e9fl\u00e9chit sur le terrain parce qu\u2019on voit qu\u2019il prend tr\u00e8s souvent les bonnes d\u00e9cisions, mais il ne pense pas aux cons\u00e9quences, il prend du plaisir.\u00bb<\/p>\n<p class=\"fig-body-link\">\n            \u00c0 lire aussi<br \/>\n        <a class=\"fig-body-link__link\" href=\"http:\/\/www.lefigaro.fr\/sports\/rugby\/top-14\/top-14-la-philosophie-du-desordre-a-paye-contre-l-ubb-se-felicite-le-staff-du-stade-toulousain-20251013\" data-fig-type=\"NewsFlash\" data-gtm-custom-categorie=\"navigation\" data-gtm-custom-action=\"crossclick\" data-gtm-custom-label=\"Contextuel\" data-gtm-event=\"customEventSPE\" data-fig-domain=\"LEFIGARO\" target=\"_blank\" rel=\"noopener\">Top 14\u00a0: la philosophie du \u00abd\u00e9sordre\u00bb a pay\u00e9 contre l\u2019UBB, se f\u00e9licite le staff du Stade Toulousain<br \/>\n    <\/a>\n<\/p>\n<p class=\"fig-paragraph\">Le jeune trois-quarts toulousain a \u00e9galement expliqu\u00e9, \u00e0 Actu Rugby, que ses proches et son entourage lui permettent de garder la t\u00eate froide. De ne pas s\u2019enflammer. \u00abJe n\u2019ai jamais \u00e9t\u00e9 dans un cadre personnel o\u00f9 j\u2019ai \u00e9t\u00e9 idol\u00e2tr\u00e9, et cela m\u2019a fait garder les pieds sur terre. Oui, je suis encourag\u00e9, mais \u00e7a en reste l\u00e0. Quand certains commencent \u00e0 avoir de la notori\u00e9t\u00e9, ils se prennent pour d\u2019autres. Je n\u2019ai jamais \u00e9t\u00e9 \u00e9duqu\u00e9 comme \u00e7a et je ne le deviendrai jamais. Tout mon environnement est sain, et \u00e7a m\u2019aide vachement\u00bb, raconte celui qui suit une formation BPJEPS rugby (brevet professionnel de la jeunesse, de l\u2019\u00e9ducation populaire et du sport).<\/p>\n<p>Galthi\u00e9 l\u2019a dans ses petits papiers<\/p>\n<p class=\"fig-paragraph\">la tourn\u00e9e automnale du XV de France &#8211; contre l\u2019Afrique du Sud, les Fidji et l\u2019Australie &#8211; approche \u00e0 grands pas. Et Fabien Galthi\u00e9 et ses adjoints vont devoir composer sans\u00a0<a href=\"http:\/\/www.lefigaro.fr\/sports\/rugby\/top-14\/top-14-touche-a-une-epaule-le-centre-de-l-ubb-yoram-moefana-absent-3-mois-20250902\" data-fig-type=\"NewsFlash\" data-gtm-custom-categorie=\"navigation\" data-gtm-custom-action=\"crossclick\" data-gtm-custom-label=\"Contextuel\" data-gtm-event=\"customEventSPE\" data-fig-domain=\"LEFIGARO\" target=\"_blank\" rel=\"noopener\">Yoram Moefana<\/a>, le centre de l\u2019UBB, qui s\u2019\u00e9tait affirm\u00e9 la saison derni\u00e8re comme\u00a0<a href=\"http:\/\/www.lefigaro.fr\/sports\/rugby\/6-nations\/le-carnet-de-notes-des-bleus-apres-le-six-nations-cros-et-bielle-biarrey-survolent-les-debats-guillard-et-moefana-marquent-des-points-20250317\" data-fig-type=\"NewsFlash\" data-gtm-custom-categorie=\"navigation\" data-gtm-custom-action=\"crossclick\" data-gtm-custom-label=\"Contextuel\" data-gtm-event=\"customEventSPE\" data-fig-domain=\"LEFIGARO\" target=\"_blank\" rel=\"noopener\">un incontournable au centre de l\u2019attaque tricolore<\/a>. Dans une interview r\u00e9cemment accord\u00e9e \u00e0 Sud Ouest, le s\u00e9lectionneur des Bleus a list\u00e9 plusieurs joueurs en devenir que lui et son staff suivent de pr\u00e8s. Parmi eux, on retrouve le pilier\u00a0<a href=\"http:\/\/www.lefigaro.fr\/sports\/rugby\/top-14\/top-14-toulonnais-historique-setiano-s-engage-avec-bayonne-20250425\" data-fig-type=\"NewsFlash\" data-gtm-custom-categorie=\"navigation\" data-gtm-custom-action=\"crossclick\" data-gtm-custom-label=\"Contextuel\" data-gtm-event=\"customEventSPE\" data-fig-domain=\"LEFIGARO\" target=\"_blank\" rel=\"noopener\">Emerick Setiano<\/a>\u00a0et le troisi\u00e8me-ligne Esteban Capilla qui \u00e9voluent \u00e0 l\u2019Aviron Bayonnais, mais aussi l\u2019ouvreur\u00a0<a href=\"http:\/\/www.lefigaro.fr\/sports\/rugby\/top-14\/top-14-ascension-fulgurante-facteur-x-d-aurillac-5-choses-a-savoir-sur-ugo-seunes-la-nouvelle-pepite-du-racing-92-20250906\" data-fig-type=\"NewsFlash\" data-gtm-custom-categorie=\"navigation\" data-gtm-custom-action=\"crossclick\" data-gtm-custom-label=\"Contextuel\" data-gtm-event=\"customEventSPE\" data-fig-domain=\"LEFIGARO\" target=\"_blank\" rel=\"noopener\">Ugo Seunes<\/a>\u00a0(Racing 92) et l\u2019ailier\u00a0<a href=\"http:\/\/www.lefigaro.fr\/sports\/rugby\/top-14\/rugby-gael-drean-sacre-revelation-de-la-saison-20251006\" data-fig-type=\"NewsFlash\" data-gtm-custom-categorie=\"navigation\" data-gtm-custom-action=\"crossclick\" data-gtm-custom-label=\"Contextuel\" data-gtm-event=\"customEventSPE\" data-fig-domain=\"LEFIGARO\" target=\"_blank\" rel=\"noopener\">Ga\u00ebl Dr\u00e9an<\/a>\u00a0(Toulon). Et, pour le poste de centre, Fabien Galthi\u00e9 a cit\u00e9 deux noms\u00a0:\u00a0<a href=\"http:\/\/www.lefigaro.fr\/sports\/rugby\/top-14\/top-14-pas-de-limites-yannick-jauzion-club-de-son-oncle-cinq-choses-a-savoir-sur-fabien-brau-boirie-la-pepite-de-pau-qui-pourrait-etre-appele-en-bleu-20251010\" data-fig-type=\"NewsFlash\" data-gtm-custom-categorie=\"navigation\" data-gtm-custom-action=\"crossclick\" data-gtm-custom-label=\"Contextuel\" data-gtm-event=\"customEventSPE\" data-fig-domain=\"LEFIGARO\" target=\"_blank\" rel=\"noopener\">Fabien Brau-Boirie<\/a>, qui brille avec la Section Paloise, et&#8230; Kalvin Gourgues. Deux p\u00e9pites bient\u00f4t associ\u00e9es en \u00e9quipe de France\u00a0?<\/p>\n","protected":false},"excerpt":{"rendered":"PORTRAIT &#8211; R\u00e9v\u00e9lation toulousaine du d\u00e9but de saison, le prometteur trois-quarts marque les esprits, jusqu\u2019\u00e0 retenir l\u2019attention du&hellip;\n","protected":false},"author":2,"featured_media":471837,"comment_status":"","ping_status":"","sticky":false,"template":"","format":"standard","meta":{"footnotes":""},"categories":[1416],"tags":[515,1011,27,479,1468,60,476],"class_list":{"0":"post-471836","1":"post","2":"type-post","3":"status-publish","4":"format-standard","5":"has-post-thumbnail","7":"category-rugby","8":"tag-fabien-galthie","9":"tag-fr","10":"tag-france","11":"tag-rugby","12":"tag-rugby-football","13":"tag-sports","14":"tag-stade-toulousain"},"share_on_mastodon":{"url":"https:\/\/pubeurope.com\/@fr\/115393777101481421","error":""},"_links":{"self":[{"href":"https:\/\/www.europesays.com\/fr\/wp-json\/wp\/v2\/posts\/471836","targetHints":{"allow":["GET"]}}],"collection":[{"href":"https:\/\/www.europesays.com\/fr\/wp-json\/wp\/v2\/posts"}],"about":[{"href":"https:\/\/www.europesays.com\/fr\/wp-json\/wp\/v2\/types\/post"}],"author":[{"embeddable":true,"href":"https:\/\/www.europesays.com\/fr\/wp-json\/wp\/v2\/users\/2"}],"replies":[{"embeddable":true,"href":"https:\/\/www.europesays.com\/fr\/wp-json\/wp\/v2\/comments?post=471836"}],"version-history":[{"count":0,"href":"https:\/\/www.europesays.com\/fr\/wp-json\/wp\/v2\/posts\/471836\/revisions"}],"wp:featuredmedia":[{"embeddable":true,"href":"https:\/\/www.europesays.com\/fr\/wp-json\/wp\/v2\/media\/471837"}],"wp:attachment":[{"href":"https:\/\/www.europesays.com\/fr\/wp-json\/wp\/v2\/media?parent=471836"}],"wp:term":[{"taxonomy":"category","embeddable":true,"href":"https:\/\/www.europesays.com\/fr\/wp-json\/wp\/v2\/categories?post=471836"},{"taxonomy":"post_tag","embeddable":true,"href":"https:\/\/www.europesays.com\/fr\/wp-json\/wp\/v2\/tags?post=471836"}],"curies":[{"name":"wp","href":"https:\/\/api.w.org\/{rel}","templated":true}]}}