{"id":471840,"date":"2025-10-18T06:36:17","date_gmt":"2025-10-18T06:36:17","guid":{"rendered":"https:\/\/www.europesays.com\/fr\/471840\/"},"modified":"2025-10-18T06:36:17","modified_gmt":"2025-10-18T06:36:17","slug":"fabio-quartararo-signe-la-pole-position-du-grand-prix-daustralie-de-motogp-lequipe","status":"publish","type":"post","link":"https:\/\/www.europesays.com\/fr\/471840\/","title":{"rendered":"Fabio Quartararo signe la pole position du Grand Prix d&#039;Australie de MotoGP &#8211; L&#039;\u00c9quipe"},"content":{"rendered":"<ol>\n<li><a href=\"https:\/\/news.google.com\/rss\/articles\/CBMivwFBVV95cUxPVlN6VmFZcFZRWklkbUd4SGxXS1QyMFNvMXBmek9PdlhLOUdFeUxhS1VVcVlNdjRTQ3hIX01PdDRXVHdGTjEtSG5YRXhZcEtlTlRkVkZON0ZvVWJtYW1uWlU4NGRFdWpUZlc4NDNqQjg5dE9qMEM1b18tcFdZcnZTOVBHSVZTQ3l4OHpaNk9hTC1vcnBYVHpfcUxURkFYbzJqQmIzTGtvTWc1d0lDZTRPZi1maHVfOUNWQnN6QkxxRQ?oc=5\" target=\"_blank\" rel=\"noopener\">Fabio Quartararo signe la pole position du Grand Prix d&rsquo;Australie de MotoGP<\/a>&nbsp;&nbsp;L&rsquo;\u00c9quipe<\/li>\n<li><a href=\"https:\/\/news.google.com\/rss\/articles\/CBMipAFBVV95cUxNY3ZJNEJITTZRU0hQaXB1UV96ckszek9nSjlrTFJIX0wzWGtjTjFjZXNYOU01TUlZaHp4a2Jlbl9EM1FqR25YRko2V0ZsWUQ0cmxxUnpvM2VKSVluTFdIVmJsN0RxcUsyVW1OakNsNGNRUDdXT0JZY2h5WnpodS1jNEJ1M0dneTVJZnJZQjJ6NGp5WTA0X2hwaEFDOU8yZWk1VjR4cw?oc=5\" target=\"_blank\" rel=\"noopener\">Qualifs &#8211; Quartararo cr\u00e9\u00e9 la surprise devant Bezzecchi !<\/a>&nbsp;&nbsp;Motorsport.com<\/li>\n<li><a href=\"https:\/\/news.google.com\/rss\/articles\/CBMi6wFBVV95cUxNMEFUeGVUc2FkN0IxRGo2M3lXZVpIWVVQQm8xWV9VTnI1eDJUdHNPX3MwalB0aWQxUTAtNmN0MUQ1aGtONU0zRXNta2NtTmcyZVJzXzBOcUUyUXRRRTZ0aGpZaGlMdkZ2WkF2YUN3aU10b3gyWXhLUFZ4Y0VINTZlMXZxT012RFBUcDRkcjZuVFVMZUJpUGhZSzhnUHJNaXR2NzI1OGhCRDdhT195NG53cEQ0OXZheEwxVHlGaWk5eFBfOHhIbEhwN0ZfS1o5M0V2bEo4TUpKZ18tS1UwY3ZybmRiMXQwYW0wQnpN?oc=5\" target=\"_blank\" rel=\"noopener\">MotoGP: Fabio Quartararo d\u00e9croche la pole position du GP d&rsquo;Australie, avec un record \u00e0 la cl\u00e9<\/a>&nbsp;&nbsp;RMC Sport<\/li>\n<li><a href=\"https:\/\/news.google.com\/rss\/articles\/CBMiggFBVV95cUxNdTNQdlZTdnI4TnNFYTV2bjl5RHRKVnFrcm1NMkFUX0FGTDE3WUZiWUVrOVdiRXg4dmlQNWNOUEhiVjdDSkJZYW5iZlpMbG9rcEljUlRDR0RHMG82aW0xbTd5TFFkUWFfR0dlcFY1Nl95YTRhbVRhc0ZPN1JaekNUQWZn?oc=5\" target=\"_blank\" rel=\"noopener\">Quartararo pi\u00e9g\u00e9 par son choix de pneus en Sprint<\/a>&nbsp;&nbsp;GP Inside<\/li>\n<li><a href=\"https:\/\/news.google.com\/rss\/articles\/CBMiwAFBVV95cUxNUEQ0SVl3dzZqbHhJeTBpRzh5U2NBVFFlV3BiV3dNV2dRclZXb0dxdFcyaEFGT1pocTdUSGx2Y1NyTTgxU0hJaS1CVUlNN2tzWnhCT3p0ZzFVeGc1d2VyN0hCWVhvT3Bld2x3NXJOZlpjdmJjRDdzZ21Xb3Q1XzgzWDUyTnlnQzc2Ul81OGptWTB2S1JOVDVrTk91bzJ1c0NLR2hGSk94dHhDUk9XRndPU2owc2hRcmZKWkV2NG9yOFE?oc=5\" target=\"_blank\" rel=\"noopener\">MotoGP De tr\u00e8s bon augure pour Quartararo, les 2 Yamaha qualifi\u00e9es pour la Q2 !<\/a>&nbsp;&nbsp;Le Mag Sport Auto<\/li>\n<\/ol>\n","protected":false},"excerpt":{"rendered":"Fabio Quartararo signe la pole position du Grand Prix d&rsquo;Australie de MotoGP&nbsp;&nbsp;L&rsquo;\u00c9quipe Qualifs &#8211; Quartararo cr\u00e9\u00e9 la surprise&hellip;\n","protected":false},"author":2,"featured_media":471841,"comment_status":"","ping_status":"","sticky":false,"template":"","format":"standard","meta":{"footnotes":""},"categories":[1413],"tags":[1011,27,1457,1456,60],"class_list":{"0":"post-471840","1":"post","2":"type-post","3":"status-publish","4":"format-standard","5":"has-post-thumbnail","7":"category-moto","8":"tag-fr","9":"tag-france","10":"tag-moto","11":"tag-motocycle","12":"tag-sports"},"share_on_mastodon":{"url":"https:\/\/pubeurope.com\/@fr\/115393788850632930","error":""},"_links":{"self":[{"href":"https:\/\/www.europesays.com\/fr\/wp-json\/wp\/v2\/posts\/471840","targetHints":{"allow":["GET"]}}],"collection":[{"href":"https:\/\/www.europesays.com\/fr\/wp-json\/wp\/v2\/posts"}],"about":[{"href":"https:\/\/www.europesays.com\/fr\/wp-json\/wp\/v2\/types\/post"}],"author":[{"embeddable":true,"href":"https:\/\/www.europesays.com\/fr\/wp-json\/wp\/v2\/users\/2"}],"replies":[{"embeddable":true,"href":"https:\/\/www.europesays.com\/fr\/wp-json\/wp\/v2\/comments?post=471840"}],"version-history":[{"count":0,"href":"https:\/\/www.europesays.com\/fr\/wp-json\/wp\/v2\/posts\/471840\/revisions"}],"wp:featuredmedia":[{"embeddable":true,"href":"https:\/\/www.europesays.com\/fr\/wp-json\/wp\/v2\/media\/471841"}],"wp:attachment":[{"href":"https:\/\/www.europesays.com\/fr\/wp-json\/wp\/v2\/media?parent=471840"}],"wp:term":[{"taxonomy":"category","embeddable":true,"href":"https:\/\/www.europesays.com\/fr\/wp-json\/wp\/v2\/categories?post=471840"},{"taxonomy":"post_tag","embeddable":true,"href":"https:\/\/www.europesays.com\/fr\/wp-json\/wp\/v2\/tags?post=471840"}],"curies":[{"name":"wp","href":"https:\/\/api.w.org\/{rel}","templated":true}]}}