{"id":471844,"date":"2025-10-18T06:38:10","date_gmt":"2025-10-18T06:38:10","guid":{"rendered":"https:\/\/www.europesays.com\/fr\/471844\/"},"modified":"2025-10-18T06:38:10","modified_gmt":"2025-10-18T06:38:10","slug":"pogacar-et-vingegaard-course-sans-equipier-documentaire-en-streaming-quest-ce-que-la-andorra-cycling-masters-qui-a-lieu-ce-dimanche","status":"publish","type":"post","link":"https:\/\/www.europesays.com\/fr\/471844\/","title":{"rendered":"Pogacar et Vingegaard, course sans \u00e9quipier, documentaire en streaming&#8230; Qu\u2019est-ce que la \u00abAndorra Cycling Masters\u00bb qui a lieu ce dimanche ?"},"content":{"rendered":"<p>\n    Tadej Pogacar et Jonas Vingegaard, en compagnie de Primoz Roglic et Isaac Del Toro, vont s\u2019affronter en Andorre lors d\u2019une exhibition in\u00e9dite et innovante r\u00e9servant deux \u00e9preuves.<\/p>\n<p class=\"fig-paragraph\">Au cyclisme aussi,\u00a0<a href=\"http:\/\/www.lefigaro.fr\/sports\/tennis\/que-les-stars-du-tennis-prennent-l-argent-mais-cessent-de-se-plaindre-du-calendrier-surcharge-20251017\" data-fig-type=\"NewsFlash\" data-gtm-custom-categorie=\"navigation\" data-gtm-custom-action=\"crossclick\" data-gtm-custom-label=\"Contextuel\" data-gtm-event=\"customEventSPE\" data-fig-domain=\"LEFIGARO\" target=\"_blank\" rel=\"noopener\">les exhibitions en pr\u00e9sence de stars\u00a0<\/a>commencent \u00e0 se multiplier dans des saisons \u00e0 rallonge. Ce dimanche a lieu en Andorre une course in\u00e9dite et non officielle\u00a0: la \u00abAndorra Cycling Masters\u00bb. L\u2019\u00e9preuve aura pour premi\u00e8re particularit\u00e9 de ne r\u00e9unir que quatre coureurs au d\u00e9part, et non des moindres. Le ma\u00eetre du peloton (20 victoires en 2025)\u00a0<a href=\"http:\/\/www.lefigaro.fr\/sports\/cyclisme\/cyclisme-inquiete-la-mere-de-pogacar-lance-je-comprendrais-qu-il-arrete-un-an-20251017\" data-fig-type=\"NewsFlash\" data-gtm-custom-categorie=\"navigation\" data-gtm-custom-action=\"crossclick\" data-gtm-custom-label=\"Contextuel\" data-gtm-event=\"customEventSPE\" data-fig-domain=\"LEFIGARO\" target=\"_blank\" rel=\"noopener\">Tadej Pogacar<\/a>\u00a0sera au d\u00e9part en compagnie de son rival estival Jonas Vingegaard, de son jeune co\u00e9quipier chez UAE-Team Emirates Isaac Del\u00a0Toro (16 victoires cette saison) et de son compatriote Primoz Roglic, que l\u2019on ne pr\u00e9sente plus \u00e9galement.<\/p>\n<p class=\"fig-paragraph\">Alors que les primes de participation r\u00e9serv\u00e9es aux coureurs n\u2019ont pas \u00e9t\u00e9 d\u00e9voil\u00e9es, en quoi consiste cette \u00e9trange \u00e9preuve sur le plan sportif\u00a0? La \u00abAndorra Cycling Masters\u00bb se disputera en deux \u00e9tapes avec d\u2019abord, le dimanche matin (9h), un contre-la-montre en montagne de 8,23 km dans la Collada de la Gallina. L\u2019apr\u00e8s-midi r\u00e9servera un crit\u00e9rium de 32,1 km, sur un circuit de 2,14 km dans les rues d\u2019Andorre-la-Vieille. Les organisateurs de l\u2019\u00e9v\u00e8nement, cit\u00e9s par<a href=\"https:\/\/www.cyclingnews.com\/news\/tadej-pogacar-to-race-one-last-time-in-2025-at-the-andorra-cycling-masters\/\" target=\"_blank\" rel=\"sponsored noopener\" data-gtm-custom-categorie=\"navigation\" data-gtm-custom-action=\"crossclick\" data-gtm-custom-label=\"Contextuel\" data-gtm-event=\"customEventSPE\">\u00a0Cyclingnews<\/a>, sont fiers de pr\u00e9senter une \u00abconfrontation historique, d\u2019homme \u00e0 homme, sans \u00e9quipes, sans excuses\u00bb et promettent de montrer \u00abqui est le champion des champions et qui est le v\u00e9ritable ma\u00eetre des montagnes.\u00bb<\/p>\n<p>                                    <a class=\"fig-a11y-skip a11y-hidden\" href=\"#fig-a11y-skip-main-inarticle\"><br \/>\n        Passer la publicit\u00e9<br \/>\n    <\/a><\/p>\n<p>Pas de retransmission t\u00e9l\u00e9<\/p>\n<p class=\"fig-paragraph\">\u00abLe but \u00e9tait de cr\u00e9er quelque chose de compl\u00e8tement diff\u00e9rent de ce que nous avions d\u00e9j\u00e0 vu auparavant\u00bb, a indiqu\u00e9 au m\u00e9dia belge\u00a0<a href=\"https:\/\/www.nieuwsblad.be\/sport\/wielrennen\/plots-staan-pogacar-vingegaard-roglic-en-del-toro-aan-de-start-van-cycling-masters-in-andorra-en-ook-evenepoel-wilde-komen\/97813886.html\" target=\"_blank\" rel=\"sponsored noopener\" data-gtm-custom-categorie=\"navigation\" data-gtm-custom-action=\"crossclick\" data-gtm-custom-label=\"Contextuel\" data-gtm-event=\"customEventSPE\">Nieuwsblad<\/a>\u00a0Betim Budzaku, le directeur g\u00e9n\u00e9ral de l\u2019Office de tourisme d\u2019Andorre, expliquant le choix des quatre coureurs. \u00abLe probl\u00e8me n\u2019\u00e9tait pas de les convaincre de participer, car ils \u00e9taient partants d\u00e8s le d\u00e9part. La difficult\u00e9 \u00e9tait de trouver une date qui convienne \u00e0 tout le monde\u00bb, a d\u00e9taill\u00e9 Budzaku, qui a invit\u00e9 le grand espoir mexicain Del Toro car \u00able march\u00e9 latino-am\u00e9ricain est important pour nous\u00bb. Autre monstre du peloton mondial, le Belge Remco Evenepoel a aussi \u00e9t\u00e9 approch\u00e9 mais, faute de place dans son emploi du temps, il a finalement renonc\u00e9.<\/p>\n<p class=\"fig-paragraph\">Vous l\u2019aurez compris, l\u2019organisation esp\u00e8re du grand spectacle et une belle empoignade entre quatre mastodontes habitu\u00e9s \u00e0 gagner (45 victoires cette saison \u00e0 eux quatre dont 25 en World Tour). Pogacar, Vingegaard, Del Toro et Roglic, choy\u00e9s toute l\u2019ann\u00e9e par leurs \u00e9quipiers, seront cette fois livr\u00e9s \u00e0 eux-m\u00eames pour une course \u00ab\u00e0 la p\u00e9dale\u00bb. Mais une course que l\u2019on ne pourra pas regarder \u00e0 la t\u00e9l\u00e9vision. En contrepartie, un documentaire de 50 \u00e0 55 minutes sur l\u2019\u00e9preuve sera r\u00e9alis\u00e9 puis diffus\u00e9 prochainement sur une grande plateforme de streaming, ont laiss\u00e9 entendre les organisateurs.<\/p>\n<p>\u00abUne course sous un angle diff\u00e9rent\u00bb<\/p>\n<p class=\"fig-paragraph\">\u00abDe leur arriv\u00e9e en Andorre jusqu\u2019\u00e0 leur retour, les coureurs seront film\u00e9s avec leurs familles. Ainsi, les fans pourront d\u00e9couvrir leur c\u00f4t\u00e9 humain et comprendre comment ils se pr\u00e9parent pour de telles courses. L\u2019id\u00e9e est de permettre au public de d\u00e9couvrir une course sous un angle diff\u00e9rent\u00bb, a d\u00e9voil\u00e9 Betim Budzaku. L\u2019id\u00e9e de l\u2019Office de tourisme d\u2019Andorre est aussi de vanter les charmes de la Principaut\u00e9 situ\u00e9e dans les Pyr\u00e9n\u00e9es, qui \u00abjouit d\u2019une excellente r\u00e9putation aupr\u00e8s des cyclistes\u00a0; 150 coureurs y r\u00e9sident.\u00bb<\/p>\n<p class=\"fig-paragraph\">Le d\u00e9cor est plant\u00e9. Reste \u00e0 savoir comment cette exhibition sera appr\u00e9hend\u00e9e par les stars du plateau juste avant leurs vacances. Samedi dernier, Tadej Pogacar achevait sa saison \u00abofficielle\u00bb en dominant le Tour de Lombardie pour la cinqui\u00e8me fois avant, le lendemain,\u00a0<a href=\"http:\/\/www.lefigaro.fr\/sports\/cyclisme\/cyclisme-tadej-pogacar-battu-en-slovenie-par-un-coureur-amateur-de-40-ans-20251013\" data-fig-type=\"NewsFlash\" data-gtm-custom-categorie=\"navigation\" data-gtm-custom-action=\"crossclick\" data-gtm-custom-label=\"Contextuel\" data-gtm-event=\"customEventSPE\" data-fig-domain=\"LEFIGARO\" target=\"_blank\" rel=\"noopener\">de perdre son \u00abPogi Challenge\u00bb en Slov\u00e9nie face \u00e0 un amateur de 40 ans.\u00a0<\/a>Qu\u2019en sera-t-il en Andorre\u00a0? Et si Jonas Vingegaard battait enfin en 2025 son bourreau du Tour de France\u00a0? Mieux vaut tard que jamais&#8230;<\/p>\n","protected":false},"excerpt":{"rendered":"Tadej Pogacar et Jonas Vingegaard, en compagnie de Primoz Roglic et Isaac Del Toro, vont s\u2019affronter en Andorre&hellip;\n","protected":false},"author":2,"featured_media":471845,"comment_status":"","ping_status":"","sticky":false,"template":"","format":"standard","meta":{"footnotes":""},"categories":[1411],"tags":[1154,207,1011,27,27884,60,1138],"class_list":{"0":"post-471844","1":"post","2":"type-post","3":"status-publish","4":"format-standard","5":"has-post-thumbnail","7":"category-cyclisme","8":"tag-cycling","9":"tag-cyclisme","10":"tag-fr","11":"tag-france","12":"tag-jonas-vingegaard","13":"tag-sports","14":"tag-tadej-pogacar"},"share_on_mastodon":{"url":"https:\/\/pubeurope.com\/@fr\/115393796735497938","error":""},"_links":{"self":[{"href":"https:\/\/www.europesays.com\/fr\/wp-json\/wp\/v2\/posts\/471844","targetHints":{"allow":["GET"]}}],"collection":[{"href":"https:\/\/www.europesays.com\/fr\/wp-json\/wp\/v2\/posts"}],"about":[{"href":"https:\/\/www.europesays.com\/fr\/wp-json\/wp\/v2\/types\/post"}],"author":[{"embeddable":true,"href":"https:\/\/www.europesays.com\/fr\/wp-json\/wp\/v2\/users\/2"}],"replies":[{"embeddable":true,"href":"https:\/\/www.europesays.com\/fr\/wp-json\/wp\/v2\/comments?post=471844"}],"version-history":[{"count":0,"href":"https:\/\/www.europesays.com\/fr\/wp-json\/wp\/v2\/posts\/471844\/revisions"}],"wp:featuredmedia":[{"embeddable":true,"href":"https:\/\/www.europesays.com\/fr\/wp-json\/wp\/v2\/media\/471845"}],"wp:attachment":[{"href":"https:\/\/www.europesays.com\/fr\/wp-json\/wp\/v2\/media?parent=471844"}],"wp:term":[{"taxonomy":"category","embeddable":true,"href":"https:\/\/www.europesays.com\/fr\/wp-json\/wp\/v2\/categories?post=471844"},{"taxonomy":"post_tag","embeddable":true,"href":"https:\/\/www.europesays.com\/fr\/wp-json\/wp\/v2\/tags?post=471844"}],"curies":[{"name":"wp","href":"https:\/\/api.w.org\/{rel}","templated":true}]}}