{"id":471848,"date":"2025-10-18T06:40:13","date_gmt":"2025-10-18T06:40:13","guid":{"rendered":"https:\/\/www.europesays.com\/fr\/471848\/"},"modified":"2025-10-18T06:40:13","modified_gmt":"2025-10-18T06:40:13","slug":"a-91-ans-pierre-richard-souffre-dun-etrange-effet-secondaire-apres-une-operation","status":"publish","type":"post","link":"https:\/\/www.europesays.com\/fr\/471848\/","title":{"rendered":"\u00e0 91\u00a0ans, Pierre Richard souffre d&rsquo;un \u00e9trange effet secondaire apr\u00e8s une op\u00e9ration"},"content":{"rendered":"<p class=\"app_entry_lead\">\n<p>                    <a title=\"\u00a0\u00a9\u00a0Laurent VU\/SIPA (publi\u00e9e le 17\/09\/2025)\" href=\"https:\/\/www.europesays.com\/fr\/wp-content\/uploads\/2025\/10\/80430286.jpg\" class=\"fancy\"><\/p>\n<p>                            <img loading=\"lazy\" decoding=\"async\" src=\"https:\/\/www.europesays.com\/fr\/wp-content\/uploads\/2025\/10\/80430286.jpg\" alt=\"&quot;Le chirurgien n'avait jamais vu une chose pareille&quot;\u00a0: \u00e0 91\u00a0ans, Pierre Richard souffre d'un \u00e9trange effet secondaire apr\u00e8s une op\u00e9ration\" width=\"1500\" height=\"1000\"\/><\/p>\n<p>                    <\/a><\/p>\n<p>                A 91\u00a0ans, Pierre Richard fait l&rsquo;objet de nombreuses interrogations sur son \u00e9tat de sant\u00e9.<\/p>\n<p>Le 16\u00a0ao\u00fbt dernier, Pierre Richard a f\u00eat\u00e9 ses 91\u00a0ans.\u00a0L&rsquo;inoubliable acteur connu pour ses personnages maladroits et d\u00e9gingand\u00e9 (Le Grand Blond avec une chaussure noire, La Ch\u00e8vre, Les Fugitifs&#8230;) n&rsquo;a jamais pris sa retraite.\u00a0Il a sorti son dernier film en tant que r\u00e9alisateur,\u00a0L&rsquo;homme qui a vu l&rsquo;ours qui a vu l&rsquo;homme, le 17\u00a0septembre, apr\u00e8s avoir mont\u00e9 les marches du Festival de Cannes avec un grand sourire.<\/p>\n<p>Son agenda est toujours rempli, puisqu&rsquo;il est d\u00e9j\u00e0 annonc\u00e9 \u00e0 l&rsquo;affiche du film\u00a0Josephe\u00a0pr\u00e9vu pour 2026, lorsqu&rsquo;il ne jouit pas d&rsquo;un peu de repos dans son domaine viticole dans l&rsquo;Aude. Annonc\u00e9 malade en septembre, Pierre Richard a d\u00fb d\u00e9mentir toutes les rumeurs sur son \u00e9tat de sant\u00e9, dont certaines le disaient mort. Mais pas de panique, l&rsquo;acteur fran\u00e7ais n&rsquo;a rien perdu de son \u00e9nergie et est m\u00eame plut\u00f4t en forme&#8230;\u00a0M\u00eame s&rsquo;il a connu quelques soucis par le pass\u00e9.<\/p>\n<p><img decoding=\"async\" alt=\"\" src=\"https:\/\/www.europesays.com\/fr\/wp-content\/uploads\/2025\/10\/80357215.jpg\"\/><br \/>\n\u00a9\u00a0ROMUALD MEIGNEUX\/SIPA (publi\u00e9e le 17\/09\/2025)<\/p>\n<p>Sur le tournage d&rsquo;Ast\u00e9rix et Ob\u00e9lix : L&rsquo;Empire du milieu, dans lequel il incarnait Panoramix, Pierre Richard a connu des petits d\u00e9boires puisqu&rsquo;il souffrait \u00ab\u00a0d&rsquo;une crise d&rsquo;arthrose \u00e9norme\u00a0\u00bb qui le for\u00e7ait \u00e0 venir avec une b\u00e9quille, s&rsquo;est-il souvenu r\u00e9cemment dans le\u00a0JT\u00a0de France\u00a02.\u00a0Dans un reportage de\u00a0M, le magazine du monde\u00a0publi\u00e9 en septembre 2025, Pierre Richard a aussi racont\u00e9 qu&rsquo;il a perdu les boucles de sa chevelure blonde si caract\u00e9ristique\u00a0il y a une dizaine d&rsquo;ann\u00e9es, apr\u00e8s une op\u00e9ration.\u00a0<\/p>\n<p>Rien \u00e0 voir avec la vieillesse, ou pas uniquement selon lui en tout cas\u00a0: s&rsquo;il n&rsquo;a pas perdu ses cheveux, ces derniers se sont comme affaiss\u00e9s apr\u00e8s une intervention chirurgicale\u00a0qu&rsquo;il ne d\u00e9taille pas davantage dans l&rsquo;article. Un effet secondaire qui a surpris jusqu&rsquo;au corps m\u00e9dical.\u00a0\u00ab\u00a0Le chirurgien m&rsquo;a expliqu\u00e9 qu&rsquo;il n&rsquo;avait jamais vu une chose pareille de sa carri\u00e8re\u00a0\u00bb, se souvient Pierre Richard qui a donc d\u00e9sormais de longs cheveux, grisonnants mais plus aussi boucl\u00e9s qu&rsquo;avant.<\/p>\n<p>Aujourd&rsquo;hui \u00e2g\u00e9 de 91 ans, l&rsquo;inoubliable Grand Blond reste en bonne sant\u00e9 et souffre peu des probl\u00e8mes physiques.\u00a0On apprend toutefois au d\u00e9tour de cet article \u00e9crit par Samuel Blumenfeld qu&rsquo;il a fait une chute dans les escaliers r\u00e9cemment, ce qui l&rsquo;a forc\u00e9 \u00e0 marcher avec une b\u00e9quille pendant quelques temps.\u00a0Plus de peur que de mal, heureusement.<\/p>\n","protected":false},"excerpt":{"rendered":"A 91\u00a0ans, Pierre Richard fait l&rsquo;objet de nombreuses interrogations sur son \u00e9tat de sant\u00e9. Le 16\u00a0ao\u00fbt dernier, Pierre&hellip;\n","protected":false},"author":2,"featured_media":471849,"comment_status":"","ping_status":"","sticky":false,"template":"","format":"standard","meta":{"footnotes":""},"categories":[1359],"tags":[59535,51761,58,59,51763,1011,27,51979,1031,51767,973],"class_list":{"0":"post-471848","1":"post","2":"type-post","3":"status-publish","4":"format-standard","5":"has-post-thumbnail","7":"category-people","8":"tag-cms-linternaute-8822944","9":"tag-controller-content","10":"tag-divertissement","11":"tag-entertainment","12":"tag-format-papier","13":"tag-fr","14":"tag-france","15":"tag-les-histoires-de-linternaute","16":"tag-magazine","17":"tag-parallaxeinfeed","18":"tag-people"},"share_on_mastodon":{"url":"https:\/\/pubeurope.com\/@fr\/115393805289586948","error":""},"_links":{"self":[{"href":"https:\/\/www.europesays.com\/fr\/wp-json\/wp\/v2\/posts\/471848","targetHints":{"allow":["GET"]}}],"collection":[{"href":"https:\/\/www.europesays.com\/fr\/wp-json\/wp\/v2\/posts"}],"about":[{"href":"https:\/\/www.europesays.com\/fr\/wp-json\/wp\/v2\/types\/post"}],"author":[{"embeddable":true,"href":"https:\/\/www.europesays.com\/fr\/wp-json\/wp\/v2\/users\/2"}],"replies":[{"embeddable":true,"href":"https:\/\/www.europesays.com\/fr\/wp-json\/wp\/v2\/comments?post=471848"}],"version-history":[{"count":0,"href":"https:\/\/www.europesays.com\/fr\/wp-json\/wp\/v2\/posts\/471848\/revisions"}],"wp:featuredmedia":[{"embeddable":true,"href":"https:\/\/www.europesays.com\/fr\/wp-json\/wp\/v2\/media\/471849"}],"wp:attachment":[{"href":"https:\/\/www.europesays.com\/fr\/wp-json\/wp\/v2\/media?parent=471848"}],"wp:term":[{"taxonomy":"category","embeddable":true,"href":"https:\/\/www.europesays.com\/fr\/wp-json\/wp\/v2\/categories?post=471848"},{"taxonomy":"post_tag","embeddable":true,"href":"https:\/\/www.europesays.com\/fr\/wp-json\/wp\/v2\/tags?post=471848"}],"curies":[{"name":"wp","href":"https:\/\/api.w.org\/{rel}","templated":true}]}}