{"id":471850,"date":"2025-10-18T06:41:33","date_gmt":"2025-10-18T06:41:33","guid":{"rendered":"https:\/\/www.europesays.com\/fr\/471850\/"},"modified":"2025-10-18T06:41:33","modified_gmt":"2025-10-18T06:41:33","slug":"dans-son-jardin-un-passionne-de-sculpture-a-faconne-plus-de-300-statues-de-ciment-a-laide-de-ses-mains","status":"publish","type":"post","link":"https:\/\/www.europesays.com\/fr\/471850\/","title":{"rendered":"Dans son jardin, un passionn\u00e9 de sculpture a fa\u00e7onn\u00e9 plus de 300 statues de ciment \u00e0 l&rsquo;aide de ses mains"},"content":{"rendered":"<p class=\"article__intro\">Sur les bords d&rsquo;une route de Charente-Maritime se trouve un jardin extraordinaire. Le lieu regorge de plus de 300 statues enti\u00e8rement faites de ciment : toutes ont \u00e9t\u00e9 imagin\u00e9es et fa\u00e7onn\u00e9es par un seul homme, Gabriel Albert. Ancien menuisier, il a attendu de prendre sa retraite pour r\u00e9aliser cette passion.<\/p>\n<p>\n      L\u2019actu des r\u00e9gions\n    <\/p>\n<p>\n      Chaque jour, un tour d\u2019horizon des principales infos de toutes les r\u00e9gions.\n    <\/p>\n<p>    France T\u00e9l\u00e9visions utilise votre adresse e-mail afin de vous envoyer la newsletter \u00ab\u00a0L\u2019actu des r\u00e9gions\u00a0\u00bb. Vous pouvez vous d\u00e9sinscrire \u00e0 tout moment via le lien en bas de cette newsletter. <a target=\"_blank\" href=\"https:\/\/www.francetelevisions.fr\/groupe\/confidentialite\/politique-de-confidentialite\/politique-de-confidentialite-de-france-televisions-6503\" rel=\"nofollow noopener\">Notre politique de confidentialit\u00e9<\/a><\/p>\n<p>Au milieu des champs \u00e0 perte de vue, Nantill\u00e9, un petit hameau d&rsquo;un peu plus de 300 habitants, situ\u00e9 \u00e0 l&rsquo;est de la Charente-Maritime, poss\u00e8de un lieu hors du commun : le jardin de Gabriel. Situ\u00e9 sur le bord de la route D129, il abrite plus de 300 statues en ciment et de taille diff\u00e9rente. Personnalit\u00e9s c\u00e9l\u00e8bres, animaux ou caricatures des habitants de son village, toutes ces cr\u00e9ations sont l&rsquo;\u0153uvre d&rsquo;un seul et m\u00eame homme, Gabriel Albert.<\/p>\n<p>Fils de paysans, Gabriel Albert s&rsquo;est pris de passion pour la sculpture depuis son enfance, au d\u00e9but du XXe si\u00e8cle : \u00ab\u00a0Quand il \u00e9tait petit, il allait dans le jardin de ses parents modeler des vases et des petites statuettes, qu&rsquo;il mettait en \u00e9vidence\u00a0\u00bb, raconte Nadine Th\u00e9au, assistante patrimoine pour la communaut\u00e9 de communes Vals de Saintonge. Mais selon elle, Gabriel Albert \u00e9tait n\u00e9 beaucoup trop t\u00f4t, ou du moins pas dans la bonne \u00e9poque pour esp\u00e9rer faire de sa passion, le m\u00e9tier de ses r\u00eaves. \u00ab\u00a0Il n&rsquo;a pas pu faire les Beaux-arts&#8230; \u00c0 l&rsquo;\u00e9poque, \u00e7a ne se faisait pas\u00a0\u00bb, ajoute-t-elle.<\/p>\n<p><a data-article-figure=\"\" href=\"https:\/\/france3-regions.franceinfo.fr\/image\/KbVdx8RvCzSgJQ-dPtSsORvzLKQ\/1024x768\/regions\/2025\/10\/16\/gkns0528-68f10938f20e8920801179.jpg\" data-pswp-width=\"1024\" data-pswp-height=\"768\" target=\"_blank\" rel=\"nofollow noopener\"><\/p>\n<p>          <img width=\"600\" height=\"400\" class=\"article-image lazy\" data-src=\"https:\/\/www.europesays.com\/fr\/wp-content\/uploads\/2025\/10\/gkns0528-68f10938f20e8920801179.jpg\" alt=\"Dans son jardin, Gabriel Albert a positionn\u00e9 minutieusement chacune de ses \u0153uvres.\" fetchpriority=\"high\" as=\"image\"\/><\/p>\n<p>\n            Dans son jardin, Gabriel Albert a positionn\u00e9 minutieusement chacune de ses \u0153uvres.<br \/>\n                           \u2022<br \/>\n                                      \u00a9 Photo confi\u00e9e par Nadine Th\u00e9au\n                      <\/p>\n<p><\/a><\/p>\n<p>Une fois sa carri\u00e8re de menuisier mise de c\u00f4t\u00e9, Gabriel Albert d\u00e9cide de se lancer dans la sculpture apr\u00e8s sa retraite, une \u00ab\u00a0passion qui le tenait depuis des ann\u00e9es\u00a0\u00bb, pr\u00e9cise Nadine Th\u00e9au. \u00ab\u00a0Gabriel Albert \u00e9tait un monsieur qui avait toujours r\u00eav\u00e9 de faire de la sculpture.\u00a0\u00bb De 1969 \u00e0 1989, Gabriel Albert con\u00e7oit, moule, fa\u00e7onne ses personnages : au total, il en fabrique plus de 400. Le tout, venant enti\u00e8rement de son imagination. Parmi les statues en ciment, on peut trouver des gens de son entourage, des militaires, des marins, des danseuses, des animaux ou encore des personnalit\u00e9s c\u00e9l\u00e8bres de l&rsquo;\u00e9poque comme Jacques Brel, Charlie Chaplin, Jacques Chirac ou le g\u00e9n\u00e9ral de Gaulle.<\/p>\n<p><a data-article-figure=\"\" href=\"https:\/\/france3-regions.franceinfo.fr\/image\/Rc7w5kap8obqLy-bUXyNkMzIcb0\/1024x768\/regions\/2025\/10\/16\/xscx8085-68f10b073fa35222081665.jpg\" data-pswp-width=\"1024\" data-pswp-height=\"768\" target=\"_blank\" rel=\"nofollow noopener\"><\/p>\n<p>          <img width=\"600\" height=\"400\" class=\"article-image lazy\" data-src=\"https:\/\/www.europesays.com\/fr\/wp-content\/uploads\/2025\/10\/xscx8085-68f10b073fa35222081665.jpg\" alt=\"Au milieu de ces statues se trouve la maison de Gabriel Albert, l\u00e0 o\u00f9 il a v\u00e9cu jusqu'\u00e0 sa mort en l'an 2000.\" fetchpriority=\"high\" as=\"image\"\/><\/p>\n<p>\n            Au milieu de ces statues se trouve la maison de Gabriel Albert, l\u00e0 o\u00f9 il a v\u00e9cu jusqu&rsquo;\u00e0 sa mort en l&rsquo;an 2000.<br \/>\n                           \u2022<br \/>\n                                      \u00a9 Photo confi\u00e9e par Nadine Th\u00e9au\n                      <\/p>\n<p><\/a><\/p>\n<p>Gabriel Albert est ce que l&rsquo;on appelle un habitant paysagiste : en 1977, l&rsquo;architecte Bernard Lassus utilise dans son ouvrage Jardins imaginaires, <a href=\"https:\/\/habitants-paysagistes.musee-lam.fr\/\" target=\"_blank\" rel=\"noopener noreferrer nofollow\" data-tooltip-url=\"https:\/\/habitants-paysagistes.musee-lam.fr\/\">le terme \u00ab\u00a0habitants-paysagistes\u00a0\u00bb<\/a> pour d\u00e9signer des personnes qui ont entrepris de faire de leur environnement quotidien, comme une maison ou un jardin, une cr\u00e9ation personnelle. L&rsquo;ancien menuisier confectionnait toutes ces \u0153uvres dans son atelier, install\u00e9 au fond de son jardin. Vingt-cinq ans apr\u00e8s sa mort, le lieu demeure intact. On trouve encore ses outils, rouill\u00e9s et poussi\u00e9reux par le temps, mais aussi des mains en ciment, accroch\u00e9es sur une poutre et remplie de toiles d&rsquo;araign\u00e9e, et des visages rassemblant \u00e0 des masques mortuaires.<\/p>\n<p><a data-article-figure=\"\" href=\"https:\/\/france3-regions.franceinfo.fr\/image\/pKtb0551Xl-jhI7h-yHk0LvsD-E\/1024x768\/regions\/2025\/10\/16\/ltqh1344-68f10eefa4d5d757038095.jpg\" data-pswp-width=\"1024\" data-pswp-height=\"768\" target=\"_blank\" rel=\"nofollow noopener\"><\/p>\n<p>          <img width=\"600\" height=\"400\" class=\"article-image lazy\" data-src=\"https:\/\/www.europesays.com\/fr\/wp-content\/uploads\/2025\/10\/ltqh1344-68f10eefa4d5d757038095.jpg\" alt=\"Plus de 300 statues sont pr\u00e9sentes dans le jardin de Gabriel.\" fetchpriority=\"high\" as=\"image\"\/><\/p>\n<p>\n            Plus de 300 statues sont pr\u00e9sentes dans le jardin de Gabriel.<br \/>\n                           \u2022<br \/>\n                                      \u00a9 Photo confi\u00e9e par Nadine Th\u00e9au\n                      <\/p>\n<p><\/a><\/p>\n<p>Pendant plus de 20 ans, Gabriel Albert a fa\u00e7onn\u00e9 plus de 400 statues : aujourd&rsquo;hui, on en retrouve un peu plus de 300 dans son jardin car \u00ab\u00a0une partie de ses statues a \u00e9t\u00e9 vol\u00e9e et l&rsquo;autre partie est conserv\u00e9 et cach\u00e9\u00a0\u00bb, pr\u00e9cise Jeanne Debats, m\u00e9diatrice culturelle au Jardin de Gabriel. Depuis 2015, la R\u00e9gion Nouvelle-Aquitaine, propri\u00e9taire des lieux, met actuellement sur pied un protocole pour restaurer, la peinture et les pigments utilis\u00e9s par l&rsquo;ancien menuisier s&rsquo;effa\u00e7ant avec le temps : Nadine Th\u00e9au l&rsquo;assure, \u00ab\u00a0la restauration de ces statues demeure dans les tablettes.\u00a0\u00bb Ce jardin est si singulier que depuis 2011, le site est inscrit aux Monuments historiques. Le jardin de Gabriel Albert rejoint d&rsquo;autres sites embl\u00e9matiques d&rsquo;art na\u00eff poss\u00e9dant cette distinction, comme le c\u00e9l\u00e8bre Palais id\u00e9al du Facteur Cheval, \u00e0 Hauterives, dans la Dr\u00f4me.<\/p>\n","protected":false},"excerpt":{"rendered":"Sur les bords d&rsquo;une route de Charente-Maritime se trouve un jardin extraordinaire. Le lieu regorge de plus de&hellip;\n","protected":false},"author":2,"featured_media":471851,"comment_status":"","ping_status":"","sticky":false,"template":"","format":"standard","meta":{"footnotes":""},"categories":[1358],"tags":[1348,1384,1385,1386,58,59,1011,27],"class_list":{"0":"post-471850","1":"post","2":"type-post","3":"status-publish","4":"format-standard","5":"has-post-thumbnail","7":"category-arts-et-design","8":"tag-arts","9":"tag-arts-and-design","10":"tag-arts-et-design","11":"tag-design","12":"tag-divertissement","13":"tag-entertainment","14":"tag-fr","15":"tag-france"},"share_on_mastodon":{"url":"https:\/\/pubeurope.com\/@fr\/115393808605549228","error":""},"_links":{"self":[{"href":"https:\/\/www.europesays.com\/fr\/wp-json\/wp\/v2\/posts\/471850","targetHints":{"allow":["GET"]}}],"collection":[{"href":"https:\/\/www.europesays.com\/fr\/wp-json\/wp\/v2\/posts"}],"about":[{"href":"https:\/\/www.europesays.com\/fr\/wp-json\/wp\/v2\/types\/post"}],"author":[{"embeddable":true,"href":"https:\/\/www.europesays.com\/fr\/wp-json\/wp\/v2\/users\/2"}],"replies":[{"embeddable":true,"href":"https:\/\/www.europesays.com\/fr\/wp-json\/wp\/v2\/comments?post=471850"}],"version-history":[{"count":0,"href":"https:\/\/www.europesays.com\/fr\/wp-json\/wp\/v2\/posts\/471850\/revisions"}],"wp:featuredmedia":[{"embeddable":true,"href":"https:\/\/www.europesays.com\/fr\/wp-json\/wp\/v2\/media\/471851"}],"wp:attachment":[{"href":"https:\/\/www.europesays.com\/fr\/wp-json\/wp\/v2\/media?parent=471850"}],"wp:term":[{"taxonomy":"category","embeddable":true,"href":"https:\/\/www.europesays.com\/fr\/wp-json\/wp\/v2\/categories?post=471850"},{"taxonomy":"post_tag","embeddable":true,"href":"https:\/\/www.europesays.com\/fr\/wp-json\/wp\/v2\/tags?post=471850"}],"curies":[{"name":"wp","href":"https:\/\/api.w.org\/{rel}","templated":true}]}}