{"id":471854,"date":"2025-10-18T06:43:10","date_gmt":"2025-10-18T06:43:10","guid":{"rendered":"https:\/\/www.europesays.com\/fr\/471854\/"},"modified":"2025-10-18T06:43:10","modified_gmt":"2025-10-18T06:43:10","slug":"eric-zemmour-blesse-de-voir-son-nom-traine-dans-la-boue","status":"publish","type":"post","link":"https:\/\/www.europesays.com\/fr\/471854\/","title":{"rendered":"Eric Zemmour \u00ab\u00a0bless\u00e9\u00a0\u00bb de voir son nom \u00ab\u00a0tra\u00een\u00e9 dans la boue\u00a0\u00bb"},"content":{"rendered":"<p>Par <a class=\"author_recette\" id=\"author_name\" href=\"https:\/\/www.nextplz.fr\/auteur\/francis-uliel\" rel=\"nofollow noopener\" target=\"_blank\">Francis<br \/>\nUliel<\/a> &#8211;<br \/>\nPubli\u00e9 le 18 Oct 2025 \u00e0<br \/>\n07:30<\/p>\n<p class=\"article-intro excerpt\">Plus jeune, \u00c9ric Zemmour a \u00e9t\u00e9<br \/>\nconfront\u00e9 \u00e0 des moqueries visant sur son nom de familles. Les<br \/>\nresponsables ? Ses enseignants et camarades \u00e9tudiants.<\/p>\n<p>Auteur des livres Le suicide fran\u00e7ais et de La<br \/>\nFrance n\u00a0\u00bba pas dit son dernier mot, respectivement publi\u00e9s en<br \/>\n2021 et 2024, Eric Zemmour a fait un choix fort en d\u00e9laissant son<br \/>\nr\u00f4le de pol\u00e9miste pour celui de candidat \u00e0 l&rsquo;\u00e9lection<br \/>\npr\u00e9sidentielle. L&rsquo;homme politique, arriv\u00e9 en quatri\u00e8me position<br \/>\navec 7,07\u2009% des suffrages en 2022, est loin de faire l&rsquo;unanimit\u00e9.<br \/>\nCe, en raison de ses opinions souvent controvers\u00e9es sur des sujets<br \/>\ntels que l&rsquo;immigration, l&rsquo;identit\u00e9 nationale ou m\u00eame le d\u00e9clin de<br \/>\nla France.<\/p>\n<p>\u00c9ric Zemmour est une personnalit\u00e9 qui suscite de la controverse.<br \/>\nEt cela ne date pas d&rsquo;aujourd&rsquo;hui. \u00c0 l&rsquo;\u00e9poque, alors qu&rsquo;il \u00e9tait<br \/>\n\u00e9tudiant, <a href=\"https:\/\/www.nextplz.fr\/people\/469709-michael-zemmour-quel-est-son-lien-de-parente-avec-eric-zemmour\" rel=\"nofollow noopener\" target=\"_blank\"><br \/>\nl&rsquo;homme politique, souvent assimil\u00e9 \u00e0 Michael Zemmour,<\/a> \u00e9tait la<br \/>\ncible de commentaires moqueurs. Ses enseignants et camarades ne<br \/>\nl&rsquo;ont pas \u00e9pargn\u00e9 comme le raconte \u00c9tienne Girard dans son ouvrage<br \/>\nLe Radicalis\u00e9. Les faits remontent \u00e0 1976, alors qu&rsquo;\u00c9ric<br \/>\nZemmour int\u00e8gre la fili\u00e8re de droit constitutionnel, avec pour<br \/>\nprofesseur Jean-Louis Berthet. \u00ab\u00a0Le dernier nom de la liste<br \/>\ncommence par un Z. Il s\u2019agit d\u2019\u00c9ric Zemmour. Lorsqu\u2019il prononce le<br \/>\npatronyme, le professeur ne peut s\u2019emp\u00eacher de poser une question<br \/>\nqu\u2019il accompagne d\u2019un l\u00e9ger rictus : \u2018\u00cates-vous de la famille des<br \/>\nfr\u00e8res Zemour ?\u2019\u201d, relate \u00c9tienne Girard dans ses \u00e9crits.<\/p>\n<p>Eric Zemmour<br \/>\nparent\u00e9 \u00e0 une famille de gangster ?<\/p>\n<p>\u00c0 noter que la fameuse famille des fr\u00e8res Zemour est une fratrie<br \/>\nde 5 fr\u00e8res criminels dont les frasques ont fait la une des<br \/>\njournaux dans les ann\u00e9es 70. \u00c9tienne Girard poursuit alors son<br \/>\nr\u00e9cit : \u201cInterrogation vache de la part de quelqu&rsquo;un qui n\u2019a<br \/>\npas pu ignorer que cette fratrie de gangsters, qui s\u00e8me la terreur<br \/>\ndans Paris, s&rsquo;\u00e9pelle avec un seul m, et son nouvel \u00e9tudiant avec<br \/>\ndeux\u00a0\u00bb. Cette blague os\u00e9e du professeur Jean-Louis Berthet<br \/>\nincite les autres \u00e9tudiants \u00e0 lancer une session de vannes \u00e0<br \/>\nl&rsquo;\u00e9gard d&rsquo;Eric Zemmour. \u201cL\u2019int\u00e9ress\u00e9 encaisse, d\u00e9fait, d\u2019autant<br \/>\nplus bless\u00e9 que son propre grand-p\u00e8re vit tr\u00e8s mal cette homonymie<br \/>\navec ces bandits prox\u00e9n\u00e8tes\u201d, poursuit Girard. Esseul\u00e9 face \u00e0<br \/>\nses assaillants, le principal int\u00e9ress\u00e9 r\u00e9pond d&rsquo;un air froid :<br \/>\n\u201cNotre nom est tra\u00een\u00e9 dans la boue\u201d.<\/p>\n<p>Micha\u00ebl Zemmour r\u00e9agi \u00e0 la suppression des R\u00e9formes des<br \/>\nretraites<\/p>\n<p>Comme pr\u00e9c\u00e9demment indiqu\u00e9, Eric Zemmour a souvent \u00e9t\u00e9 assimil\u00e9<br \/>\n\u00e0 Micha\u00ebl Zemmour en raison de leur nom. Pourtant, <a href=\"https:\/\/www.nextplz.fr\/people\/491987-eric-zemmour-patron-salon-de-coiffure-cette-seconde-vie-que-peu-connaissent\" rel=\"nofollow noopener\" target=\"_blank\"><br \/>\nl&rsquo;homme politique qui poss\u00e8de un salon de beaut\u00e9<\/a> et<br \/>\nl&rsquo;\u00e9conomiste n&rsquo;ont aucun lien de parent\u00e9. Parlant de ce dernier, il<br \/>\na r\u00e9cemment r\u00e9agi \u00e0 la suspension de la r\u00e9forme des retraites. Sur<br \/>\nle plateau de RMC, l&rsquo;homme de 60 ans a assur\u00e9 que cette d\u00e9cision ne<br \/>\nremet pas en cause le projet et ne le d\u00e9cale que d&rsquo;un an. \u00ab\u00a0Cela<br \/>\nmaintient la retraite \u00e0 64 ans et le passage acc\u00e9l\u00e9r\u00e9 \u00e0 43<br \/>\nannuit\u00e9s\u00a0\u00bb a-t-il d\u00e9clar\u00e9 dans un premier temps. Et de<br \/>\npoursuivre, expliquant : \u00ab\u00a0Les personnes qui ont 60 ans<br \/>\naujourd&rsquo;hui devaient partir \u00e0 63 ans et 3 mois, elles partiront \u00e0<br \/>\n63 ans. Celles qui ont 56 ans devaient partir \u00e0 64 ans, elles<br \/>\npartiront \u00e0 64 ans\u00a0\u00bb.<\/p>\n","protected":false},"excerpt":{"rendered":"Par Francis Uliel &#8211; Publi\u00e9 le 18 Oct 2025 \u00e0 07:30 Plus jeune, \u00c9ric Zemmour a \u00e9t\u00e9 confront\u00e9&hellip;\n","protected":false},"author":2,"featured_media":471855,"comment_status":"","ping_status":"","sticky":false,"template":"","format":"standard","meta":{"footnotes":""},"categories":[1356],"tags":[58,59,1011,27,252,1364],"class_list":{"0":"post-471854","1":"post","2":"type-post","3":"status-publish","4":"format-standard","5":"has-post-thumbnail","7":"category-television","8":"tag-divertissement","9":"tag-entertainment","10":"tag-fr","11":"tag-france","12":"tag-television","13":"tag-tv"},"share_on_mastodon":{"url":"https:\/\/pubeurope.com\/@fr\/115393816476523622","error":""},"_links":{"self":[{"href":"https:\/\/www.europesays.com\/fr\/wp-json\/wp\/v2\/posts\/471854","targetHints":{"allow":["GET"]}}],"collection":[{"href":"https:\/\/www.europesays.com\/fr\/wp-json\/wp\/v2\/posts"}],"about":[{"href":"https:\/\/www.europesays.com\/fr\/wp-json\/wp\/v2\/types\/post"}],"author":[{"embeddable":true,"href":"https:\/\/www.europesays.com\/fr\/wp-json\/wp\/v2\/users\/2"}],"replies":[{"embeddable":true,"href":"https:\/\/www.europesays.com\/fr\/wp-json\/wp\/v2\/comments?post=471854"}],"version-history":[{"count":0,"href":"https:\/\/www.europesays.com\/fr\/wp-json\/wp\/v2\/posts\/471854\/revisions"}],"wp:featuredmedia":[{"embeddable":true,"href":"https:\/\/www.europesays.com\/fr\/wp-json\/wp\/v2\/media\/471855"}],"wp:attachment":[{"href":"https:\/\/www.europesays.com\/fr\/wp-json\/wp\/v2\/media?parent=471854"}],"wp:term":[{"taxonomy":"category","embeddable":true,"href":"https:\/\/www.europesays.com\/fr\/wp-json\/wp\/v2\/categories?post=471854"},{"taxonomy":"post_tag","embeddable":true,"href":"https:\/\/www.europesays.com\/fr\/wp-json\/wp\/v2\/tags?post=471854"}],"curies":[{"name":"wp","href":"https:\/\/api.w.org\/{rel}","templated":true}]}}