{"id":471860,"date":"2025-10-18T06:46:10","date_gmt":"2025-10-18T06:46:10","guid":{"rendered":"https:\/\/www.europesays.com\/fr\/471860\/"},"modified":"2025-10-18T06:46:10","modified_gmt":"2025-10-18T06:46:10","slug":"ce-symptome-avant-de-dormir-annonce-un-avc-dans-la-nuit","status":"publish","type":"post","link":"https:\/\/www.europesays.com\/fr\/471860\/","title":{"rendered":"ce sympt\u00f4me avant de dormir annonce un AVC dans la nuit"},"content":{"rendered":"<p>\n                \u00ab\u00a0Trop de patients disent \u00ab\u00a0On verra demain\u00a0\u00bb mais c&rsquo;est trop tard\u00a0\u00bb, pr\u00e9vient Olivier Temgoua, chef du service neurologie au centre hospitalier de Dreux.            <\/p>\n<p>Sur 150 000 personnes qui font un AVC chaque ann\u00e9e en France, 30 000 en d\u00e9c\u00e8dent soit 1 personne sur 5. Pour \u00e9viter le pire, il faut agir tr\u00e8s vite c&rsquo;est-\u00e0-dire en quelques secondes, voire minutes. Et donc \u00eatre capable de rep\u00e9rer les sympt\u00f4mes de l&rsquo;<a href=\"https:\/\/sante.journaldesfemmes.fr\/fiches-maladies\/1433233-avc-definition-cause-drogue-stress\/\" title=\"AVC\" target=\"_blank\" rel=\"noopener\">accident vasculaire c\u00e9r\u00e9bral<\/a>. Par chance, ils\u00a0ne sont pas nombreux et, surtout, ils sont particuli\u00e8rement caract\u00e9ristiques ce qui permet, une fois qu&rsquo;on les connait, de ne pas avoir de doute face \u00e0 une victime.\u00a0\u00ab\u00a0Un patient qui b\u00e9n\u00e9ficie d&rsquo;une prise en charge optimale maximise ses chances de r\u00e9cup\u00e9ration compl\u00e8te par rapport \u00e0 un patient qui b\u00e9n\u00e9ficierait d&rsquo;une prise en charge tardive\u00a0\u00bb\u00a0rappelle Olivier Temgoua, chef du service neurologie au centre hospitalier de Dreux, aupr\u00e8s de L&rsquo;Echo R\u00e9publicain.<\/p>\n<p>En cas d&rsquo;AVC, le cerveau ne re\u00e7oit plus l&rsquo;apport suffisant en sang et en oxyg\u00e8ne, soit parce qu&rsquo;un caillot bloque un vaisseau (80% des cas), soit parce qu&rsquo;il se rompt et provoque une h\u00e9morragie (20% des cas). L&rsquo;AVC peut survenir \u00e0 n&rsquo;importe quel moment de la journ\u00e9e, de jour comme de nuit.\u00a0\u00ab\u00a0Il y a encore beaucoup de patients\u00a0qui disent \u00ab\u00a0j&rsquo;ai eu ci, mais on verra demain\u00a0\u00bb en se couchant et malheureusement, ils font un AVC dans la nuit et c&rsquo;est trop tard. Quand vous avez encore un cas comme \u00e7a dans la pratique, il faut continuer \u00e0 faire passer le message\u00a0\u00bb\u00a0poursuit le neurologue.<\/p>\n<p>Les sympt\u00f4mes arrivent toujours brutalement\u00a0\u00ab\u00a0d&rsquo;une seconde \u00e0 l&rsquo;autre ou sur quelques minutes, parfois sur quelques heures mais soudainement\u00a0\u00bb nous expliquait le Pr Sonia Alamowitch, Chef de service des Urgences c\u00e9r\u00e9bro-vasculaires \u00e0 l&rsquo;h\u00f4pital Salp\u00e9tri\u00e8re (Paris)\u00a0dans un pr\u00e9c\u00e9dent article. Ce qui doit alerter ? \u00ab\u00a0Pensez au mot VITE\u00a0\u00bb, conseille le\u00a0Dr Temgoua.\u00a0\u00ab\u00a0V pour Visage d\u00e9form\u00e9 (une moiti\u00e9 du visage qui tombe brutalement), I pour Impossibilit\u00e9 de lever un ou deux bras, une ou deux jambes,\u00a0T pour troubles de la parole, E pour Extr\u00eame urgence.\u00a0\u00bb Une personne qui pr\u00e9sente brutalement ces sympt\u00f4mes avant de dormir, sans raison a priori,\u00a0ne doit pas se coucher.<\/p>\n<p>\u00ab\u00a0Il est imp\u00e9ratif d&rsquo;appeler le 15\u00a0pour \u00e9viter que l&rsquo;AVC se constitue de fa\u00e7on compl\u00e8te et d\u00e9finitive. Dans les 4h30\u00a0apr\u00e8s l&rsquo;apparition des sympt\u00f4mes, on a la possibilit\u00e9 de proposer un traitement pour dissoudre le caillot. Jusqu&rsquo;\u00e0 6\u00a0heures apr\u00e8s, on peut\u00a0faire une trombectomie en aspirant le caillot. Mais au-del\u00e0, c&rsquo;est trop tard\u00a0\u00bb, insiste le sp\u00e9cialiste.\u00a0L&rsquo;AVC r\u00e9sulte d&rsquo;une combinaison de facteurs bien connus des m\u00e9decins\u00a0: une hypertension mal contr\u00f4l\u00e9e, un exc\u00e8s de cholest\u00e9rol, des troubles du rythme cardiaque.\u00a0Le diab\u00e8te, le tabac, l&rsquo;alcool et\u00a0la s\u00e9dentarit\u00e9 accentuent encore le risque. Avec l&rsquo;\u00e2ge, les art\u00e8res se fragilisent, et le danger augmente.<\/p>\n","protected":false},"excerpt":{"rendered":"\u00ab\u00a0Trop de patients disent \u00ab\u00a0On verra demain\u00a0\u00bb mais c&rsquo;est trop tard\u00a0\u00bb, pr\u00e9vient Olivier Temgoua, chef du service neurologie&hellip;\n","protected":false},"author":2,"featured_media":471861,"comment_status":"","ping_status":"","sticky":false,"template":"","format":"standard","meta":{"footnotes":""},"categories":[10],"tags":[860,232,59536,51761,51763,1011,27,72,51989,51766,2778,222,51767,71],"class_list":{"0":"post-471860","1":"post","2":"type-post","3":"status-publish","4":"format-standard","5":"has-post-thumbnail","7":"category-sante","8":"tag-avc","9":"tag-cardiologie","10":"tag-cms-journaldesfemmes-3244346","11":"tag-controller-content","12":"tag-format-papier","13":"tag-fr","14":"tag-france","15":"tag-health","16":"tag-index-tag-interdit-hors-redacchef","17":"tag-les-histoires-du-jdf","18":"tag-maladies","19":"tag-neurologie","20":"tag-parallaxeinfeed","21":"tag-sante"},"share_on_mastodon":{"url":"https:\/\/pubeurope.com\/@fr\/115393828278720865","error":""},"_links":{"self":[{"href":"https:\/\/www.europesays.com\/fr\/wp-json\/wp\/v2\/posts\/471860","targetHints":{"allow":["GET"]}}],"collection":[{"href":"https:\/\/www.europesays.com\/fr\/wp-json\/wp\/v2\/posts"}],"about":[{"href":"https:\/\/www.europesays.com\/fr\/wp-json\/wp\/v2\/types\/post"}],"author":[{"embeddable":true,"href":"https:\/\/www.europesays.com\/fr\/wp-json\/wp\/v2\/users\/2"}],"replies":[{"embeddable":true,"href":"https:\/\/www.europesays.com\/fr\/wp-json\/wp\/v2\/comments?post=471860"}],"version-history":[{"count":0,"href":"https:\/\/www.europesays.com\/fr\/wp-json\/wp\/v2\/posts\/471860\/revisions"}],"wp:featuredmedia":[{"embeddable":true,"href":"https:\/\/www.europesays.com\/fr\/wp-json\/wp\/v2\/media\/471861"}],"wp:attachment":[{"href":"https:\/\/www.europesays.com\/fr\/wp-json\/wp\/v2\/media?parent=471860"}],"wp:term":[{"taxonomy":"category","embeddable":true,"href":"https:\/\/www.europesays.com\/fr\/wp-json\/wp\/v2\/categories?post=471860"},{"taxonomy":"post_tag","embeddable":true,"href":"https:\/\/www.europesays.com\/fr\/wp-json\/wp\/v2\/tags?post=471860"}],"curies":[{"name":"wp","href":"https:\/\/api.w.org\/{rel}","templated":true}]}}