{"id":471868,"date":"2025-10-18T06:50:13","date_gmt":"2025-10-18T06:50:13","guid":{"rendered":"https:\/\/www.europesays.com\/fr\/471868\/"},"modified":"2025-10-18T06:50:13","modified_gmt":"2025-10-18T06:50:13","slug":"lagence-de-notation-sp-retrograde-la-france-en-a-pour-ses-finances-publiques-actualites","status":"publish","type":"post","link":"https:\/\/www.europesays.com\/fr\/471868\/","title":{"rendered":"L&rsquo;agence de notation S&#038;P r\u00e9trograde la France en A+ pour ses finances publiques : Actualit\u00e9s"},"content":{"rendered":"<p class=\"lead \"><strong>L&rsquo;annonce est tomb\u00e9e vendredi 17 octobre au soir : l&rsquo;agence de notation Standard &amp; Poor&rsquo;s (S&amp;P) a abaiss\u00e9 la note de la France, la faisant passer de AA- \u00e0 A+. En cause : l&rsquo;instabilit\u00e9 politique du pays et ses finances publiques.<\/strong><\/p>\n<p class=\"lead \"> Le couperet est tomb\u00e9. Vendredi 17 octobre au soir, l&rsquo;agence de notation S&amp;P a abaiss\u00e9 la note de la France, qui passe de \u00ab\u00a0AA-\u00a0\u00bb \u00e0 \u00ab\u00a0A+\u00a0\u00bb. Ces derniers estiment en effet que les finances publiques du pays sont incertaines, en partie dues \u00e0 l&rsquo;instabilit\u00e9 politique qui a secou\u00e9 le pays ces derni\u00e8res semaines. Le Premier ministre a indiqu\u00e9 avoir pris acte de cette d\u00e9cision, rapporte <a href=\"https:\/\/www.franceinfo.fr\/economie\/budget\/l-agence-de-notation-s-p-abaisse-la-note-de-la-france-qui-passe-de-aa-a-a-evoquant-une-incertitude-elevee-sur-les-finances-publiques_7559305.html\" target=\"_blank\" rel=\"nofollow noopener\">France Info<\/a>.<\/p>\n<p>                                                                                                La France rejoint l&rsquo;Espagne, le Japon et la Chine dans le classement<\/p>\n<p class=\"lead \">\u00ab\u00a0Le gouvernement confirme sa d\u00e9termination \u00e0 tenir l&rsquo;objectif de d\u00e9ficit de 5,4% du PIB pour 2025&Prime;, a indiqu\u00e9 le ministre de l&rsquo;\u00c9conomie Roland Lescure aupr\u00e8s de France Info. Bercy ambitionne d'\u00a0\u00bbacc\u00e9l\u00e9rer la r\u00e9duction du d\u00e9ficit public \u00e0 4,7 % du PIB tout en pr\u00e9servant la croissance\u00a0\u00bb en 2026, \u00e9crit-il. Le ministre en a profit\u00e9 pour appeler \u00e0 la \u00ab\u00a0responsabilit\u00e9 collective\u00a0\u00bb du gouvernement et du parlement pour faire adopter le budget de S\u00e9bastien Lecornu \u00ab\u00a0avant la fin de l&rsquo;ann\u00e9e\u00a0\u00bb.<\/p>\n<p class=\"lead \">D&rsquo;apr\u00e8s l&rsquo;agence de notation S&amp;P : si cet \u00ab\u00a0objectif de d\u00e9ficit public de 5,4% du PIB en 2025 sera atteint\u00a0\u00bb, \u00ab\u00a0en l&rsquo;absence de mesures suppl\u00e9mentaires significatives de r\u00e9duction du d\u00e9ficit budg\u00e9taire, l&rsquo;assainissement budg\u00e9taire sur  horizon de pr\u00e9vision sera plus lent que pr\u00e9vu.\u00a0\u00bb C&rsquo;est la deuxi\u00e8me fois en un an et demi que l&rsquo;agence d\u00e9grade la note de la France. La France rejoint l&rsquo;Espagne, le Portugal, le Japon et la Chine \u00e0 ce classement.<\/p>\n<p class=\"small font-weight-bold text-gray3 \"> publi\u00e9 le 18 octobre \u00e0 06h57, Gabriel Gadr\u00e9, 6M\u00e9dias <\/p>\n<p>                             Partager<\/p>\n","protected":false},"excerpt":{"rendered":"L&rsquo;annonce est tomb\u00e9e vendredi 17 octobre au soir : l&rsquo;agence de notation Standard &amp; Poor&rsquo;s (S&amp;P) a abaiss\u00e9&hellip;\n","protected":false},"author":2,"featured_media":471869,"comment_status":"","ping_status":"","sticky":false,"template":"","format":"standard","meta":{"footnotes":""},"categories":[6],"tags":[35,33,34,1011,27],"class_list":{"0":"post-471868","1":"post","2":"type-post","3":"status-publish","4":"format-standard","5":"has-post-thumbnail","7":"category-economie","8":"tag-business","9":"tag-economie","10":"tag-economy","11":"tag-fr","12":"tag-france"},"share_on_mastodon":{"url":"https:\/\/pubeurope.com\/@fr\/115393844078897507","error":""},"_links":{"self":[{"href":"https:\/\/www.europesays.com\/fr\/wp-json\/wp\/v2\/posts\/471868","targetHints":{"allow":["GET"]}}],"collection":[{"href":"https:\/\/www.europesays.com\/fr\/wp-json\/wp\/v2\/posts"}],"about":[{"href":"https:\/\/www.europesays.com\/fr\/wp-json\/wp\/v2\/types\/post"}],"author":[{"embeddable":true,"href":"https:\/\/www.europesays.com\/fr\/wp-json\/wp\/v2\/users\/2"}],"replies":[{"embeddable":true,"href":"https:\/\/www.europesays.com\/fr\/wp-json\/wp\/v2\/comments?post=471868"}],"version-history":[{"count":0,"href":"https:\/\/www.europesays.com\/fr\/wp-json\/wp\/v2\/posts\/471868\/revisions"}],"wp:featuredmedia":[{"embeddable":true,"href":"https:\/\/www.europesays.com\/fr\/wp-json\/wp\/v2\/media\/471869"}],"wp:attachment":[{"href":"https:\/\/www.europesays.com\/fr\/wp-json\/wp\/v2\/media?parent=471868"}],"wp:term":[{"taxonomy":"category","embeddable":true,"href":"https:\/\/www.europesays.com\/fr\/wp-json\/wp\/v2\/categories?post=471868"},{"taxonomy":"post_tag","embeddable":true,"href":"https:\/\/www.europesays.com\/fr\/wp-json\/wp\/v2\/tags?post=471868"}],"curies":[{"name":"wp","href":"https:\/\/api.w.org\/{rel}","templated":true}]}}