{"id":47187,"date":"2025-04-23T18:04:10","date_gmt":"2025-04-23T18:04:10","guid":{"rendered":"https:\/\/www.europesays.com\/fr\/47187\/"},"modified":"2025-04-23T18:04:10","modified_gmt":"2025-04-23T18:04:10","slug":"arcelormittal-va-supprimer-600-postes-en-france","status":"publish","type":"post","link":"https:\/\/www.europesays.com\/fr\/47187\/","title":{"rendered":"ArcelorMittal va supprimer 600 postes en France"},"content":{"rendered":"<p>C&rsquo;est un nouveau coup de massue pour l&rsquo;aci\u00e9rie fran\u00e7aise et europ\u00e9enne ! La direction d&rsquo;ArcelorMittal vient d&rsquo;annoncer aux repr\u00e9sentants du personnel un plan de suppressions de postes dans \u00ab sept sites du nord de la France \u00bb. Le d\u00e9tail de ces annonces n&rsquo;a pas \u00e9t\u00e9 encore communiqu\u00e9. Sommes-nous face \u00e0 un ajustement \u00e0 la marge ou une v\u00e9ritable nouvelle saign\u00e9e industrielle ?<\/p>\n<p>\u00ab Dans le contexte de crise qui frappe l&rsquo;industrie de l&rsquo;acier en Europe (une baisse de la demande de 20 % sur cinq ans et une forte augmentation des importations qui repr\u00e9sentent aujourd&rsquo;hui 30 % du march\u00e9), ArcelorMittal France Nord doit en permanence travailler \u00e0 am\u00e9liorer son efficacit\u00e9 et sa comp\u00e9titivit\u00e9 (&#8230;)\u00a0ArcelorMittal France Nord a d\u00e9j\u00e0 mis en \u0153uvre toutes les mesures possibles d&rsquo;adaptation \u00e0 court terme, mais l&rsquo;entreprise doit maintenant envisager des mesures de r\u00e9organisation pour adapter son activit\u00e9 au nouveau contexte du march\u00e9 et assurer sa comp\u00e9titivit\u00e9 future \u00bb, vient de communiquer la direction fran\u00e7aise de l&rsquo;aci\u00e9riste.<\/p>\n<p>Mercredi apr\u00e8s-midi, un comit\u00e9 social d&rsquo;entreprise\u00a0s&rsquo;est tenu\u00a0pour la partie France, au si\u00e8ge fran\u00e7ais de Saint-Denis (Seine-Saint-Denis), et un autre, au niveau europ\u00e9en, \u00e0 Luxembourg, pour pr\u00e9senter ce plan. La direction fait savoir qu&rsquo;il va concerner 600 personnes \u00ab environ \u00bb sur les 7 100 salari\u00e9s concern\u00e9s par ces annonces.\u00a0\u00ab \u00c0 ce stade, il est trop t\u00f4t pour chiffrer le nombre de personnes qui pourraient \u00eatre concern\u00e9es \u00bb, ajoute-t-elle.\u00a0ArcelorMittal dispose pr\u00e9cis\u00e9ment d&rsquo;implantations \u00e0\u00a0Dunkerque (Nord), Florange (Moselle), Basse-Indre (Loire-Atlantique), Mardyck (Nord), Mouzon (Ardennes), Desvres (Pas-de-Calais) et Montataire (Oise). Tous seront concern\u00e9s par les r\u00e9ductions des effectifs. \u00ab Nous serons extr\u00eamement vigilants sur le fait qu&rsquo;il n&rsquo;y ait aucune fermeture de site \u00bb, a mis en garde le ministre de l&rsquo;Industrie et de l&rsquo;\u00c9nergie, Marc Ferracci.<\/p>\n<p>\u00ab Nous sommes surpris par l&rsquo;ampleur du plan, mais nous savions que nous devions passer par l\u00e0. La r\u00e9flexion est engag\u00e9e depuis six mois pour r\u00e9duire nos co\u00fbts. C&rsquo;est peut-\u00eatre un mal pour un bien. Cet effort pourrait convaincre les actionnaires \u00e0 lancer les investissements de d\u00e9carbonation, notamment l&rsquo;installation de fours \u00e9lectriques, pour assurer l&rsquo;avenir de notre production d&rsquo;acier\u00bb, commente \u00e0 chaud Xavier Le Coq, coordinateur central CFE-CGC pour le groupe ArcelorMittal, joint par La Tribune.<\/p>\n<p>Des \u00e9l\u00e9ments plus pr\u00e9cis fin avril<\/p>\n<p>La direction de la soci\u00e9t\u00e9 et les syndicats doivent \u00e0 nouveau \u00e9changer lors d&rsquo;une r\u00e9union fix\u00e9e au 30 avril, pour conna\u00eetre l&rsquo;impact de cette organisation en France, nomm\u00e9e \u00ab plan React \u00bb, site par site. \u00ab Ce qui nous inqui\u00e8te \u00e0 ce propos c&rsquo;est que nous ne connaissons pas encore l&rsquo;outil social qui va \u00eatre utilis\u00e9. Un PSE ? Un plan de d\u00e9parts volontaires ? Des non remplacements de d\u00e9parts \u00e0 la retraite ? Nous n&rsquo;en savons rien \u00bb, ajoute Xavier Le Coq.<\/p>\n<p>Cette annonce intervient dans un contexte d\u00e9j\u00e0 morose pour le groupe industriel sur le plan social. <a href=\"https:\/\/www.latribune.fr\/economie\/2025-03-12\/arcelormittal-investit-53-millions-d-euros-a-fos-1020452.html\" target=\"_blank\" rel=\"noopener\">Si ArcelorMittal a annonc\u00e9 un investissement de 53 millions d&rsquo;euros pour son site de Fos<\/a>\u00a0en mars dernier, il a en revanche mis\u00a0en pause son tr\u00e8s important investissement de production d&rsquo;acier d\u00e9carbon\u00e9 dans le nord de la France, \u00e0 Dunkerque sup\u00e9rieur au milliard d&rsquo;euros. Ce qui a laiss\u00e9 craindre aux collaborateurs des jours \u00e0 venir plus sombres, qui savent d\u00e9sormais \u00e0 quelle sauce ils vont \u00eatre mang\u00e9s, ou presque.<\/p>\n<p>\u00ab L&rsquo;\u00c9tat soutiendra ArcelorMittal \u00e0 hauteur de 850 millions d&rsquo;euros dans son projet de d\u00e9carbonation de la production d&rsquo;acier \u00e0 Dunkerque, \u00e9valu\u00e9 lui \u00e0 1,8 milliard d&rsquo;euros, uniquement si cet investissement est r\u00e9alis\u00e9. Nous esp\u00e9rons qu&rsquo;il sera concr\u00e9tis\u00e9 prochainement \u00bb, tient \u00e0 rappeler Marc Ferracci.<\/p>\n<p>De plus, en fin d&rsquo;ann\u00e9e 2024, la filiale\u00a0ArcelorMittal Centres de Services (AMCS) a confirm\u00e9 <a href=\"https:\/\/www.latribune.fr\/economie\/france\/arcelormittal-la-fermeture-de-deux-sites-francais-confirmee-greve-illimitee-lancee-des-mardi-1012309.html\" target=\"_blank\" rel=\"noopener\">la fermeture prochaine des sites de\u00a0Reims (Marne) et de Denain (Nord) et la disparition \u00e0 venir de 136 emplois<\/a>. \u00ab Les PSE ont \u00e9t\u00e9 r\u00e9cemment valid\u00e9s par la Dreets et les premi\u00e8res notifications de licenciement \u00e9conomique seront envoy\u00e9es le 1er juillet \u00bb, confie un syndicat de la filiale joint par La Tribune.<\/p>\n<p>Par ailleurs, selon nos informations, le CSE qui s&rsquo;est tenu au niveau europ\u00e9en, au Luxembourg, a fait l&rsquo;objet d&rsquo;une annonce de 1 000 emplois supprim\u00e9s dans les fonctions du groupe ArcelorMital, dans toute l&rsquo;Europe, au travers d&rsquo;une d\u00e9localisation de ces postes vers l&rsquo;Inde ou la Pologne. ArcelorMittal France devrait, de sources syndicales, absorber environ 200 de ses d\u00e9localisations de postes, d\u00e9j\u00e0 comptabilis\u00e9es dans les 600 suppressions de postes totales annonc\u00e9es pour l&rsquo;Hexagone.<\/p>\n<p>Une crise avant tout europ\u00e9enne<\/p>\n<p>Cette r\u00e9organisation des effectifs n&rsquo;est pas unique dans le secteur. Son concurrent allemand,\u00a0Thyssenkrupp, a annonc\u00e9 fin novembre 11 000 suppressions de postes d&rsquo;ici 2030 dans sa branche acier. Une saign\u00e9e qui s&rsquo;explique par une crise de la sid\u00e9rurgie au niveau europ\u00e9en.\u00a0\u00ab\u00a0En dix ans, la production d&rsquo;acier en Europe est pass\u00e9e de 7\u00a0% de la production mondiale \u00e0 4\u00a0%\u00a0\u00bb, regrettait il y a peu St\u00e9phane S\u00e9journ\u00e9, vice-pr\u00e9sident ex\u00e9cutif de la Commission europ\u00e9enne et commissaire charg\u00e9 de la prosp\u00e9rit\u00e9 et de la strat\u00e9gie industrielle. \u00ab\u00a0Il y a des sites en voie de fermeture, il y a urgence \u00e0 agir\u00a0\u00bb, ajoutait-t-il alors.<\/p>\n<p>En cause ? Des surcapacit\u00e9s chinoises, \u00e0 bas co\u00fbts, qui accaparent le march\u00e9 europ\u00e9en et nuisent aux sid\u00e9rurgistes du continent, des prix de l&rsquo;\u00e9nergie qui ont augment\u00e9 pour ces industriels \u00e9lectro-intensifs et des march\u00e9s qui se ferment, notamment avec les droits de douane de 25\u00a0% pour l&rsquo;acier et l&rsquo;aluminium qui entre en territoire am\u00e9ricain. Ce qui a oblig\u00e9 la Commission europ\u00e9enne a pr\u00e9sent\u00e9 un plan de sauvetage en urgence. \u00ab Nous devons aller plus loin encore \u00bb, a n\u00e9anmoins pr\u00e9venu le ministre de l&rsquo;Industrie \u00e0 propos du soutien europ\u00e9en \u00e0 la sid\u00e9rurgie.<\/p>\n","protected":false},"excerpt":{"rendered":"C&rsquo;est un nouveau coup de massue pour l&rsquo;aci\u00e9rie fran\u00e7aise et europ\u00e9enne ! La direction d&rsquo;ArcelorMittal vient d&rsquo;annoncer aux&hellip;\n","protected":false},"author":2,"featured_media":47188,"comment_status":"","ping_status":"","sticky":false,"template":"","format":"standard","meta":{"footnotes":""},"categories":[2],"tags":[17,13709,7662,11,13620,645,1011,27,12,13710,25,7323],"class_list":{"0":"post-47187","1":"post","2":"type-post","3":"status-publish","4":"format-standard","5":"has-post-thumbnail","7":"category-actualites","8":"tag-17","9":"tag-13709","10":"tag-acier","11":"tag-actualites","12":"tag-arcelormittal","13":"tag-entreprises-finance","14":"tag-fr","15":"tag-france","16":"tag-news","17":"tag-postes","18":"tag-republique-francaise","19":"tag-supprimer"},"share_on_mastodon":{"url":"https:\/\/pubeurope.com\/@fr\/114388603034379211","error":""},"_links":{"self":[{"href":"https:\/\/www.europesays.com\/fr\/wp-json\/wp\/v2\/posts\/47187","targetHints":{"allow":["GET"]}}],"collection":[{"href":"https:\/\/www.europesays.com\/fr\/wp-json\/wp\/v2\/posts"}],"about":[{"href":"https:\/\/www.europesays.com\/fr\/wp-json\/wp\/v2\/types\/post"}],"author":[{"embeddable":true,"href":"https:\/\/www.europesays.com\/fr\/wp-json\/wp\/v2\/users\/2"}],"replies":[{"embeddable":true,"href":"https:\/\/www.europesays.com\/fr\/wp-json\/wp\/v2\/comments?post=47187"}],"version-history":[{"count":0,"href":"https:\/\/www.europesays.com\/fr\/wp-json\/wp\/v2\/posts\/47187\/revisions"}],"wp:featuredmedia":[{"embeddable":true,"href":"https:\/\/www.europesays.com\/fr\/wp-json\/wp\/v2\/media\/47188"}],"wp:attachment":[{"href":"https:\/\/www.europesays.com\/fr\/wp-json\/wp\/v2\/media?parent=47187"}],"wp:term":[{"taxonomy":"category","embeddable":true,"href":"https:\/\/www.europesays.com\/fr\/wp-json\/wp\/v2\/categories?post=47187"},{"taxonomy":"post_tag","embeddable":true,"href":"https:\/\/www.europesays.com\/fr\/wp-json\/wp\/v2\/tags?post=47187"}],"curies":[{"name":"wp","href":"https:\/\/api.w.org\/{rel}","templated":true}]}}