{"id":471876,"date":"2025-10-18T06:54:14","date_gmt":"2025-10-18T06:54:14","guid":{"rendered":"https:\/\/www.europesays.com\/fr\/471876\/"},"modified":"2025-10-18T06:54:14","modified_gmt":"2025-10-18T06:54:14","slug":"marche-en-faveur-du-telethon-a-eculieu-la-fouillouse-i-activ-agenda","status":"publish","type":"post","link":"https:\/\/www.europesays.com\/fr\/471876\/","title":{"rendered":"Marche en faveur du T\u00e9l\u00e9thon \u00e0 \u00c9culieu (La Fouillouse) I ACTIV AGENDA"},"content":{"rendered":"<p><img decoding=\"async\" class=\"\" style=\"width:100%\" src=\"https:\/\/www.europesays.com\/fr\/wp-content\/uploads\/2025\/10\/TELETHON_20251760688676280.png\" alt=\"Marche en faveur du T\u00e9l\u00e9thon \u00e0 Eculieu (La Fouillouse)\"\/><\/p>\n<p>Marche en faveur du T\u00e9l\u00e9thon \u00e0 Eculieu (La Fouillouse)<\/p>\n<p>Cr\u00e9dit : Marche en faveur du T\u00e9l\u00e9thon \u00e0 Eculieu (La Fouillouse)<\/p>\n<p>31\u00e8me \u00e9dition de la marche en faveur du T\u00e9l\u00e9thon \u00e0 \u00c9culieu (La Fouillouse) le dimanche 23 novembre 2025.<\/p>\n<p>D\u00e9part de la salle Socio Sportive de La Fouillouse, de 8H \u00e0 14H30.<\/p>\n<p>4 parcours :<\/p>\n<p>Ravitaillement tout au long des parcours<br \/>Saucisses aux lentilles \u00e0 l&rsquo;arriv\u00e9e.<\/p>\n<p>Inscriptions en ligne conseill\u00e9es.<\/p>\n<p>Renseignements et inscriptions sur https:\/\/www.helloasso.com\/associations\/association-du-hameau-d-eculieu<\/p>\n","protected":false},"excerpt":{"rendered":"Marche en faveur du T\u00e9l\u00e9thon \u00e0 Eculieu (La Fouillouse) Cr\u00e9dit : Marche en faveur du T\u00e9l\u00e9thon \u00e0 Eculieu&hellip;\n","protected":false},"author":2,"featured_media":471877,"comment_status":"","ping_status":"","sticky":false,"template":"","format":"standard","meta":{"footnotes":""},"categories":[9653],"tags":[1111,11,2430,1777,674,1011,27,12,25,4001],"class_list":{"0":"post-471876","1":"post","2":"type-post","3":"status-publish","4":"format-standard","5":"has-post-thumbnail","7":"category-saint-etienne","8":"tag-actu","9":"tag-actualites","10":"tag-auvergne-rhone-alpes","11":"tag-eu","12":"tag-europe","13":"tag-fr","14":"tag-france","15":"tag-news","16":"tag-republique-francaise","17":"tag-saint-etienne"},"share_on_mastodon":{"url":"https:\/\/pubeurope.com\/@fr\/115393859745177781","error":""},"_links":{"self":[{"href":"https:\/\/www.europesays.com\/fr\/wp-json\/wp\/v2\/posts\/471876","targetHints":{"allow":["GET"]}}],"collection":[{"href":"https:\/\/www.europesays.com\/fr\/wp-json\/wp\/v2\/posts"}],"about":[{"href":"https:\/\/www.europesays.com\/fr\/wp-json\/wp\/v2\/types\/post"}],"author":[{"embeddable":true,"href":"https:\/\/www.europesays.com\/fr\/wp-json\/wp\/v2\/users\/2"}],"replies":[{"embeddable":true,"href":"https:\/\/www.europesays.com\/fr\/wp-json\/wp\/v2\/comments?post=471876"}],"version-history":[{"count":0,"href":"https:\/\/www.europesays.com\/fr\/wp-json\/wp\/v2\/posts\/471876\/revisions"}],"wp:featuredmedia":[{"embeddable":true,"href":"https:\/\/www.europesays.com\/fr\/wp-json\/wp\/v2\/media\/471877"}],"wp:attachment":[{"href":"https:\/\/www.europesays.com\/fr\/wp-json\/wp\/v2\/media?parent=471876"}],"wp:term":[{"taxonomy":"category","embeddable":true,"href":"https:\/\/www.europesays.com\/fr\/wp-json\/wp\/v2\/categories?post=471876"},{"taxonomy":"post_tag","embeddable":true,"href":"https:\/\/www.europesays.com\/fr\/wp-json\/wp\/v2\/tags?post=471876"}],"curies":[{"name":"wp","href":"https:\/\/api.w.org\/{rel}","templated":true}]}}