{"id":471878,"date":"2025-10-18T06:55:10","date_gmt":"2025-10-18T06:55:10","guid":{"rendered":"https:\/\/www.europesays.com\/fr\/471878\/"},"modified":"2025-10-18T06:55:10","modified_gmt":"2025-10-18T06:55:10","slug":"le-plan-de-kilmer-pour-relancer-lasse","status":"publish","type":"post","link":"https:\/\/www.europesays.com\/fr\/471878\/","title":{"rendered":"Le plan de Kilmer pour relancer l\u2019ASSE"},"content":{"rendered":"<p data-start=\"417\" data-end=\"744\"><strong data-start=\"417\" data-end=\"744\">Interrog\u00e9 par Edward Jay (<a href=\"https:\/\/rmcsport.bfmtv.com\/football\/ligue-2\/saint-etienne_AV-202510170834.html\" target=\"_blank\" rel=\"noopener nofollow\">RMC Sport<\/a>), Huss Fahmy, vice-pr\u00e9sident de Kilmer Sports Ventures et patron du sportif \u00e0 l\u2019AS Saint-\u00c9tienne, a \u00e9voqu\u00e9 la vision \u00e0 long terme du projet st\u00e9phanois. Objectif : b\u00e2tir un club solide, structur\u00e9 et comp\u00e9titif, pour retrouver la place que l\u2019ASSE m\u00e9rite dans le football fran\u00e7ais et europ\u00e9en.<\/strong><\/p>\n<p data-start=\"806\" data-end=\"1442\">D\u00e8s les premiers mots, Huss Fahmy a rappel\u00e9 la philosophie de Kilmer Sports Ventures : \u00ab Nous avons investi \u00e0 Saint-\u00c9tienne pour des raisons tr\u00e8s pr\u00e9cises. Nous voulions \u00eatre en France, dans un club intrins\u00e8quement grand et naturellement important. \u00bb<br data-start=\"1058\" data-end=\"1061\"\/>Pour l\u2019ancien dirigeant d\u2019Arsenal et de l\u2019AC Milan, Saint-\u00c9tienne s\u2019imposait comme une \u00e9vidence. \u00ab C\u2019est un club unique, avec une base de fans exceptionnelle. Notre mission est de reconstruire chaque \u00e9l\u00e9ment du club, sur et en dehors du terrain. Ce n\u2019est pas un projet \u00e0 court terme. Nous voulons faire de l\u2019ASSE une force durable du football fran\u00e7ais, et, \u00e0 terme, europ\u00e9en. \u00bb<\/p>\n<p data-start=\"1444\" data-end=\"1811\">Fahmy insiste sur la patience n\u00e9cessaire pour remettre le club sur les bons rails. \u00ab Il faut du temps. Nous avons pris le parti d\u2019une reconstruction stable et r\u00e9fl\u00e9chie, sans chercher un succ\u00e8s imm\u00e9diat au d\u00e9triment de l\u2019avenir. \u00bb<br data-start=\"1676\" data-end=\"1679\"\/>Le message est clair : la mont\u00e9e en Ligue 1 reste une priorit\u00e9, mais elle doit s\u2019inscrire dans une logique de solidit\u00e9 structurelle.<\/p>\n<p>Un apprentissage du football fran\u00e7ais et une approche respectueuse<\/p>\n<p data-start=\"1890\" data-end=\"2291\"><a href=\"https:\/\/peuple-vert.fr\/asse-actualite\/asse-kilmer-sports-ventures-trouve-un-allier-surprenant\/\" rel=\"nofollow noopener\" target=\"_blank\">Arriv\u00e9 depuis plus de quinze mois<\/a>, Huss Fahmy reconna\u00eet que son \u00e9quipe a d\u00fb s\u2019adapter : \u00ab Nous connaissions le football fran\u00e7ais de l\u2019ext\u00e9rieur, mais entrer dans un club comme Saint-\u00c9tienne, c\u2019est une autre r\u00e9alit\u00e9. Nous avons voulu \u00eatre prudents et respectueux. Il ne s\u2019agissait pas de copier Arsenal ou Milan, mais de comprendre ce qui faisait la force de l\u2019ASSE et ce qu\u2019il fallait am\u00e9liorer. \u00bb<\/p>\n<p data-start=\"2293\" data-end=\"2575\">L\u2019objectif est de s\u2019appuyer sur l\u2019histoire et la culture locale pour b\u00e2tir un mod\u00e8le moderne et efficace : \u00ab Nous voulons que Saint-\u00c9tienne soit un grand club fran\u00e7ais, fier et respect\u00e9. Nous apprenons chaque jour, nous ajustons notre plan en fonction de ce que nous d\u00e9couvrons. \u00bb<\/p>\n<p>De la Ligue 2 \u00e0 la Ligue 1 : une \u00e9tape, pas une fin selon Huss Fahmy<\/p>\n<p data-start=\"2639\" data-end=\"2999\">Malgr\u00e9 la d\u00e9ception de la rel\u00e9gation, Fahmy n\u2019a jamais envisag\u00e9 de d\u00e9vier de la feuille de route. \u00ab \u00catre en Ligue 2 n\u2019a jamais \u00e9t\u00e9 notre plan, mais cela ne change rien \u00e0 notre engagement. Les neuf premiers mois ont servi \u00e0 repenser les structures, les process, la strat\u00e9gie. Ce que vous voyez aujourd\u2019hui est le fruit d\u2019un travail lanc\u00e9 depuis longtemps. \u00bb<\/p>\n<p data-start=\"3001\" data-end=\"3335\">S\u2019il reconna\u00eet que \u00ab rester en Ligue 2 serait un \u00e9chec \u00bb, il souligne l\u2019importance de la m\u00e9thode : \u00ab Nous voulons monter, mais pas br\u00fbler les \u00e9tapes. Une mont\u00e9e r\u00e9ussie doit \u00eatre durable. \u00bb<br data-start=\"3194\" data-end=\"3197\"\/>Et d\u2019ajouter : \u00ab Saint-\u00c9tienne doit redevenir un club pertinent. Nous avons les moyens, les id\u00e9es et la d\u00e9termination pour y parvenir. \u00bb<\/p>\n","protected":false},"excerpt":{"rendered":"Interrog\u00e9 par Edward Jay (RMC Sport), Huss Fahmy, vice-pr\u00e9sident de Kilmer Sports Ventures et patron du sportif \u00e0&hellip;\n","protected":false},"author":2,"featured_media":471879,"comment_status":"","ping_status":"","sticky":false,"template":"","format":"standard","meta":{"footnotes":""},"categories":[9653],"tags":[1111,11,2430,1777,674,1011,27,12,25,4001],"class_list":{"0":"post-471878","1":"post","2":"type-post","3":"status-publish","4":"format-standard","5":"has-post-thumbnail","7":"category-saint-etienne","8":"tag-actu","9":"tag-actualites","10":"tag-auvergne-rhone-alpes","11":"tag-eu","12":"tag-europe","13":"tag-fr","14":"tag-france","15":"tag-news","16":"tag-republique-francaise","17":"tag-saint-etienne"},"share_on_mastodon":{"url":"https:\/\/pubeurope.com\/@fr\/115393863652964599","error":""},"_links":{"self":[{"href":"https:\/\/www.europesays.com\/fr\/wp-json\/wp\/v2\/posts\/471878","targetHints":{"allow":["GET"]}}],"collection":[{"href":"https:\/\/www.europesays.com\/fr\/wp-json\/wp\/v2\/posts"}],"about":[{"href":"https:\/\/www.europesays.com\/fr\/wp-json\/wp\/v2\/types\/post"}],"author":[{"embeddable":true,"href":"https:\/\/www.europesays.com\/fr\/wp-json\/wp\/v2\/users\/2"}],"replies":[{"embeddable":true,"href":"https:\/\/www.europesays.com\/fr\/wp-json\/wp\/v2\/comments?post=471878"}],"version-history":[{"count":0,"href":"https:\/\/www.europesays.com\/fr\/wp-json\/wp\/v2\/posts\/471878\/revisions"}],"wp:featuredmedia":[{"embeddable":true,"href":"https:\/\/www.europesays.com\/fr\/wp-json\/wp\/v2\/media\/471879"}],"wp:attachment":[{"href":"https:\/\/www.europesays.com\/fr\/wp-json\/wp\/v2\/media?parent=471878"}],"wp:term":[{"taxonomy":"category","embeddable":true,"href":"https:\/\/www.europesays.com\/fr\/wp-json\/wp\/v2\/categories?post=471878"},{"taxonomy":"post_tag","embeddable":true,"href":"https:\/\/www.europesays.com\/fr\/wp-json\/wp\/v2\/tags?post=471878"}],"curies":[{"name":"wp","href":"https:\/\/api.w.org\/{rel}","templated":true}]}}