{"id":471888,"date":"2025-10-18T07:00:33","date_gmt":"2025-10-18T07:00:33","guid":{"rendered":"https:\/\/www.europesays.com\/fr\/471888\/"},"modified":"2025-10-18T07:00:33","modified_gmt":"2025-10-18T07:00:33","slug":"cinemed-2025-ariane-ascaride-jonathan-cohen-ces-neuf-personnalites-a-retrouver-pendant-cette-semaine-de-festival-a-montpellier","status":"publish","type":"post","link":"https:\/\/www.europesays.com\/fr\/471888\/","title":{"rendered":"Cinemed 2025\u00a0: Ariane Ascaride, Jonathan Cohen\u2026 ces neuf personnalit\u00e9s \u00e0 retrouver pendant cette semaine de Festival \u00e0 Montpellier"},"content":{"rendered":"<p>\n                                                                La 47e \u00e9dition du Festival international du cin\u00e9ma m\u00e9diterran\u00e9en (Cinemed) fait affluer \u00e0 Montpellier, du 17 au 25\u00a0octobre, des personnalit\u00e9s de premier plan du 7 e art. On a s\u00e9lectionn\u00e9 pour vous celles qui vont faire tourner toutes les t\u00eates, et qui offrent d\u2019en voir d\u2019autes aussi\u00a0!\n                            <\/p>\n<p>1 \u2013 Fran\u00e7ois Ozon pour l\u2019ouverture<\/p>\n<p>Puisque son patronyme m\u00eame nous incite, ayons cette audace et affirmons que Fran\u00e7ois Ozon est l\u2019un des plus grands cin\u00e9astes fran\u00e7ais actuels\u00a0! C\u00e9l\u00e8bre depuis le carton de\u00a08 femmes, en 2001, le r\u00e9alisateur signe chaque ann\u00e9e ou presque un film tr\u00e8s diff\u00e9rent\u00a0; une com\u00e9die, un suspense, un drame, tout semble lui aller du moment qu\u2019il peut y exercer son sens de l\u2019image et explorer les ambigu\u00eft\u00e9s humaines.<br \/><a href=\"https:\/\/www.cinemed.tm.fr\/programmation\" target=\"_self\" rel=\"nofollow noopener\">En ouverture du Cinemed<\/a>, il pr\u00e9sente son adaptation de\u00a0L\u2019\u00e9tranger\u00a0d\u2019Albert Camus. M\u00eame si on n\u2019a pas de place pour la projection, ce vendredi, \u00e0 l\u2019op\u00e9ra Berlioz, on ira \u00e0 la rencontre publique de samedi, \u00e0 10\u00a0h\u00a030 au Corum, il est passionnant.<\/p>\n<p>2 \u2013 Kaouther Ben Hania pour la comp\u00e9tition<\/p>\n<p>C\u2019est un des avantages les plus appr\u00e9ci\u00e9s du Cinemed\u00a0: il offre aux festivaliers l\u2019opportunit\u00e9 de rencontrer et \u00e9couter les auteurs des films en comp\u00e9tition pour l\u2019Antigone d\u2019or. Parmi ceux-ci, Kaouther Ben Hania. La r\u00e9alisatrice d\u2019origine tunisienne, qui avait fait l\u2019ouverture du Cinemed en 2020 avec\u00a0L\u2019Homme qui a vendu sa peau, a re\u00e7u un C\u00e9sar pour son documentaire\u00a0Les filles d\u2019Olga\u00a0et le Lion d\u2019argent pour\u00a0La voix d\u2019Hind Rajab.<br \/>C\u2019est ce dernier, r\u00e9cit de la tentative de sauvetage \u00e0 distance d\u2019une enfant sous les tirs, \u00e0\u00a0Gaza, qu\u2019elle vient d\u00e9fendre samedi, \u00e0 15\u00a0h, au Corum.<\/p>\n<p>3 \u2013 Raymond Depardon pour 21 films<\/p>\n<p>En attendant de retrouver le photographe \u00e0 l\u2019expo de r\u00e9ouverture du Pavillon populaire, en d\u00e9cembre, c\u2019est le cin\u00e9aste Raymond Depardon que le Cinemed nous offre de rencontrer. Avec son indispensable productrice, ing\u00e9nieure du son et compagne, Claudine Nougaret, il est au c\u0153ur d\u2019une r\u00e9trospective en vingt et un longs m\u00e9trages et neuf courts.\u00a0Dimanche, au Corum, le couple pr\u00e9sente\u00a0Journal de\u00a0France, \u00e0 14\u00a0h, \u00e9change en public avec le journaliste et critique Laurent Delmas, \u00e0 17\u00a0h, et d\u00e9dicace le beau livre\u00a0D\u00e9sert\u00a0\u00e0 18\u00a0h\u00a030.<\/p>\n<p>4 \u2013 Jos\u00e9phine Japy pour \u201cQui brille au combat\u201d<\/p>\n<p>Les fid\u00e8les du Cinemed se souviennent peut-\u00eatre que Jos\u00e9phine Japy y est venue il y a onze ans pour accompagner\u00a0Respire, r\u00e9alis\u00e9 par M\u00e9lanie Laurent, tourn\u00e9 majoritairement dans la r\u00e9gion. Les r\u00f4les sont cette fois invers\u00e9s\u00a0: la jeune com\u00e9dienne y revient comme r\u00e9alisatrice de son premier film dans lequel joue M\u00e9lanie Laurent. Inspir\u00e9 de sa propre histoire, Qui brille au combat\u00a0raconte le quotidien d\u2019une famille vivant avec un enfant porteur du syndrome de Phelan-McDermid, un trouble g\u00e9n\u00e9tique rare. Pour la projection pr\u00e9vue dimanche, \u00e0 19\u00a0h, \u00e0 l\u2019op\u00e9ra Berlioz, Jos\u00e9phine Japy sera accompagn\u00e9e par la com\u00e9dienne Sarah Pachoud.<\/p>\n<p>5 \u2013 Jonathan Cohen pour \u201cL\u2019\u00e2me id\u00e9ale\u201d<\/p>\n<p>Depuis le succ\u00e8s ph\u00e9nom\u00e9nal de son personnage de Serge le Mytho dans la s\u00e9rie\u00a0Bloqu\u00e9s, il y a dix ans, Jonathan Cohen est une star incontournable de la com\u00e9die, aussi \u00e0 l\u2019aise au grand \u00e9cran (Papa ou maman, Une ann\u00e9e difficile), qu\u2019au petit (Family Business, La flamme).\u00a0Il sera lundi 20\u00a0octobre, \u00e0 19\u00a0h, \u00e0 l\u2019op\u00e9ra Berlioz, pour l\u2019avant-premi\u00e8re de\u00a0L\u2019\u00e2me id\u00e9ale, le premier long m\u00e9trage de la sc\u00e9nariste Alice Vial, avec dans le r\u00f4le principal Magalie L\u00e9pine Blondeau. Toutes deux seront \u00e9galement pr\u00e9sentes et m\u00e9riteront les applaudissements.<\/p>\n<p>6 \u2013 Mallory Wanecque pour \u201cLe gang des amazones\u201d<\/p>\n<p>R\u00e9v\u00e9lation de\u00a0L\u2019amour ouf (elle est la version ado du personnage d\u2019Ad\u00e8le Exarchopoulos), la com\u00e9dienne Mallory Wanecque sera au Cinemed mardi 21\u00a0octobre, \u00e0 19\u00a0h, \u00e0 l\u2019op\u00e9ra Berlioz, pour accompagner l\u2019avant-premi\u00e8re du\u00a0Gang des amazones.\u00a0Le film de M\u00e9lissa Drigeard raconte l\u2019histoire vraie des cinq jeunes femmes qui, dans les ann\u00e9es 1990, braqu\u00e8rent sept banques dans la r\u00e9gion d\u2019Avignon.\u00a0La r\u00e9alisatrice, ainsi qu\u2019H\u00e9l\u00e8ne Trinida, une \u201cvraie\u201d amazone, seront aussi pr\u00e9sentes\u00a0!<\/p>\n<p>7 \u2013 Fernando Le\u00f3n de Aranoa pour \u00e9changer<\/p>\n<p>Ses films, c\u2019est bon, mais sa personne, semble-t-il, gagne aussi \u00e0 \u00eatre connue\u00a0! Le Cinemed invite pour la premi\u00e8re fois Fernando Le\u00f3n de Aranoa, un r\u00e9alisateur (\u00e9galement romancier) espagnol, dont le cin\u00e9ma est engag\u00e9 du c\u00f4t\u00e9 des laiss\u00e9s-pour-compte. On pourra voir dix de ses \u0153uvres, mais aussi le voir, lui, notamment le vendredi 24\u00a0octobre au Corum. \u00c0 14\u00a0h lors de la projection de son\u00a0A perfect day, puis \u00e0 17\u00a0h lors d\u2019une rencontre publique anim\u00e9e par l\u2019\u00e9crivain et critique Edouard Waintrop et, enfin, \u00e0 19\u00a0h pour la projection de son\u00a0El buen patr\u00f3n.<\/p>\n<p>8 \u2013 Sabrina Ouazani pour trois coups de c\u0153ur<\/p>\n<p>R\u00e9v\u00e9l\u00e9e par\u00a0L\u2019esquive\u00a0d\u2019Abdellatif Kechiche, en 2003, Sabrina Ouazani s\u2019est impos\u00e9e depuis comme une des com\u00e9diennes les plus solaires du cin\u00e9ma fran\u00e7ais. Tr\u00e8s \u00e0 l\u2019aise dans tous les registres, y compris le plus prototypal (Kung-fu Zohra, d\u00e9couvert au Cinemed), elle vient pr\u00e9senter au centre Rabelais, vendredi 24\u00a0octobre, Inch\u2019Allah\u00a0\u00e0 20\u00a0h\u00a030 et, samedi 25\u00a0octobre, L\u2019esquive\u00a0\u00e0 12\u00a0h et\u00a0On va manquer\u00a0! et\u00a0Des jours meilleurs\u00a0\u00e0 14\u00a0h\u00a015.\u00a0On pourra aussi profiter de son \u00e9nergie (solaire, on insiste) lors d\u2019une rencontre publique le 25\u00a0octobre \u00e0 16\u00a0h\u00a030, au Corum.<\/p>\n<p>9 \u2013 Ariane Ascaride pour l\u2019Antigone d\u2019or<\/p>\n<p>Dire d\u2019Ariane Ascaride qu\u2019elle est, au m\u00eame titre que son r\u00e9alisateur de compagnon Robert Gu\u00e9diguian, une fid\u00e8le du Cinemed rel\u00e8ve de la tautologie\u00a0: le plus fameux couple phoc\u00e9en du cin\u00e9ma fran\u00e7ais est naturellement un pilier du festival qui s\u2019int\u00e9resse aux cin\u00e9mas de sa si ch\u00e8re M\u00e9diterran\u00e9e\u00a0! Cette fois, la com\u00e9dienne vient seule pour pr\u00e9sider le jury de l\u2019Antigone d\u2019or. Les spectateurs les plus vigilants ne manqueront pas de la croiser au Corum, dans la seconde moiti\u00e9 du festival, et les plus affables de la saluer. Et tous l\u2019applaudiront \u00e0 l\u2019op\u00e9ra Berlioz, samedi 25\u00a0octobre \u00e0 19\u00a0h, lors de la c\u00e9r\u00e9monie de cl\u00f4ture.<\/p>\n","protected":false},"excerpt":{"rendered":"La 47e \u00e9dition du Festival international du cin\u00e9ma m\u00e9diterran\u00e9en (Cinemed) fait affluer \u00e0 Montpellier, du 17 au 25\u00a0octobre,&hellip;\n","protected":false},"author":2,"featured_media":471889,"comment_status":"","ping_status":"","sticky":false,"template":"","format":"standard","meta":{"footnotes":""},"categories":[9599],"tags":[1111,11,1777,674,1011,27,2208,12,2680,25],"class_list":{"0":"post-471888","1":"post","2":"type-post","3":"status-publish","4":"format-standard","5":"has-post-thumbnail","7":"category-montpellier","8":"tag-actu","9":"tag-actualites","10":"tag-eu","11":"tag-europe","12":"tag-fr","13":"tag-france","14":"tag-montpellier","15":"tag-news","16":"tag-occitanie","17":"tag-republique-francaise"},"share_on_mastodon":{"url":"https:\/\/pubeurope.com\/@fr\/115393883420978734","error":""},"_links":{"self":[{"href":"https:\/\/www.europesays.com\/fr\/wp-json\/wp\/v2\/posts\/471888","targetHints":{"allow":["GET"]}}],"collection":[{"href":"https:\/\/www.europesays.com\/fr\/wp-json\/wp\/v2\/posts"}],"about":[{"href":"https:\/\/www.europesays.com\/fr\/wp-json\/wp\/v2\/types\/post"}],"author":[{"embeddable":true,"href":"https:\/\/www.europesays.com\/fr\/wp-json\/wp\/v2\/users\/2"}],"replies":[{"embeddable":true,"href":"https:\/\/www.europesays.com\/fr\/wp-json\/wp\/v2\/comments?post=471888"}],"version-history":[{"count":0,"href":"https:\/\/www.europesays.com\/fr\/wp-json\/wp\/v2\/posts\/471888\/revisions"}],"wp:featuredmedia":[{"embeddable":true,"href":"https:\/\/www.europesays.com\/fr\/wp-json\/wp\/v2\/media\/471889"}],"wp:attachment":[{"href":"https:\/\/www.europesays.com\/fr\/wp-json\/wp\/v2\/media?parent=471888"}],"wp:term":[{"taxonomy":"category","embeddable":true,"href":"https:\/\/www.europesays.com\/fr\/wp-json\/wp\/v2\/categories?post=471888"},{"taxonomy":"post_tag","embeddable":true,"href":"https:\/\/www.europesays.com\/fr\/wp-json\/wp\/v2\/tags?post=471888"}],"curies":[{"name":"wp","href":"https:\/\/api.w.org\/{rel}","templated":true}]}}