{"id":471890,"date":"2025-10-18T07:01:23","date_gmt":"2025-10-18T07:01:23","guid":{"rendered":"https:\/\/www.europesays.com\/fr\/471890\/"},"modified":"2025-10-18T07:01:23","modified_gmt":"2025-10-18T07:01:23","slug":"sortir-a-montpellier-fete-du-miel-vinyles-fete-bio-cinemed-aristochats-des-idees-pour-ce-dimanche-19-octobre","status":"publish","type":"post","link":"https:\/\/www.europesays.com\/fr\/471890\/","title":{"rendered":"Sortir \u00e0 Montpellier\u00a0: f\u00eate du miel, vinyles, f\u00eate bio, Cinemed, Aristochats\u2026 des id\u00e9es pour ce dimanche 19\u00a0octobre"},"content":{"rendered":"<p>\n                                                                Brocante cin\u00e9ma au Peyrou, L\u2019H\u00e9rault f\u00eate la bio, F\u00eate du miel \u00e0 Cournonsec, Caramel et Cachichi au th\u00e9\u00e2tre Tabard, Vinyl market \u00e0 Tropisme, \u00ab\u00a0Les Aristochats\u00a0\u00bb au cin\u00e9ma Path\u00e9 Com\u00e9die, Depardon \u00e0 Cinemed, humour anglais au Carr\u00e9 Rondelet ou La Yegros au Rockstore.\n                            <\/p>\n<p>D\u00e9couvrez notre s\u00e9lection de sorties pour ce dimanche 19\u00a0octobre 2025 du c\u00f4t\u00e9 de <a href=\"https:\/\/www.midilibre.fr\/herault\/montpellier\/\" target=\"_blank\" rel=\"nofollow noopener\">Montpellier<\/a> et faites le plein d\u2019id\u00e9es avec <a href=\"https:\/\/www.midilibre.fr\/agenda\/?path=&amp;q=&amp;where=herault%3Amontpellier&amp;insee=34172&amp;from=2025-10-19&amp;to=2025-10-19&amp;agendapg=9#4045094\" target=\"_blank\" rel=\"nofollow noopener\">notre agenda en ligne<\/a>.<\/p>\n<p>Dimanches du Peyrou\u00a0: journ\u00e9e sp\u00e9ciale Cin\u00e9ma<\/p>\n<p><strong>Brocante.<\/strong> \u00c0 l\u2019occasion du festival Cinemed, 70 exposants proposent aux chineurs des produits sur le th\u00e8me du cin\u00e9ma. Des bouquinistes seront \u00e9galement pr\u00e9sents sur le march\u00e9. Petites guinguettes et\u00a0petite restauration.<\/p>\n<p>&gt;\u00a0Ce dimanche 19\u00a0octobre de 7\u00a0h\u00a030 \u00e0 17\u00a0h\u00a030 sur la promenade du Peyrou \u00e0 <a href=\"https:\/\/www.midilibre.fr\/herault\/montpellier\/\" target=\"_blank\" rel=\"nofollow noopener\">Montpellier<\/a>. Entr\u00e9e libre et gratuite.<\/p>\n<p>L\u2019H\u00e9rault f\u00eate la bio<\/p>\n<p><strong>Animations. <\/strong>Sur le th\u00e8me du jardin nourricier, march\u00e9 biologique toute la journ\u00e9e, ateliers pour petits et grands, balade botanique, conf\u00e9rences, rel\u00e2ch\u00e9 d\u2019oiseaux, restauration\u2026<\/p>\n<p>&gt;\u00a0Ce dimanche 19\u00a0octobre de 9\u00a0h\u00a030 \u00e0 18\u00a0heures\u00a0au <a href=\"https:\/\/domainederestinclieres.herault.fr\/\" target=\"_blank\" rel=\"nofollow noopener\">domaine d\u00e9partemental de\u00a0Restincli\u00e8res<\/a>, \u00e0<a href=\"https:\/\/www.midilibre.fr\/herault\/prades-le-lez\/\" target=\"_blank\" rel=\"nofollow noopener\"> Prades-le-Lez<\/a>. Entr\u00e9e libre et gratuite. Contact au\u00a004\u00a067\u00a067\u00a082\u00a020.<\/p>\n<p>14e F\u00eate du miel<\/p>\n<p>        <img decoding=\"async\" class=\"std-img__img responsive-img\" src=\"https:\/\/www.europesays.com\/fr\/wp-content\/uploads\/2025\/10\/1760770878_248_image.jpg\" alt=\"Une journ\u00e9e conviviale et nature.\"\/><\/p>\n<p>                Une journ\u00e9e conviviale et nature.<br \/>\n                                    D.R.<\/p>\n<p><strong>Animations.\u00a0<\/strong>Une journ\u00e9e\u00a0plac\u00e9e sous le signe de la nature, du go\u00fbt et du savoir-faire local pour d\u00e9couvrir le monde fascinant des abeilles, d\u00e9guster des miels locaux et rencontrer les apiculteurs de la r\u00e9gion.<\/p>\n<p>&gt;\u00a0Ce dimanche 19\u00a0octobre de 10\u00a0h \u00e0 18\u00a0heures sur\u00a0l\u2019esplanade Briou-Garenne \u00e0 <a href=\"https:\/\/www.midilibre.fr\/herault\/cournonsec\/\" target=\"_blank\" rel=\"nofollow noopener\">Cournonsec<\/a>. Entr\u00e9e libre et gratuite.<\/p>\n<p>Caramel et Cachichi<\/p>\n<p>                    <img decoding=\"async\" class=\"responsive-img\" src=\"https:\/\/www.europesays.com\/fr\/wp-content\/uploads\/2025\/10\/1760770879_620_hqdefault.jpg\"\/><br \/>\n                <a class=\"stretched-link\" href=\"#paywall\" rel=\"js-anchor\"><\/p>\n<p>        <\/a><\/p>\n<p><strong>Spectacle.<\/strong> Un concert \u00e0 deux voix et deux langues pour les tout-petits et ceux qui les accompagnent\u00a0! Un r\u00e9pertoire et des arrangements qui donnent la part belle aux percussions. Des arrangements \u00e0 deux voix pour faire entendre simplement l\u2019harmonie. De 6 mois \u00e0 6 ans.<\/p>\n<p>&gt;\u00a0Ce dimanche 19\u00a0octobre de\u00a010\u00a0h\u00a030 \u00e0 11\u00a0heures et de 17\u00a0h \u00e0 17\u00a0h\u00a030 au\u00a0<a href=\"https:\/\/beauxartstabard.fr\/\" target=\"_blank\" rel=\"nofollow noopener\">Th\u00e9\u00e2tre Beaux-Arts Tabard<\/a>, 17 rue Ferdinand-Fabre \u00e0 <a href=\"https:\/\/www.midilibre.fr\/herault\/montpellier\/\" target=\"_blank\" rel=\"nofollow noopener\">Montpellier<\/a>. Tarif unique 8\u00a0\u20ac. Contact au\u00a004\u00a099\u00a062\u00a083\u00a013.<\/p>\n<p>10e Vinyl pop-up market<\/p>\n<p>        <img decoding=\"async\" class=\"std-img__img responsive-img\" src=\"https:\/\/www.europesays.com\/fr\/wp-content\/uploads\/2025\/10\/1760770881_410_image.jpg\" alt=\"L\u2019occasion de fl\u00e2ner en musique.\"\/><\/p>\n<p>                L\u2019occasion de fl\u00e2ner en musique.<br \/>\n                                    D.R.<\/p>\n<p><strong>Brocante.<\/strong> Des dizaines de milliers de 45T, 33T, CD, DVD neufs et d\u2019occasion, et produits d\u00e9riv\u00e9s pr\u00e9sent\u00e9s par de nombreux.ses exposant.es, professionnel.les, particulier.es et associations. Rock, pop, punk, m\u00e9tal, soul, funk, hip-hop, world, jazz, \u00e9lectro\u2026 Pendant la journ\u00e9e, DJ\u00a0et playlists assureront l\u2019ambiance sonore.<\/p>\n<p>&gt;\u00a0Ce dimanche 19\u00a0octobre de 10\u00a0h \u00e0 18\u00a0heures \u00e0 <a href=\"https:\/\/www.tropisme.coop\/\" target=\"_blank\" rel=\"nofollow noopener\">la Halle Tropisme<\/a>, 121 rue Fontcouverte \u00e0 <a href=\"https:\/\/www.midilibre.fr\/herault\/montpellier\/\" target=\"_blank\" rel=\"nofollow noopener\">Montpellier<\/a>. Entr\u00e9e 3\u00a0\u20ac\u00a0sur place.<\/p>\n<p>Cycle Disney\u00a0: \u00ab\u00a0Les Aristochats\u00a0\u00bb<\/p>\n<p>                    <img decoding=\"async\" class=\"responsive-img\" src=\"https:\/\/www.europesays.com\/fr\/wp-content\/uploads\/2025\/10\/1760770881_393_hqdefault.jpg\"\/><br \/>\n                <a class=\"stretched-link\" href=\"#paywall\" rel=\"js-anchor\"><\/p>\n<p>        <\/a><\/p>\n<p><strong>Cin\u00e9ma.<\/strong> Animation, aventure, com\u00e9die, famille \u00e0 partir de 6 ans (1h15) de Wolfgang Reitherman. Paris, 1910. Madame de Bonnefamille, millionnaire excentrique, vit seule entour\u00e9e de ses chats\u00a0: Duchesse et ses trois petits, Marie, Toulouse et Berlioz. Un jour, elle convie son notaire pour l\u00e9guer toute sa fortune \u00e0 ses compagnons \u00e0 quatre pattes. Cependant, une clause du testament stipule qu\u2019\u00e0 la mort des chats, ses biens iront \u00e0 son ma\u00eetre d\u2019h\u00f4tel, Edgar.<\/p>\n<p>&gt;\u00a0Ce\u00a0dimanche 19\u00a0octobre \u00e0 11\u00a0heures au <a href=\"https:\/\/www.pathe.fr\/cinemas\/cinema-pathe-comedie\" target=\"_blank\" rel=\"nofollow noopener\">cin\u00e9ma Path\u00e9 Com\u00e9die<\/a>, 10 place de la Com\u00e9die \u00e0 <a href=\"https:\/\/www.midilibre.fr\/herault\/montpellier\/\" target=\"_blank\" rel=\"nofollow noopener\">Montpellier<\/a>. Tarif sp\u00e9cial 8\u00a0\u20ac, moins de 14 ans 6\u00a0\u20ac.<\/p>\n<p>\u00ab\u00a0Journal de France\u00a0\u00bb<\/p>\n<p>                    <img decoding=\"async\" class=\"responsive-img\" src=\"https:\/\/www.europesays.com\/fr\/wp-content\/uploads\/2025\/10\/1760770882_830_hqdefault.jpg\"\/><br \/>\n                <a class=\"stretched-link\" href=\"#paywall\" rel=\"js-anchor\"><\/p>\n<p>        <\/a><\/p>\n<p><strong>Cinemed. <\/strong>En pr\u00e9sence de Raymond Depardon et Claudine Nougaret. Documentaire (1h35, 2012) de Raymond Depardon et Claudine Nougaret. C\u2019est un journal, un voyage dans le temps, il photographie la France, elle retrouve des bouts de films in\u00e9dits qu\u2019il garde pr\u00e9cieusement\u00a0: ses d\u00e9buts \u00e0 la cam\u00e9ra, ses reportages autour du monde, des bribes de leur m\u00e9moire, de notre histoire. Un film \u00e9tape dans l\u2019\u0153uvre de Raymond Depardon.<\/p>\n<p>&gt;\u00a0Ce\u00a0dimanche 19\u00a0octobre \u00e0 14\u00a0heures au\u00a0Corum, op\u00e9ra Berlioz, esplanade Charles-de-Gaulle \u00e0 <a href=\"https:\/\/www.midilibre.fr\/herault\/montpellier\/\" target=\"_blank\" rel=\"nofollow noopener\">Montpellier<\/a>. Plein tarif 8\u00a0\u20ac, r\u00e9duit 6\u00a0\u20ac, moins de 14 ans 4\u00a0\u20ac. Programme du festival et infos pratiques sur\u00a0<a href=\"https:\/\/www.cinemed.tm.fr\/\" target=\"_blank\" rel=\"nofollow noopener\">Cinemed<\/a>.<\/p>\n<p>Le Monte-Plats<\/p>\n<p>                    <img decoding=\"async\" class=\"responsive-img\" src=\"https:\/\/www.europesays.com\/fr\/wp-content\/uploads\/2025\/10\/1760770882_260_hqdefault.jpg\"\/><br \/>\n                <a class=\"stretched-link\" href=\"#paywall\" rel=\"js-anchor\"><\/p>\n<p>        <\/a><\/p>\n<p><strong>Th\u00e9\u00e2tre.<\/strong> Huis-clos psychologique o\u00f9 l\u2019humour anglais m\u00ealant cynisme et absurde se fond dans une ambiance inqui\u00e9tante. Deux tueurs \u00e0 gages, Gus et Ben, sont charg\u00e9s d\u2019un contrat \u00e0 effectuer dans un sous-sol d\u00e9saffect\u00e9 o\u00f9 tr\u00f4ne un \u00e9norme monte-plats.<\/p>\n<p>&gt;\u00a0Samedi 18\u00a0octobre\u00a0\u00e0 20\u00a0h\u00a030 et ce dimanche 19\u00a0octobre \u00e0 17\u00a0h\u00a030 au<a href=\"https:\/\/carrerondelet.fr\/\" target=\"_blank\" rel=\"nofollow noopener\"> th\u00e9\u00e2tre Carr\u00e9 Rondelet<\/a>, 14 rue de Belfort \u00e0 <a href=\"https:\/\/www.midilibre.fr\/herault\/montpellier\/\" target=\"_blank\" rel=\"nofollow noopener\">Montpellier<\/a>. Plein tarif\u00a016,45\u00a0\u20ac, r\u00e9duit\u00a014,43\u00a0\u20ac. Contact au\u00a006\u00a067\u00a097\u00a067\u00a032.<\/p>\n<p>La Yegros<\/p>\n<p>                    <img decoding=\"async\" class=\"responsive-img\" src=\"https:\/\/www.europesays.com\/fr\/wp-content\/uploads\/2025\/10\/1760770883_487_hqdefault.jpg\"\/><br \/>\n                <a class=\"stretched-link\" href=\"#paywall\" rel=\"js-anchor\"><\/p>\n<p>        <\/a><\/p>\n<p><strong>Concert. <\/strong>La tornade argentine, reine incontest\u00e9e de la nu-cumbia, revient avec un album explosif, HAZ, et un live survolt\u00e9. Entre rythmes traditionnels sud-am\u00e9ricains, beats \u00e9lectro, reggae, funk et sonorit\u00e9s urbaines, elle tisse une musique aussi festive qu\u2019intime, port\u00e9e par sa voix charismatique et son \u00e9nergie sc\u00e9nique l\u00e9gendaire.<\/p>\n<p>&gt;\u00a0Ce dimanche 19\u00a0octobre \u00e0 19\u00a0h\u00a030 au <a href=\"https:\/\/www.rockstore.fr\/\" target=\"_blank\" rel=\"nofollow noopener\">Rockstore<\/a>, 20 rue de Verdun \u00e0 <a href=\"https:\/\/www.midilibre.fr\/herault\/montpellier\/\" target=\"_blank\" rel=\"nofollow noopener\">Montpellier<\/a>. Tarif unique 26,80\u00a0\u20ac. Contact au 04\u00a067\u00a006\u00a080\u00a000.<\/p>\n","protected":false},"excerpt":{"rendered":"Brocante cin\u00e9ma au Peyrou, L\u2019H\u00e9rault f\u00eate la bio, F\u00eate du miel \u00e0 Cournonsec, Caramel et Cachichi au th\u00e9\u00e2tre&hellip;\n","protected":false},"author":2,"featured_media":471891,"comment_status":"","ping_status":"","sticky":false,"template":"","format":"standard","meta":{"footnotes":""},"categories":[9599],"tags":[1111,11,1777,674,1011,27,2208,12,2680,25],"class_list":{"0":"post-471890","1":"post","2":"type-post","3":"status-publish","4":"format-standard","5":"has-post-thumbnail","7":"category-montpellier","8":"tag-actu","9":"tag-actualites","10":"tag-eu","11":"tag-europe","12":"tag-fr","13":"tag-france","14":"tag-montpellier","15":"tag-news","16":"tag-occitanie","17":"tag-republique-francaise"},"share_on_mastodon":{"url":"https:\/\/pubeurope.com\/@fr\/115393887973330943","error":""},"_links":{"self":[{"href":"https:\/\/www.europesays.com\/fr\/wp-json\/wp\/v2\/posts\/471890","targetHints":{"allow":["GET"]}}],"collection":[{"href":"https:\/\/www.europesays.com\/fr\/wp-json\/wp\/v2\/posts"}],"about":[{"href":"https:\/\/www.europesays.com\/fr\/wp-json\/wp\/v2\/types\/post"}],"author":[{"embeddable":true,"href":"https:\/\/www.europesays.com\/fr\/wp-json\/wp\/v2\/users\/2"}],"replies":[{"embeddable":true,"href":"https:\/\/www.europesays.com\/fr\/wp-json\/wp\/v2\/comments?post=471890"}],"version-history":[{"count":0,"href":"https:\/\/www.europesays.com\/fr\/wp-json\/wp\/v2\/posts\/471890\/revisions"}],"wp:featuredmedia":[{"embeddable":true,"href":"https:\/\/www.europesays.com\/fr\/wp-json\/wp\/v2\/media\/471891"}],"wp:attachment":[{"href":"https:\/\/www.europesays.com\/fr\/wp-json\/wp\/v2\/media?parent=471890"}],"wp:term":[{"taxonomy":"category","embeddable":true,"href":"https:\/\/www.europesays.com\/fr\/wp-json\/wp\/v2\/categories?post=471890"},{"taxonomy":"post_tag","embeddable":true,"href":"https:\/\/www.europesays.com\/fr\/wp-json\/wp\/v2\/tags?post=471890"}],"curies":[{"name":"wp","href":"https:\/\/api.w.org\/{rel}","templated":true}]}}