{"id":471898,"date":"2025-10-18T07:07:51","date_gmt":"2025-10-18T07:07:51","guid":{"rendered":"https:\/\/www.europesays.com\/fr\/471898\/"},"modified":"2025-10-18T07:07:51","modified_gmt":"2025-10-18T07:07:51","slug":"hans-hateboer-absent-de-lentrainement","status":"publish","type":"post","link":"https:\/\/www.europesays.com\/fr\/471898\/","title":{"rendered":"Hans Hateboer absent de l\u2019entra\u00eenement"},"content":{"rendered":"<p>Plus proche que jamais d\u2019un d\u00e9part du Stade Rennais, Hans Hateboer est sur le point d\u2019\u00eatre pr\u00eat\u00e9 \u00e0 Lyon sous la forme d\u2019un joker. N\u2019ayant jamais r\u00e9ussi \u00e0 s\u2019adapter \u00e0 Rennes, le N\u00e9erlandais de 31 ans va tenter de se relancer entre Rh\u00f4ne et Sa\u00f4ne o\u00f9 l\u2019OL va prendre en charge l\u2019int\u00e9gralit\u00e9 de son salaire pour obtenir son pr\u00eat. <\/p>\n<p>            La suite apr\u00e8s cette publicit\u00e9<\/p>\n<p>Alors que son arriv\u00e9e dans le Rh\u00f4ne est d\u00e9j\u00e0 boucl\u00e9e, <a href=\"https:\/\/www.footmercato.net\/a1427430999149425793-ol-cest-boucle-pour-hans-hateboer\" rel=\"nofollow noopener\" target=\"_blank\">comme nous vous le r\u00e9v\u00e9lions en exclusivit\u00e9<\/a> ce vendredi, Hateboer \u00e9tait logiquement absent de l\u2019entra\u00eenement collectif d\u2019Habib Beye et ses hommes \u00e0 Rennes. L\u2019arriv\u00e9e de l\u2019ancien de l\u2019Atalanta, qui n\u2019a jou\u00e9 que 22 minutes avec le club breton cette saison, est donc tr\u00e8s imminente \u00e0 Lyon.<\/p>\n<p>\n    Pub. le 17\/10\/2025 13:42<br \/>\n            &#8211; MAJ le 17\/10\/2025 20:03\n    <\/p>\n","protected":false},"excerpt":{"rendered":"Plus proche que jamais d\u2019un d\u00e9part du Stade Rennais, Hans Hateboer est sur le point d\u2019\u00eatre pr\u00eat\u00e9 \u00e0&hellip;\n","protected":false},"author":2,"featured_media":467463,"comment_status":"","ping_status":"","sticky":false,"template":"","format":"standard","meta":{"footnotes":""},"categories":[2821],"tags":[1111,11,829,1777,674,1011,27,12,584,25],"class_list":{"0":"post-471898","1":"post","2":"type-post","3":"status-publish","4":"format-standard","5":"has-post-thumbnail","7":"category-rennes","8":"tag-actu","9":"tag-actualites","10":"tag-bretagne","11":"tag-eu","12":"tag-europe","13":"tag-fr","14":"tag-france","15":"tag-news","16":"tag-rennes","17":"tag-republique-francaise"},"share_on_mastodon":{"url":"https:\/\/pubeurope.com\/@fr\/115393914626155757","error":""},"_links":{"self":[{"href":"https:\/\/www.europesays.com\/fr\/wp-json\/wp\/v2\/posts\/471898","targetHints":{"allow":["GET"]}}],"collection":[{"href":"https:\/\/www.europesays.com\/fr\/wp-json\/wp\/v2\/posts"}],"about":[{"href":"https:\/\/www.europesays.com\/fr\/wp-json\/wp\/v2\/types\/post"}],"author":[{"embeddable":true,"href":"https:\/\/www.europesays.com\/fr\/wp-json\/wp\/v2\/users\/2"}],"replies":[{"embeddable":true,"href":"https:\/\/www.europesays.com\/fr\/wp-json\/wp\/v2\/comments?post=471898"}],"version-history":[{"count":0,"href":"https:\/\/www.europesays.com\/fr\/wp-json\/wp\/v2\/posts\/471898\/revisions"}],"wp:featuredmedia":[{"embeddable":true,"href":"https:\/\/www.europesays.com\/fr\/wp-json\/wp\/v2\/media\/467463"}],"wp:attachment":[{"href":"https:\/\/www.europesays.com\/fr\/wp-json\/wp\/v2\/media?parent=471898"}],"wp:term":[{"taxonomy":"category","embeddable":true,"href":"https:\/\/www.europesays.com\/fr\/wp-json\/wp\/v2\/categories?post=471898"},{"taxonomy":"post_tag","embeddable":true,"href":"https:\/\/www.europesays.com\/fr\/wp-json\/wp\/v2\/tags?post=471898"}],"curies":[{"name":"wp","href":"https:\/\/api.w.org\/{rel}","templated":true}]}}