{"id":471899,"date":"2025-10-18T07:09:13","date_gmt":"2025-10-18T07:09:13","guid":{"rendered":"https:\/\/www.europesays.com\/fr\/471899\/"},"modified":"2025-10-18T07:09:13","modified_gmt":"2025-10-18T07:09:13","slug":"strasbourg-a-lem-business-school-un-diplome-universitaire-inclusif-pour-sautoriser-a-rever-grand-2","status":"publish","type":"post","link":"https:\/\/www.europesays.com\/fr\/471899\/","title":{"rendered":"Strasbourg. \u00c0 l\u2019EM Business School, un dipl\u00f4me universitaire inclusif pour s\u2019autoriser \u00e0 \u00ab\u00a0r\u00eaver grand\u00a0\u00bb"},"content":{"rendered":"<p>Ils viennent de Hautepierre, de Cronenbourg, de la Cit\u00e9 de l\u2019Ill&#8230;, ils sont \u00e2g\u00e9s de 18 \u00e0 47 ans et ont \u00e9t\u00e9 identifi\u00e9s dans les quartiers de Strasbourg pour prendre part \u00e0 un nouveau dipl\u00f4me universitaire port\u00e9 par l\u2019 <a href=\"https:\/\/www.dna.fr\/education\/2025\/09\/13\/l-em-strasbourg-dans-le-top-50-mondial-du-financial-times-des-masters-en-management\" target=\"_blank\" rel=\"nofollow noopener\">\u00e9cole de management<\/a> avec l\u2019Eurom\u00e9tropole de Strasbourg (EMS), la r\u00e9gion Grand Est et des partenaires associatifs strasbourgeois, acteurs de l\u2019accompagnement et de l\u2019insertion.<\/p>\n<p>O\u00f9 est ce qu\u2019ils se voient dans deux ans, quel est leur r\u00eave, qu\u2019attendent-ils de cette formation ou quelles sont leurs \u00ab ambitions en termes d\u2019impact \u00bb ? Ce mardi 14 octobre, dans une salle de classe de l\u2019\u00e9cole de management de Strasbourg, la premi\u00e8re promotion du dipl\u00f4me universitaire (DU) \u201cJeune entrepreneur\u201d entre dans le vif du sujet avec un questionnaire qui servira de trame \u00e0 cette premi\u00e8re s\u00e9ance et de point&#8230;<\/p>\n","protected":false},"excerpt":{"rendered":"Ils viennent de Hautepierre, de Cronenbourg, de la Cit\u00e9 de l\u2019Ill&#8230;, ils sont \u00e2g\u00e9s de 18 \u00e0 47&hellip;\n","protected":false},"author":2,"featured_media":471779,"comment_status":"","ping_status":"","sticky":false,"template":"","format":"standard","meta":{"footnotes":""},"categories":[2820],"tags":[1111,11,2389,1057,4854,1777,674,10961,107,5016,1011,27,775,12,25,640],"class_list":{"0":"post-471899","1":"post","2":"type-post","3":"status-publish","4":"format-standard","5":"has-post-thumbnail","7":"category-strasbourg","8":"tag-actu","9":"tag-actualites","10":"tag-alsace","11":"tag-education","12":"tag-enseignement-superieur","13":"tag-eu","14":"tag-europe","15":"tag-examen-diplome","16":"tag-fil-info","17":"tag-formation-orientation","18":"tag-fr","19":"tag-france","20":"tag-grand-est","21":"tag-news","22":"tag-republique-francaise","23":"tag-strasbourg"},"share_on_mastodon":{"url":"https:\/\/pubeurope.com\/@fr\/115393918779998917","error":""},"_links":{"self":[{"href":"https:\/\/www.europesays.com\/fr\/wp-json\/wp\/v2\/posts\/471899","targetHints":{"allow":["GET"]}}],"collection":[{"href":"https:\/\/www.europesays.com\/fr\/wp-json\/wp\/v2\/posts"}],"about":[{"href":"https:\/\/www.europesays.com\/fr\/wp-json\/wp\/v2\/types\/post"}],"author":[{"embeddable":true,"href":"https:\/\/www.europesays.com\/fr\/wp-json\/wp\/v2\/users\/2"}],"replies":[{"embeddable":true,"href":"https:\/\/www.europesays.com\/fr\/wp-json\/wp\/v2\/comments?post=471899"}],"version-history":[{"count":0,"href":"https:\/\/www.europesays.com\/fr\/wp-json\/wp\/v2\/posts\/471899\/revisions"}],"wp:featuredmedia":[{"embeddable":true,"href":"https:\/\/www.europesays.com\/fr\/wp-json\/wp\/v2\/media\/471779"}],"wp:attachment":[{"href":"https:\/\/www.europesays.com\/fr\/wp-json\/wp\/v2\/media?parent=471899"}],"wp:term":[{"taxonomy":"category","embeddable":true,"href":"https:\/\/www.europesays.com\/fr\/wp-json\/wp\/v2\/categories?post=471899"},{"taxonomy":"post_tag","embeddable":true,"href":"https:\/\/www.europesays.com\/fr\/wp-json\/wp\/v2\/tags?post=471899"}],"curies":[{"name":"wp","href":"https:\/\/api.w.org\/{rel}","templated":true}]}}