{"id":471900,"date":"2025-10-18T07:10:11","date_gmt":"2025-10-18T07:10:11","guid":{"rendered":"https:\/\/www.europesays.com\/fr\/471900\/"},"modified":"2025-10-18T07:10:11","modified_gmt":"2025-10-18T07:10:11","slug":"strasbourg-lune-des-meilleures-de-l1-avec-panichelli-le-racing-vraie-equipe-frisson-du-championnat","status":"publish","type":"post","link":"https:\/\/www.europesays.com\/fr\/471900\/","title":{"rendered":"Strasbourg\u00a0: \u00ab\u00a0L\u2019une des meilleures de L1\u00a0\u00bb\u2026 Avec Panichelli, le Racing vraie \u00e9quipe frisson du championnat"},"content":{"rendered":"<p>Au Parc des Princes,<\/p>\n<p>Et si le PSG avait trouv\u00e9 un nouvel antagoniste\u00a0? Oubliez Marseille, le Bar\u00e7a, le Real Madrid ou le Bayern Munich. Le nouveau boss de fin de game s\u2019appelle la galaxie BlueCo. Quelques mois apr\u00e8s s\u2019\u00eatre fait <a href=\"https:\/\/www.20minutes.fr\/sport\/football\/4163554-20250714-psg-chelsea-situation-evitable-tout-monde-risque-luis-enrique-apres-coup-sang-finale\" target=\"_blank\" class=\"c-link c-link--is-underlined\" rel=\"noopener\">rosser par la maison m\u00e8re Chelsea (3-0), en finale de la Coupe du monde des clubs<\/a>, Paris s\u2019est fait <a href=\"https:\/\/www.20minutes.fr\/sport\/football\/ligue-1\/4179735-20251017-direct-psg-strasbourg-paris-reprendre-marche-avant-choc-ligue-1-suivez-match-partir-20h30\" target=\"_blank\" class=\"c-link c-link--is-underlined\" rel=\"noopener\">chahuter par la petite s\u0153ur, Strasbourg (3-3), vendredi soir au Parc des Princes<\/a>. Un nul au petit go\u00fbt de d\u00e9faite, m\u00eame, pour le Racing, qui menait 1-3 juste avant l\u2019heure de jeu.<\/p>\n<p>Il n\u2019emp\u00eache, ce point obtenu dans la capitale permet quand m\u00eame aux Alsaciens d\u2019\u00eatre ce matin au petit-d\u00e9jeuner dauphins des champions d\u2019Europe et de continuer leur bon d\u00e9but de saison, dans la lign\u00e9e d\u2019un exercice pr\u00e9c\u00e9dent d\u00e9j\u00e0 convaincant. Alors, oui, tout le monde \u00e9voquera ce PSG diminu\u00e9, <a href=\"https:\/\/www.20minutes.fr\/sport\/football\/ligue_des_champions\/4175453-20250926-psg-marquinhos-blesse-absent-plusieurs-semaines-serie-infernale-continue-paris\" target=\"_blank\" class=\"c-link c-link--is-underlined\" rel=\"noopener\">amoindri par les nombreuses blessures<\/a> et le turnover r\u00e9alis\u00e9 par Luis Enrique\u2026 Mais, dans des conditions similaires, combien d\u2019\u00e9quipes ont os\u00e9 jouer les yeux dans les yeux avec Paris cette saison\u00a0?<\/p>\n<p>Strasbourg n\u2019a pas eu peur<\/p>\n<p>Il fallait les voir, vendredi soir, presser comme des acharn\u00e9s, d\u00e9border comme des furibards, batailler comme des morts de faim\u2026 Pendant soixante-quinze minutes, Paris s\u2019est retrouv\u00e9 face \u00e0 un os, que m\u00eame le but pr\u00e9coce de Bradley Barcola (6e) n\u2019a pas suffi \u00e0 d\u00e9sar\u00e7onner. Le Racing a su rester fid\u00e8le \u00e0 ses principes de jeu pendant une grande partie du match avant d&rsquo;avoir le capot un peu ouvert \u00e0 la fin de la rencontre.<\/p>\n<\/p>\n<p>\u00ab\u00a0Nous avons fait preuve de beaucoup de discipline, de compr\u00e9hension tactique, on a su s\u2019adapter, on a su presser, on a \u00e9lev\u00e9 l\u2019intensit\u00e9, s\u2019est r\u00e9joui <a href=\"https:\/\/www.20minutes.fr\/sport\/football\/4151398-20250503-ligue-1-seduisant-presque-invincible-ambitieux-strasbourg-peut-aller-chercher-ligue-champions\" target=\"_blank\" class=\"c-link c-link--is-underlined\" rel=\"noopener\">Liam Rosenior, l\u2019entra\u00eeneur de Strasbourg<\/a>, dans une conf\u00e9rence de presse o\u00f9 le traducteur a \u00e9t\u00e9 impressionnant de facilit\u00e9. On a affront\u00e9 la meilleure \u00e9quipe, les meilleurs joueurs, le meilleur coach au monde. Quand on m\u00e8ne 3-1, on peut \u00eatre un petit peu d\u00e9\u00e7us, mais le r\u00e9sultat reste pour nous positif et m\u00e9rit\u00e9. Je suis tr\u00e8s fier de mes joueurs.\u00a0\u00bb<\/p>\n<p>Et notamment de Joaquin Panichelli. Arriv\u00e9 sur les bords du Rhin en parfait inconnu, apr\u00e8s une seule saison compl\u00e8te en deuxi\u00e8me division espagnole, l\u2019Argentin a martyris\u00e9 la d\u00e9fense parisienne et notamment le pauvre Lucas Beraldo qui a d\u00fb faire des cauchemars toute la nuit de l\u2019attaquant alsacien. Une talonnade r\u00e9flexe repouss\u00e9e miraculeusement par Lucas Chevalier (10e) en guise d\u2019avertissement avant la sanction.<\/p>\n<p>Panichelli et Barco, c\u2019est total r\u00e9gal<\/p>\n<p>Un coup de casque magnifique, au prix d\u2019une belle d\u00e9tente, \u00e0 la retomb\u00e9e d\u2019un centre parfait de Gu\u00e9la Dou\u00e9 pour \u00e9galiser (26e), que son entra\u00eeneur n\u2019a pas h\u00e9sit\u00e9 \u00e0 d\u00e9crire comme \u00ab\u00a0l\u2019un des t\u00eates les plus belles\u00a0\u00bb qu\u2019il a vu dans un stade, avant un encha\u00eenement MMA-Danse classique juste apr\u00e8s le repos pour donner deux buts d\u2019avance \u00e0 son \u00e9quipe.<\/p>\n<p>L\u2019Argentin a d\u2019abord fonc\u00e9 dans Lucas Beraldo, qui s\u2019est transform\u00e9 en paillasson, puis a fonc\u00e9 dans la surface de r\u00e9paration pour reprendre &#8211; plat du pied, s\u00e9curit\u00e9 &#8211; un centre de Diego Moreira. \u00ab\u00a0Je ne suis pas surpris, c\u2019est quelqu\u2019un qui se donne \u00e0 fond \u00e0 l\u2019entra\u00eenement, a comment\u00e9 Liam Rosenior. Il cherche toujours \u00e0 donner le maximum pour maximiser son potentiel. Il a une mentalit\u00e9 incroyable. Je suis tr\u00e8s fier de la mani\u00e8re dont il a men\u00e9 la ligne d\u2019attaque.\u00a0\u00bb<\/p>\n<p class=\"mb-xxl@xs color-ultramarine font-weight-semi-bold@xs font-source-serif-pro heading-s@xs\">L\u2019acc\u00e8s \u00e0 ce contenu a \u00e9t\u00e9 bloqu\u00e9 afin de respecter votre choix de consentement<\/p>\n<p class=\"mb-m@xs text-l@xs\">En cliquant sur\u00ab J\u2019accepte \u00bb, vous acceptez le d\u00e9p\u00f4t de cookies par des services externes et aurez ainsi acc\u00e8s aux contenus de nos partenaires.<\/p>\n<p class=\"mb-xl@xs text-s@xs\">Plus d\u2019informations sur la page<a href=\"https:\/\/www.20minutes.fr\/gestion-cookies\" class=\"mx-xxs@xs color-ultramarine\" target=\"_blank\" rel=\"noopener\">Politique de gestion des cookies<\/a><\/p>\n<p>J\u2019accepte<\/p>\n<p>Panichelli, qui avait r\u00e9alis\u00e9 l\u2019incroyable stat de marquer z\u00e9ro but en une saison \u00e0 Alav\u00e8s en 2023-2024 pour son arriv\u00e9e en Europe, a aussi \u00e9t\u00e9 bien \u00e9paul\u00e9 par son compatriote Valentin Barco, incroyable au milieu de terrain, loin de l\u2019homme penaud que l\u2019on avait pu croiser au hasard lors d\u2019un voyage touristique \u00e0 S\u00e9ville face \u00e0 Valladolid. \u00ab\u00a0El Colo\u00a0\u00bb (le roux), en plus d\u2019\u00eatre le roi de l\u2019empire du milieu, a d\u00e9livr\u00e9 une passe d\u00e9cisive magnifique pour le deuxi\u00e8me but du Racing gr\u00e2ce \u00e0 une superbe louche, au-dessus de <a href=\"https:\/\/www.20minutes.fr\/sport\/lucas-hernandez\/\" target=\"_blank\" class=\"c-link c-link--is-underlined\" rel=\"noopener\">Lucas Hernandez<\/a>, pour Moreira.<\/p>\n<p>Une \u00e9quipe de bambins<\/p>\n<p>Barco (21 ans), Ouattara (19), H\u00f8gsberg (19), El Mourabet (20), Penders (20), Moreira (21 ans)\u2026 Strasbourg avance avec conviction malgr\u00e9 un effectif de b\u00e9b\u00e9s, promis, plus tard, \u00e0 rejoindre Chelsea ou servir d\u2019ajustement pour les comptes de la maison m\u00e8re. Mais, en attendant, avec \u00ab\u00a0le deuxi\u00e8me onze le plus jeune de l\u2019histoire du championnat\u00a0\u00bb, selon Rosenior, les Bleu et Blanc assurent comme des grands.<\/p>\n<p>Et arrivent \u00e0 gommer les petites erreurs qui lui ont fait perdre des points b\u00eatement depuis le d\u00e9but de la saison, comme face \u00e0 Monaco et <a href=\"https:\/\/www.20minutes.fr\/sport\/football\/ligue-1\/4175455-20250926-direct-strasbourg-om-marseille-lancee-meinau-suivez-match\" target=\"_blank\" class=\"c-link c-link--is-underlined\" rel=\"noopener\">Marseille o\u00f9 ils s\u2019\u00e9taient inclin\u00e9s en toute fin de rencontre<\/a>. Et on a un peu pens\u00e9 que pareil sc\u00e9nario se reproduirait dans les dix derni\u00e8res minutes de jeu, quand Paris poussait vraiment. \u00ab\u00a0Ils ont appris rapidement\u00a0\u00bb, assure Rosenior, qui n\u2019\u00e9tait pas inquiet dans la derni\u00e8re ligne droite de la rencontre.<\/p>\n<blockquote class=\"mx-m@xs mx-xxl@md color-ultramarine c-citation\">\n<p class=\"font-weight-regular@xs text-italic font-source-serif-pro text-l@xs c-citation__content\">\u00ab\u00a0Aujourd\u2019hui, on a 16 points apr\u00e8s 8 journ\u00e9es en championnat, on a une \u00e9quipe qui est comp\u00e9titive \u00e0 chaque rencontre. Pour moi, la force de l\u2019\u00e9quipe, c\u2019est cette jeunesse, cette \u00e9nergie et le fait de ne pas avoir peur quand elle peut \u00eatre sur le terrain. Je suis fan et j\u2019adore travailler avec mes joueurs, avec ce groupe.\u00a0\u00bb<\/p>\n<\/blockquote>\n<p>Viser la Ligue des champions\u00a0?<\/p>\n<p>En voyant cette \u00e9quipe bousculer le PSG de cette mani\u00e8re, avec un effectif pl\u00e9thorique qui lui permet de ne pas noter l\u2019absence de son capitaine et buteur Emanuel Emegha et de son d\u00e9fenseur Mamadou Sarr, on se met \u00e0 imaginer le Racing venir chatouiller les grosses cylindr\u00e9es comme Marseille, Lille, Lyon ou Monaco pour une place qualificative en Ligue des champions\u2026 Verre d\u2019eau glac\u00e9 en pleine gueule et climatisation offerte par Liam Rosenior\u00a0: \u00ab\u00a0L\u2019objectif officiel de l\u2019\u00e9quipe, c\u2019est le prochain match.\u00a0\u00bb<\/p>\n<p>Mais l\u2019Anglais sait bien que son club peut viser les sommets\u00a0: \u00ab\u00a0Nous sommes dans une excellente position au championnat, je sais que nous pouvons y arriver, nous sommes comp\u00e9titifs \u00e0 chaque match, c\u2019est le plus important.\u00a0\u00bb Et ce n\u2019est pas <a href=\"https:\/\/www.20minutes.fr\/dossier\/luis_enrique\" target=\"_blank\" class=\"c-link c-link--is-underlined\" rel=\"noopener\">Luis Enrique<\/a> qui va le contredire. A voir son visage apr\u00e8s le match en conf\u00e9rence de presse, on sentait l\u2019Espagnol admiratif de cette jeunesse triomphante. Gagn\u00e9.<\/p>\n<p>\u00ab\u00a0F\u00e9licitations \u00e0 Strasbourg, ils sont jeunes et forment une tr\u00e8s belle \u00e9quipe, c\u2019est l\u2019une des meilleures \u00e9quipes de la Ligue 1, sans aucun doute, a indiqu\u00e9 l\u2019ancien coach du Bar\u00e7a, avant d\u2019ajouter en souriant\u00a0: \u00ab\u00a0J\u2019aimerais jouer un jour contre Strasbourg avec toute mon \u00e9quipe, ce sera joli de voir deux grandes \u00e9quipes jouer un football de la meilleure des mani\u00e8res.\u00a0\u00bb Le match retour est pr\u00e9vu d\u00e9but f\u00e9vrier\u00a02026. Faites venir la DeLorean, on veut voir du beau football de suite.<\/p>\n","protected":false},"excerpt":{"rendered":"Au Parc des Princes, Et si le PSG avait trouv\u00e9 un nouvel antagoniste\u00a0? Oubliez Marseille, le Bar\u00e7a, le&hellip;\n","protected":false},"author":2,"featured_media":471901,"comment_status":"","ping_status":"","sticky":false,"template":"","format":"standard","meta":{"footnotes":""},"categories":[2820],"tags":[1111,11,1777,674,63,1011,27,775,66,12,2332,4448,25,517,640],"class_list":{"0":"post-471900","1":"post","2":"type-post","3":"status-publish","4":"format-standard","5":"has-post-thumbnail","7":"category-strasbourg","8":"tag-actu","9":"tag-actualites","10":"tag-eu","11":"tag-europe","12":"tag-football","13":"tag-fr","14":"tag-france","15":"tag-grand-est","16":"tag-ligue-1","17":"tag-news","18":"tag-paris-saint-germain-psg","19":"tag-rc-strasbourg","20":"tag-republique-francaise","21":"tag-sport","22":"tag-strasbourg"},"share_on_mastodon":{"url":"https:\/\/pubeurope.com\/@fr\/115393922538545924","error":""},"_links":{"self":[{"href":"https:\/\/www.europesays.com\/fr\/wp-json\/wp\/v2\/posts\/471900","targetHints":{"allow":["GET"]}}],"collection":[{"href":"https:\/\/www.europesays.com\/fr\/wp-json\/wp\/v2\/posts"}],"about":[{"href":"https:\/\/www.europesays.com\/fr\/wp-json\/wp\/v2\/types\/post"}],"author":[{"embeddable":true,"href":"https:\/\/www.europesays.com\/fr\/wp-json\/wp\/v2\/users\/2"}],"replies":[{"embeddable":true,"href":"https:\/\/www.europesays.com\/fr\/wp-json\/wp\/v2\/comments?post=471900"}],"version-history":[{"count":0,"href":"https:\/\/www.europesays.com\/fr\/wp-json\/wp\/v2\/posts\/471900\/revisions"}],"wp:featuredmedia":[{"embeddable":true,"href":"https:\/\/www.europesays.com\/fr\/wp-json\/wp\/v2\/media\/471901"}],"wp:attachment":[{"href":"https:\/\/www.europesays.com\/fr\/wp-json\/wp\/v2\/media?parent=471900"}],"wp:term":[{"taxonomy":"category","embeddable":true,"href":"https:\/\/www.europesays.com\/fr\/wp-json\/wp\/v2\/categories?post=471900"},{"taxonomy":"post_tag","embeddable":true,"href":"https:\/\/www.europesays.com\/fr\/wp-json\/wp\/v2\/tags?post=471900"}],"curies":[{"name":"wp","href":"https:\/\/api.w.org\/{rel}","templated":true}]}}