{"id":471906,"date":"2025-10-18T07:13:14","date_gmt":"2025-10-18T07:13:14","guid":{"rendered":"https:\/\/www.europesays.com\/fr\/471906\/"},"modified":"2025-10-18T07:13:14","modified_gmt":"2025-10-18T07:13:14","slug":"pres-de-nantes-une-soiree-disco-des-annees-80-est-organisee-en-faveur-des-personnes-en-situation-de-handicap","status":"publish","type":"post","link":"https:\/\/www.europesays.com\/fr\/471906\/","title":{"rendered":"Pr\u00e8s de Nantes, une soir\u00e9e disco des ann\u00e9es 80 est organis\u00e9e en faveur des personnes en situation de handicap"},"content":{"rendered":"<p>            Par<br \/>\n        <strong><br \/>\n            <a href=\"https:\/\/actu.fr\/auteur\/journaliste-sm\" title=\"Consulter tous les articles de R\u00e9daction Clisson\" rel=\"nofollow noopener\" target=\"_blank\">R\u00e9daction Clisson<\/a><br \/>\n        <\/strong><\/p>\n<p>        Publi\u00e9 le<\/p>\n<p>            18 oct. 2025 \u00e0 8h16        <\/p>\n<p>La Maison d\u2019Accueil Sp\u00e9cialis\u00e9e (MAS) du <a href=\"https:\/\/actu.fr\/pays-de-la-loire\/le-loroux-bottereau_44084\" rel=\"nofollow noopener\" target=\"_blank\">Loroux-Bottereau<\/a> est une structure qui prend en charge des <b>adultes atteints de polyhandicap<\/b>, n\u00e9cessitant un accompagnement lourd et constant.<\/p>\n<p class=\" wall-content\">L\u2019\u00e9tablissement met tout en \u0153uvre pour assurer le bien-\u00eatre et la dignit\u00e9 de ses r\u00e9sidents.<\/p>\n<p class=\" wall-content\">C\u2019est pour compl\u00e9ter cette mission que l<b>\u2018association <a href=\"https:\/\/actu.fr\/pays-de-la-loire\/le-loroux-bottereau_44084\/ce-nest-pas-que-du-soin-dans-les-coulisses-dun-centre-pour-polyhandicapes-pres-de-nantes_62555997.html\" rel=\"nofollow noopener\" target=\"_blank\">Les Amis de la MAS<\/a> <\/b>a \u00e9t\u00e9 cr\u00e9\u00e9e.<\/p>\n<p class=\" wall-content\">Forte d\u2019une <b>cinquantaine de b\u00e9n\u00e9voles<\/b>, elle \u0153uvre sous la devise : \u00ab Tout faire pour am\u00e9liorer le quotidien de la personne handicap\u00e9e \u00bb.<\/p>\n<p class=\" wall-content\">L\u2019association <b>collecte des fonds <\/b>pour financer des activit\u00e9s et des sorties qui n\u2019entrent pas dans le cadre habituel des soins.<\/p>\n<p>Vid\u00e9os : en ce moment sur Actu<\/p>\n<p class=\" wall-content\">Cela comprend, par exemple, le sport adapt\u00e9, des cours de danse, des ateliers sonores ou encore des excursions ext\u00e9rieures, offrant aux r\u00e9sidents des moments de plaisir et de partage.<\/p>\n<p>Une ambiance garantie pour la soir\u00e9e disco<\/p>\n<p class=\" wall-content\">L\u2019association a organis\u00e9 dans ce sens <b>une soir\u00e9e disco<\/b> allant des ann\u00e9es 80 \u00e0 aujourd\u2019hui.<\/p>\n<p>Votre r\u00e9gion, votre actu !<\/p>\n<p>Recevez chaque jour les infos qui comptent pour vous.<\/p>\n<p>\t<a href=\"https:\/\/actu.fr\/newsletter\" class=\"ac-btn ac-btn--corner ac-btn--medium ac-btn--blue800\" rel=\"nofollow noopener\" target=\"_blank\">S&rsquo;incrire<\/a><\/p>\n<p class=\" wall-content\">L\u2019animation musicale sera assur\u00e9e par DJ LO, un Nantais bien connu qui parcourt les clubs et bars de la r\u00e9gion <b>depuis plus de vingt ans<\/b>. R\u00e9put\u00e9 pour son talent \u00e0 satisfaire toutes les g\u00e9n\u00e9rations, il promet une ambiance chaleureuse et g\u00e9n\u00e9raliste qui saura faire danser tous les participants.<\/p>\n<p>    <img   decoding=\"async\" loading=\"lazy\" class=\"size-large\" src=\"https:\/\/www.europesays.com\/fr\/wp-content\/uploads\/2025\/10\/c91801f5c7e863e1801f5c7e842280v-960x640.jpg\" alt=\"DJ LO\" width=\"960\" height=\"640\"\/><br \/>\n    DJ LO assurera l\u2019animation musicale. \u00a9Photo transmise \u00e0 HSM<\/p>\n<p class=\" wall-content\">C\u00f4t\u00e9 pratique, l\u2019entr\u00e9e est fix\u00e9e \u00e0<b> 10\u00a0euros <\/b>pour les adultes et \u00e0 <b>5\u00a0euros pour les 10-16\u00a0ans<\/b>.<\/p>\n<p class=\" wall-content\">Un food-truck nomm\u00e9 <b>\u00c0 la Bonne Pat<\/b> sera pr\u00e9sent sur place pour proposer galettes et cr\u00eapes, et un bar permettra de se rafra\u00eechir tout au long de la soir\u00e9e.<\/p>\n<p>Votre soutien fait la diff\u00e9rence<\/p>\n<p class=\" wall-content\">La participation \u00e0 cette soir\u00e9e est un geste de solidarit\u00e9 qui contribue directement au<b> financement des projets de l\u2019association<\/b>.<\/p>\n<p class=\" wall-content\">Par ailleurs, il est important de noter que l\u2019association re\u00e7oit \u00e9galement les dons, lesquels sont <b>partiellement d\u00e9fiscalis\u00e9s<\/b>. Un moyen suppl\u00e9mentaire d\u2019aider et de garantir de nouvelles opportunit\u00e9s aux r\u00e9sidents de la MAS.<\/p>\n<p>Le samedi 18\u00a0octobre, de 20 h 30 \u00e0 1 h 30. Salle La Quintaine. Pas de r\u00e9servation. Pour tout contact ou renseignement : T\u00e9l\u00e9phone <b>:<\/b> 07 84 90 71 76. Courriel : <a href=\"https:\/\/actu.fr\/cdn-cgi\/l\/email-protection\" class=\"__cf_email__\" data-cfemail=\"20414d495344454c414d4153604f55544c4f4f4b0e4652\" rel=\"nofollow noopener\" target=\"_blank\">[email\u00a0protected]<\/a>. 10\u00a0\u20ac pour les adultes. 5\u00a0\u20ac pour les 10-16\u00a0ans.<\/p>\n<p class=\" wall-content\">Personnalisez votre actualit\u00e9 en ajoutant vos villes et m\u00e9dias en favori avec <a href=\"https:\/\/moncompte.actu.fr\" title=\"D\u00e9couvez Mon Actu\" rel=\"nofollow noopener\" data-trk=\"{&quot;cta&quot;:{&quot;action&quot;:&quot;https:\\\/\\\/moncompte.actu.fr&quot;,&quot;category&quot;:&quot;mon compte&quot;,&quot;from&quot;:&quot;article footer&quot;,&quot;name&quot;:&quot;Mon actu&quot;,&quot;type&quot;:&quot;cta&quot;}}\" target=\"_blank\">Mon Actu<\/a>.<\/p>\n","protected":false},"excerpt":{"rendered":"Par R\u00e9daction Clisson Publi\u00e9 le 18 oct. 2025 \u00e0 8h16 La Maison d\u2019Accueil Sp\u00e9cialis\u00e9e (MAS) du Loroux-Bottereau est&hellip;\n","protected":false},"author":2,"featured_media":471907,"comment_status":"","ping_status":"","sticky":false,"template":"","format":"standard","meta":{"footnotes":""},"categories":[2818],"tags":[1111,11,1063,1777,674,1011,27,1943,1652,766,12,2636,25,2900],"class_list":{"0":"post-471906","1":"post","2":"type-post","3":"status-publish","4":"format-standard","5":"has-post-thumbnail","7":"category-nantes","8":"tag-actu","9":"tag-actualites","10":"tag-animations","11":"tag-eu","12":"tag-europe","13":"tag-fr","14":"tag-france","15":"tag-handicap","16":"tag-loisirs-culture","17":"tag-nantes","18":"tag-news","19":"tag-pays-de-la-loire","20":"tag-republique-francaise","21":"tag-vignoble-nantais"},"share_on_mastodon":{"url":"https:\/\/pubeurope.com\/@fr\/115393934996551548","error":""},"_links":{"self":[{"href":"https:\/\/www.europesays.com\/fr\/wp-json\/wp\/v2\/posts\/471906","targetHints":{"allow":["GET"]}}],"collection":[{"href":"https:\/\/www.europesays.com\/fr\/wp-json\/wp\/v2\/posts"}],"about":[{"href":"https:\/\/www.europesays.com\/fr\/wp-json\/wp\/v2\/types\/post"}],"author":[{"embeddable":true,"href":"https:\/\/www.europesays.com\/fr\/wp-json\/wp\/v2\/users\/2"}],"replies":[{"embeddable":true,"href":"https:\/\/www.europesays.com\/fr\/wp-json\/wp\/v2\/comments?post=471906"}],"version-history":[{"count":0,"href":"https:\/\/www.europesays.com\/fr\/wp-json\/wp\/v2\/posts\/471906\/revisions"}],"wp:featuredmedia":[{"embeddable":true,"href":"https:\/\/www.europesays.com\/fr\/wp-json\/wp\/v2\/media\/471907"}],"wp:attachment":[{"href":"https:\/\/www.europesays.com\/fr\/wp-json\/wp\/v2\/media?parent=471906"}],"wp:term":[{"taxonomy":"category","embeddable":true,"href":"https:\/\/www.europesays.com\/fr\/wp-json\/wp\/v2\/categories?post=471906"},{"taxonomy":"post_tag","embeddable":true,"href":"https:\/\/www.europesays.com\/fr\/wp-json\/wp\/v2\/tags?post=471906"}],"curies":[{"name":"wp","href":"https:\/\/api.w.org\/{rel}","templated":true}]}}