{"id":471911,"date":"2025-10-18T07:16:17","date_gmt":"2025-10-18T07:16:17","guid":{"rendered":"https:\/\/www.europesays.com\/fr\/471911\/"},"modified":"2025-10-18T07:16:17","modified_gmt":"2025-10-18T07:16:17","slug":"jai-pose-ma-demission-le-lendemain-de-la-mort-du-deuxieme-perroquet-lalerte-dex-salaries-du-zoo-de-bordeaux","status":"publish","type":"post","link":"https:\/\/www.europesays.com\/fr\/471911\/","title":{"rendered":"\u00ab\u00a0J\u2019ai pos\u00e9 ma d\u00e9mission le lendemain de la mort du deuxi\u00e8me perroquet\u00a0\u00bb\u2026 L\u2019alerte d\u2019ex-salari\u00e9s du zoo de Bordeaux"},"content":{"rendered":"<p> \u00abOn a peur du directeur du <a href=\"https:\/\/www.20minutes.fr\/dossier\/zoo\" class=\"c-link c-link--is-underlined\" target=\"_blank\" rel=\"noopener\">zoo<\/a>, Mathieu Dorval, et de possibles repr\u00e9sailles, explique Elodie*, qui a occup\u00e9 un poste administratif \u00e0 partir de\u00a02023 au <a href=\"https:\/\/www.zoo-bordeaux-pessac.com\/public\/\" rel=\"nofollow noopener\" target=\"_blank\" class=\"c-link c-link--is-underlined\">zoo de Bordeaux Pessac.<\/a> On sait qu\u2019il conna\u00eet beaucoup de monde dans le milieu.\u00a0\u00bb Avec 22 autres anciens salari\u00e9s du parc animalier, elle t\u00e9moigne anonymement dans un communiqu\u00e9 commun, en cette mi-octobre, de dysfonctionnements relev\u00e9s depuis une dizaine d\u2019ann\u00e9es, au moment de l\u2019arriv\u00e9e du nouveau directeur.<\/p>\n<p>En bref, ils racontent une pression et surveillance sur des salari\u00e9s qui n\u2019ont pas voix au chapitre, m\u00eame dans leur domaine de comp\u00e9tence et des investissements au profit de \u00ab\u00a0l\u2019exp\u00e9rience visiteurs\u00a0\u00bb, au d\u00e9triment des conditions d\u2019accueil des <a href=\"https:\/\/www.20minutes.fr\/planete\/animaux\/\" class=\"c-link c-link--is-underlined\" target=\"_blank\" rel=\"noopener\">animaux<\/a>.<\/p>\n<p>Surveillance des salari\u00e9s par cam\u00e9ras<\/p>\n<p>Selon les t\u00e9moignages \u00e9crits et oraux dont 20 Minutes a pris connaissance, les jeunes salari\u00e9s appr\u00e9hendent au d\u00e9part avec enthousiasme de travailler au sein du zoo, ouvert \u00e0 la fin des ann\u00e9es\u00a01970, dans la r\u00e9gion bordelaise. Mathieu Dorval, qui a repris le parc animalier en\u00a02015 apr\u00e8s avoir offici\u00e9 \u00e0 la m\u00e9nagerie du Jardin des plantes, \u00e0 Paris, jouit d\u2019une bonne r\u00e9putation dans le milieu zoologique.<\/p>\n<\/p>\n<p>Mais ils d\u00e9chantent rapidement et parlent d\u2019une personne qui instaure \u00ab\u00a0un climat de tensions\u00a0\u00bb, selon Elodie, avec des d\u00e9missions tous les mois. \u00ab\u00a0Certains sortaient de son bureau en pleurs.\u00a0\u00bb D\u2019autres rapportent des \u00ab\u00a0humiliations\u00a0\u00bb, avec notamment la mise en concurrence de deux \u00e9quipes de soigneurs dont l\u2019une avait sa pr\u00e9f\u00e9rence, et l\u2019utilisation des cam\u00e9ras pour \u00e9pier le moindre de leurs gestes. \u00ab\u00a0Elles sont pr\u00e9sentes pour assurer la s\u00e9curit\u00e9 des animaux et du site, et en aucun cas pour surveiller les collaborateurs\u00a0\u00bb, se d\u00e9fend la direction du zoo de Bordeaux Pessac, contact\u00e9e par 20 Minutes.<\/p>\n<p>Alors que des lodges pour dormir au milieu des enclos des grands carnivores (lions, jaguars et tigres blancs) sont construits \u00e0 grands frais fin\u00a02024 sur le site, les voiturettes pour se d\u00e9placer sur le parc de cinq hectares font r\u00e9guli\u00e8rement d\u00e9faut et en cas de panne de la pompe d\u2019eau courante, il faut faire tous les soins \u00e0 la brouette et au seau. \u00ab\u00a0L\u2019hiver, dans les bureaux, on cachait un petit chauffage pour nos pieds, tellement on avait froid\u00a0\u00bb, se souvient aussi Elodie.<\/p>\n<p>Une maison de retraite pour servals aux conditions rudimentaires<\/p>\n<p>La direction du zoo \u00ab\u00a0conteste fermement ces all\u00e9gations qui ne sont pas fond\u00e9es. Elles semblent nourries de griefs personnels d\u2019anciens salari\u00e9s du parc, dont certains nous nous sommes s\u00e9par\u00e9s notamment par manque de comp\u00e9tences ou probl\u00e8mes d\u2019attitude, entre autres raisons\u00a0\u00bb.<\/p>\n<p>\u00ab\u00a0Le directeur avait du plaisir \u00e0 avoir du pouvoir sur les gens, estime Nathan*, un ancien soigneur du parc. Il aimait souvent \u00e0 rappeler qu\u2019il avait \u00e9t\u00e9 soigneur pendant vingt ans mais on \u00e9tait effar\u00e9s par les d\u00e9cisions prises qui pla\u00e7aient le visiteur d\u2019abord, et les animaux vraiment ensuite.\u00a0\u00bb<\/p>\n<p>L&rsquo;\u00ab\u00a0Extra-Old-Inaire\u00a0\u00bb, un concept pr\u00e9sent\u00e9 comme une maison de retraite pour les vieux animaux est d\u2019abord pl\u00e9biscit\u00e9 par les soigneurs mais l\u00e0 encore, ils d\u00e9chantent rapidement. Les servals vieillissants accueillis sont \u00e0 peine \u00e0 l\u2019abri de la pluie dans leur enclos aux conditions rudimentaires. Alors que l\u2019\u00e9tat des animaux se d\u00e9grade, les soigneurs bricolent \u00e0 la h\u00e2te une petite cabane avec \u00ab\u00a0des lampes chauffantes munies de rallonges sur plusieurs m\u00e8tres alors qu\u2019il y avait dehors de belles pancartes pour d\u00e9crire le concept de maison de retraite pour animaux\u00a0\u00bb, d\u00e9plore Nathan.<\/p>\n<p>Deux avis diff\u00e9rents sur la mort de perroquets<\/p>\n<p>Un autre \u00e9v\u00e9nement va pr\u00e9cipiter son d\u00e9part du parc. Alors que des travaux sont entrepris dans les all\u00e9es du parc l\u2019hiver dernier, les perroquets, des animaux tr\u00e8s sensibles \u00e0 la temp\u00e9rature, ne sont pas d\u00e9plac\u00e9s \u00e0 temps de leur enclos et subissent \u00ab\u00a0un stress intense\u00a0\u00bb. Ils ont \u00e9t\u00e9 transf\u00e9r\u00e9s dans leurs nouveaux abris, qui n\u2019\u00e9taient pas termin\u00e9s et ne disposaient pas de chauffage, et cela leur aurait \u00e9t\u00e9 fatal. \u00ab\u00a0J\u2019ai pos\u00e9 ma d\u00e9mission le lendemain de la mort du deuxi\u00e8me perroquet\u00a0\u00bb, l\u00e2che Nathan, d\u00e9pit\u00e9. Leur mort \u00ab\u00a0est li\u00e9e \u00e0 une maladie du foie, cela a \u00e9t\u00e9 confirm\u00e9 par un rapport d\u2019autopsie v\u00e9t\u00e9rinaire d\u00e9taill\u00e9\u00a0\u00bb, assure de son c\u00f4t\u00e9 la direction.<\/p>\n<p>Les anciens employ\u00e9s ont encore beaucoup d\u2019exemples. Un mulet qui \u00e9tait install\u00e9 dans l\u2019enclos le plus recul\u00e9 du parc et inond\u00e9 une grande partie de l\u2019ann\u00e9e, a d\u00e9velopp\u00e9 une gale en lien avec l\u2019humidit\u00e9. \u00ab\u00a0On a propos\u00e9 de le d\u00e9placer dans d\u2019autres enclos mais \u00e0 chaque fois, il y avait une bonne raison de ne pas le faire\u00a0\u00bb, commente Nathan.<\/p>\n<p>\u00ab\u00a0Viande avari\u00e9e\u00a0\u00bb donn\u00e9e aux tigres, fuite d\u2019une autruche<\/p>\n<p>\u00ab\u00a0Des tigres sont tomb\u00e9s malades apr\u00e8s avoir consomm\u00e9 de la viande avari\u00e9e \u00e0 cause d\u2019une panne de la chambre froide, qui avait d\u00e9j\u00e0 \u00e9t\u00e9 signal\u00e9e depuis un moment par les salari\u00e9s mais pas prise en charge par souci d\u2019\u00e9conomie\u00a0\u00bb, raconte Elodie. L\u2019intoxication est d\u00e9mentie par la direction. \u00ab\u00a0Des animaux n\u2019ont jamais \u00e9t\u00e9 malades en lien avec la nourriture qui leur est donn\u00e9e par les soigneurs\u00a0: si tel avait \u00e9t\u00e9 le cas, les m\u00e9decins v\u00e9t\u00e9rinaires du parc auraient \u00e9t\u00e9 sollicit\u00e9s.\u00a0\u00bb<\/p>\n<p><a href=\"https:\/\/www.20minutes.fr\/bordeaux\/4113456-20241003-gironde-autruche-echappe-enclos-course-fillette-6-ans\" class=\"c-link c-link--is-underlined\" target=\"_blank\" rel=\"noopener\">L\u2019\u00e9chapp\u00e9e d\u2019une femelle autruche<\/a>, en octobre\u00a02024, serait due pour la direction \u00e0 \u00ab\u00a0un moment de stress survenu lors d\u2019une phase de mise en contact planifi\u00e9e\u00a0\u00bb. Pour ce soigneur, l\u2019arriv\u00e9e ce jour-l\u00e0 d\u2019un m\u00e2le a \u00e9t\u00e9 mal organis\u00e9e et la cl\u00f4ture, d\u00e9faillante depuis un moment, devait \u00eatre rafistol\u00e9e par les \u00e9quipes plusieurs fois par jour.<\/p>\n<p>Qu\u2019en est-il aujourd\u2019hui\u00a0? \u00ab\u00a0Nous sommes op\u00e9rationnels et continuons d\u2019accueillir nos visiteurs dans les meilleures conditions, et en stricte conformit\u00e9 avec les r\u00e9glementations en vigueur\u00a0\u00bb, promet la direction. Le dernier arr\u00eat\u00e9 pr\u00e9fectoral d\u2019autorisation d\u00e9livr\u00e9 \u00e0 l\u2019\u00e9tablissement, contr\u00f4l\u00e9 tous les trois ans, remonte \u00e0 ao\u00fbt\u00a02024.<\/p>\n<p><a href=\"https:\/\/www.20minutes.fr\/dossier\/zoo\" class=\"c-link c-btn c-btn--primary\" target=\"_blank\" rel=\"noopener\">Toutes nos infos sur les zoos<\/a><\/p>\n<p>\u00ab\u00a0Aucune des anomalies mentionn\u00e9es dans les articles de presse n\u2019a \u00e9t\u00e9 port\u00e9e directement aupr\u00e8s du service d\u2019inspection de<a href=\"https:\/\/www.gironde.gouv.fr\/Services-de-l-Etat\/Directions-departementales\/Direction-Departementale-de-la-Protection-des-Populations-DDPP\/Direction-Departementale-de-la-Protection-des-Populations\" rel=\"nofollow noopener\" target=\"_blank\" class=\"c-link c-link--is-underlined\"> la direction d\u00e9partementale de la protection des populations (DDPP) <\/a>qui aurait alors diligent\u00e9 un contr\u00f4le inopin\u00e9\u00a0\u00bb, fait valoir la pr\u00e9fecture de la Gironde.<\/p>\n<p>*Les pr\u00e9noms ont \u00e9t\u00e9 modifi\u00e9s pour pr\u00e9server l\u2019anonymat des personnes qui t\u00e9moignent, \u00e0 leur demande.<\/p>\n","protected":false},"excerpt":{"rendered":"\u00abOn a peur du directeur du zoo, Mathieu Dorval, et de possibles repr\u00e9sailles, explique Elodie*, qui a occup\u00e9&hellip;\n","protected":false},"author":2,"featured_media":471912,"comment_status":"","ping_status":"","sticky":false,"template":"","format":"standard","meta":{"footnotes":""},"categories":[2817],"tags":[1111,47,11,1867,3177,1997,1777,674,1011,27,2905,6795,12,2219,31012,10964,6030,25,104,5155,6031],"class_list":{"0":"post-471911","1":"post","2":"type-post","3":"status-publish","4":"format-standard","5":"has-post-thumbnail","7":"category-bordeaux","8":"tag-actu","9":"tag-actualite","10":"tag-actualites","11":"tag-animaux","12":"tag-aquitaine","13":"tag-bordeaux","14":"tag-eu","15":"tag-europe","16":"tag-fr","17":"tag-france","18":"tag-gironde","19":"tag-maltraitance-animale","20":"tag-news","21":"tag-nouvelle-aquitaine","22":"tag-perroquet","23":"tag-pessac","24":"tag-protection-des-animaux","25":"tag-republique-francaise","26":"tag-societe","27":"tag-tigre","28":"tag-zoo"},"share_on_mastodon":{"url":"https:\/\/pubeurope.com\/@fr\/115393946209597041","error":""},"_links":{"self":[{"href":"https:\/\/www.europesays.com\/fr\/wp-json\/wp\/v2\/posts\/471911","targetHints":{"allow":["GET"]}}],"collection":[{"href":"https:\/\/www.europesays.com\/fr\/wp-json\/wp\/v2\/posts"}],"about":[{"href":"https:\/\/www.europesays.com\/fr\/wp-json\/wp\/v2\/types\/post"}],"author":[{"embeddable":true,"href":"https:\/\/www.europesays.com\/fr\/wp-json\/wp\/v2\/users\/2"}],"replies":[{"embeddable":true,"href":"https:\/\/www.europesays.com\/fr\/wp-json\/wp\/v2\/comments?post=471911"}],"version-history":[{"count":0,"href":"https:\/\/www.europesays.com\/fr\/wp-json\/wp\/v2\/posts\/471911\/revisions"}],"wp:featuredmedia":[{"embeddable":true,"href":"https:\/\/www.europesays.com\/fr\/wp-json\/wp\/v2\/media\/471912"}],"wp:attachment":[{"href":"https:\/\/www.europesays.com\/fr\/wp-json\/wp\/v2\/media?parent=471911"}],"wp:term":[{"taxonomy":"category","embeddable":true,"href":"https:\/\/www.europesays.com\/fr\/wp-json\/wp\/v2\/categories?post=471911"},{"taxonomy":"post_tag","embeddable":true,"href":"https:\/\/www.europesays.com\/fr\/wp-json\/wp\/v2\/tags?post=471911"}],"curies":[{"name":"wp","href":"https:\/\/api.w.org\/{rel}","templated":true}]}}