{"id":471920,"date":"2025-10-18T07:21:10","date_gmt":"2025-10-18T07:21:10","guid":{"rendered":"https:\/\/www.europesays.com\/fr\/471920\/"},"modified":"2025-10-18T07:21:10","modified_gmt":"2025-10-18T07:21:10","slug":"balade-dans-les-lieux-dart-de-nos-quartiers-a-marseille","status":"publish","type":"post","link":"https:\/\/www.europesays.com\/fr\/471920\/","title":{"rendered":"Balade dans les lieux d\u2019art de nos quartiers \u00e0 Marseille"},"content":{"rendered":"<p>\u00ab\u00a0Dans quel sens traverser les antipodes\u00a0\u00bb de Massinissa Selmani au Ch\u00e2teau de Servi\u00e8res<\/p>\n<p>Dans le cadre de la <a href=\"https:\/\/www.laprovence.com\/article\/culture-loisirs\/2471623678315215\/saison-du-dessin-jean-philippe-roubaud-un-createur-de-mondes\" target=\"_blank\" rel=\"noopener\">Saison du Dessin<\/a>, le Ch\u00e2teau de Servi\u00e8res (4e) re\u00e7oit l\u2019artiste alg\u00e9rien Massinissa Selmani, qui vit et travaille \u00e0 Tours. L\u2019artiste travaille sur les conf\u00e9rences de Louise Michel, militante de l\u2019anticolonialisme, qui a soutenu les r\u00e9volutionnaires alg\u00e9riens mais aussi les Kanaks en Nouvelle-Cal\u00e9donie. Ces deux causes se retrouvent de mani\u00e8re elliptique, ou \u00e0 travers des coupures de presse, dans les dessins de Massinissa Selmani. Son propos est fortement politique mais toujours d\u00e9licat.<\/p>\n<p>C\u2019est dans l\u2019espace, le blanc, comme autant d\u2019ellipses, que ses personnages, dessin\u00e9s toujours en mouvement, se r\u00e9voltent. Ils s\u2019insurgent contre le pouvoir (repr\u00e9sent\u00e9 dans les symboles des r\u00e8gles et autres instruments de mesure qui apparaissent dans les compositions de l\u2019artiste). Les compositions de l\u2019artiste jouent avec les paradoxes, les volumes, les transparences avec du calque. Le r\u00e9cit se fait \u00e9cho entre grande et petite histoire, il n\u2019est pas lin\u00e9aire mais offre un point de vue. Le visiteur pourra aussi d\u00e9couvrir des travaux pr\u00e9paratifs sur tout un pan de mur.<\/p>\n<p><strong>Jusqu\u2019au 13\u00a0d\u00e9cembre au 19,<\/strong>&#8230;<\/p>\n","protected":false},"excerpt":{"rendered":"\u00ab\u00a0Dans quel sens traverser les antipodes\u00a0\u00bb de Massinissa Selmani au Ch\u00e2teau de Servi\u00e8res Dans le cadre de la&hellip;\n","protected":false},"author":2,"featured_media":471921,"comment_status":"","ping_status":"","sticky":false,"template":"","format":"standard","meta":{"footnotes":""},"categories":[2814],"tags":[17,1111,11,7552,251,44113,1446,1777,674,1011,27,151,9692,884,12,852,882,5116,25],"class_list":{"0":"post-471920","1":"post","2":"type-post","3":"status-publish","4":"format-standard","5":"has-post-thumbnail","7":"category-marseille","8":"tag-17","9":"tag-actu","10":"tag-actualites","11":"tag-balade","12":"tag-culture","13":"tag-dart","14":"tag-dans","15":"tag-eu","16":"tag-europe","17":"tag-fr","18":"tag-france","19":"tag-les","20":"tag-lieux","21":"tag-marseille","22":"tag-news","23":"tag-nos","24":"tag-provence-alpes-cote-dazur","25":"tag-quartiers","26":"tag-republique-francaise"},"share_on_mastodon":{"url":"https:\/\/pubeurope.com\/@fr\/115393965926378887","error":""},"_links":{"self":[{"href":"https:\/\/www.europesays.com\/fr\/wp-json\/wp\/v2\/posts\/471920","targetHints":{"allow":["GET"]}}],"collection":[{"href":"https:\/\/www.europesays.com\/fr\/wp-json\/wp\/v2\/posts"}],"about":[{"href":"https:\/\/www.europesays.com\/fr\/wp-json\/wp\/v2\/types\/post"}],"author":[{"embeddable":true,"href":"https:\/\/www.europesays.com\/fr\/wp-json\/wp\/v2\/users\/2"}],"replies":[{"embeddable":true,"href":"https:\/\/www.europesays.com\/fr\/wp-json\/wp\/v2\/comments?post=471920"}],"version-history":[{"count":0,"href":"https:\/\/www.europesays.com\/fr\/wp-json\/wp\/v2\/posts\/471920\/revisions"}],"wp:featuredmedia":[{"embeddable":true,"href":"https:\/\/www.europesays.com\/fr\/wp-json\/wp\/v2\/media\/471921"}],"wp:attachment":[{"href":"https:\/\/www.europesays.com\/fr\/wp-json\/wp\/v2\/media?parent=471920"}],"wp:term":[{"taxonomy":"category","embeddable":true,"href":"https:\/\/www.europesays.com\/fr\/wp-json\/wp\/v2\/categories?post=471920"},{"taxonomy":"post_tag","embeddable":true,"href":"https:\/\/www.europesays.com\/fr\/wp-json\/wp\/v2\/tags?post=471920"}],"curies":[{"name":"wp","href":"https:\/\/api.w.org\/{rel}","templated":true}]}}