{"id":471924,"date":"2025-10-18T07:23:18","date_gmt":"2025-10-18T07:23:18","guid":{"rendered":"https:\/\/www.europesays.com\/fr\/471924\/"},"modified":"2025-10-18T07:23:18","modified_gmt":"2025-10-18T07:23:18","slug":"lyon-le-funiculaire-f1-a-larret-des-ce-samedi-et-jusquau-2-novembre","status":"publish","type":"post","link":"https:\/\/www.europesays.com\/fr\/471924\/","title":{"rendered":"Lyon : le funiculaire F1 \u00e0 l&rsquo;arr\u00eat d\u00e8s ce samedi et jusqu\u2019au 2 novembre"},"content":{"rendered":"<p>                            <img loading=\"lazy\" width=\"1080\" height=\"675\" class=\"attachment-article size-article wp-post-image lazyload\" alt=\"\" decoding=\"async\" src=\"https:\/\/www.europesays.com\/fr\/wp-content\/uploads\/2025\/06\/Funiculaire-tcl@WilliamPham-scaled-e1685517064195.jpg\" data-eio-rwidth=\"1080\" data-eio-rheight=\"675\"\/><\/p>\n<p>Le funiculaire 1 relie Saint-Jean \u00e0 Saint-Just depuis 1878. @WilliamPham<\/p>\n<p class=\"content\" style=\"font-size:1.2em;font-weight:700\">En raison de travaux d\u2019entretien, le funiculaire F1 ne circule plus \u00e0 partir de ce samedi 18 octobre et jusqu\u2019au dimanche 2 novembre inclus.\u00a0<\/p>\n<p>Afin de r\u00e9aliser les travaux annuels d&rsquo;entretien, le funiculaire F1, permettant de relier Saint-Just au Vieux-Lyon, ne circule plus \u00e0 partir de ce samedi 18 octobre, et ce, jusqu\u2019au 2 novembre. \u00ab\u00a0Conform\u00e9ment aux r\u00e9glementations des remont\u00e9es m\u00e9caniques, des travaux de maintenance des voies, du tunnel, et des syst\u00e8mes de freinage seront op\u00e9r\u00e9s\u00a0\u00bb, indique TCL dans un communiqu\u00e9.<\/p>\n<p>Pour assurer la continuit\u00e9 du service, des bus relais seront d\u00e9ploy\u00e9s et desserviront les stations Saint-Just, Minimes et Fourvi\u00e8re toutes les 15 \u00e0 20 minutes. La ligne F2 permettant d&rsquo;acc\u00e9der \u00e0 Fourvi\u00e8re sera quant \u00e0 elle renforc\u00e9e et circulera tous les jours jusqu&rsquo;\u00e0 minuit.<\/p>\n","protected":false},"excerpt":{"rendered":"Le funiculaire 1 relie Saint-Jean \u00e0 Saint-Just depuis 1878. @WilliamPham En raison de travaux d\u2019entretien, le funiculaire F1&hellip;\n","protected":false},"author":2,"featured_media":207706,"comment_status":"","ping_status":"","sticky":false,"template":"","format":"standard","meta":{"footnotes":""},"categories":[1889],"tags":[1111,11,2430,1777,674,1011,27,2428,12,25],"class_list":{"0":"post-471924","1":"post","2":"type-post","3":"status-publish","4":"format-standard","5":"has-post-thumbnail","7":"category-lyon","8":"tag-actu","9":"tag-actualites","10":"tag-auvergne-rhone-alpes","11":"tag-eu","12":"tag-europe","13":"tag-fr","14":"tag-france","15":"tag-lyon","16":"tag-news","17":"tag-republique-francaise"},"share_on_mastodon":{"url":"https:\/\/pubeurope.com\/@fr\/115393973871176878","error":""},"_links":{"self":[{"href":"https:\/\/www.europesays.com\/fr\/wp-json\/wp\/v2\/posts\/471924","targetHints":{"allow":["GET"]}}],"collection":[{"href":"https:\/\/www.europesays.com\/fr\/wp-json\/wp\/v2\/posts"}],"about":[{"href":"https:\/\/www.europesays.com\/fr\/wp-json\/wp\/v2\/types\/post"}],"author":[{"embeddable":true,"href":"https:\/\/www.europesays.com\/fr\/wp-json\/wp\/v2\/users\/2"}],"replies":[{"embeddable":true,"href":"https:\/\/www.europesays.com\/fr\/wp-json\/wp\/v2\/comments?post=471924"}],"version-history":[{"count":0,"href":"https:\/\/www.europesays.com\/fr\/wp-json\/wp\/v2\/posts\/471924\/revisions"}],"wp:featuredmedia":[{"embeddable":true,"href":"https:\/\/www.europesays.com\/fr\/wp-json\/wp\/v2\/media\/207706"}],"wp:attachment":[{"href":"https:\/\/www.europesays.com\/fr\/wp-json\/wp\/v2\/media?parent=471924"}],"wp:term":[{"taxonomy":"category","embeddable":true,"href":"https:\/\/www.europesays.com\/fr\/wp-json\/wp\/v2\/categories?post=471924"},{"taxonomy":"post_tag","embeddable":true,"href":"https:\/\/www.europesays.com\/fr\/wp-json\/wp\/v2\/tags?post=471924"}],"curies":[{"name":"wp","href":"https:\/\/api.w.org\/{rel}","templated":true}]}}