{"id":471934,"date":"2025-10-18T07:32:11","date_gmt":"2025-10-18T07:32:11","guid":{"rendered":"https:\/\/www.europesays.com\/fr\/471934\/"},"modified":"2025-10-18T07:32:11","modified_gmt":"2025-10-18T07:32:11","slug":"guerre-en-ukraine-apres-une-nouvelle-rencontre-trump-fait-pression-sur-zelensky-pour-un-accord-avec-la-russie","status":"publish","type":"post","link":"https:\/\/www.europesays.com\/fr\/471934\/","title":{"rendered":"Guerre en Ukraine\u00a0: apr\u00e8s une nouvelle rencontre, Trump fait pression sur Zelensky pour un accord avec la Russie"},"content":{"rendered":"<p>La troisi\u00e8me visite \u00e0 la Maison Blanche du pr\u00e9sident ukrainien Volodymyr Zelensky depuis le retour au pouvoir de Donald Trump en janvier, a eu lieu ce vendredi. Le pr\u00e9sident ukrainien a estim\u00e9 que Vladimir Poutine n&rsquo;\u00e9tait \u00ab\u00a0pas pr\u00eat\u00a0\u00bb \u00e0 la paix, malgr\u00e9 les pressions de Donald Trump.<\/p>\n<p>Donald Trump a, \u00e0 nouveau, re\u00e7u Volodymyr\u00a0Zelensky \u00e0 la Maison Blanche lors d&rsquo;une rencontre entre les deux dirigeants, ce vendredi. C&rsquo;est la troisi\u00e8me rencontre entre les deux chefs d&rsquo;Etat apr\u00e8s une\u00a0<a class=\"IciLink ici-link IciArticleLink g-ici-body-regular-1 underline brand svelte-lu7k6w\" href=\"https:\/\/www.francebleu.fr\/infos\/international\/concluez-un-accord-ou-nous-vous-laissons-tomber-les-echanges-explosifs-entre-donald-trump-et-volodymyr-zelensky-3097539\" rel=\"nofollow noopener\" target=\"_blank\">rencontre explosive en f\u00e9vrier dernier<\/a>. Le pr\u00e9sident am\u00e9ricain, qui affiche une complicit\u00e9 retrouv\u00e9e avec son homologue russe Vladimir Poutine, a press\u00e9 vendredi Volodymyr Zelensky de cesser les hostilit\u00e9s. En revanche, Donal Trump est\u00a0rest\u00e9 sourd aux demandes de soutien militaire renforc\u00e9 du pr\u00e9sident ukrainien.<\/p>\n<p>\u00ab\u00a0La rencontre avec le pr\u00e9sident ukrainien Volodymyr Zelensky a \u00e9t\u00e9 tr\u00e8s int\u00e9ressante et cordiale, mais je lui ai dit, comme je l&rsquo;ai par ailleurs fortement sugg\u00e9r\u00e9 au pr\u00e9sident Poutine, qu&rsquo;il \u00e9tait temps d&rsquo;arr\u00eater la tuerie et de trouver un ACCORD\u00a0\u00bb, a \u00e9crit M. Trump sur son r\u00e9seau Truth Social, en jugeant que les deux bellig\u00e9rants devaient \u00ab\u00a0s&rsquo;arr\u00eater o\u00f9 ils sont\u00a0\u00bb.\u00a0\u00ab\u00a0Laissons-les clamer victoire tous les deux, que l&rsquo;histoire d\u00e9cide. Assez de tirs, assez de mort\u00a0\u00bb, a-t-il ajout\u00e9, avant de s&rsquo;envoler pour la Floride. \u00c0 son arriv\u00e9e, il a r\u00e9it\u00e9r\u00e9 son appel devant les journalistes\u00a0: Ukraine et Russie devraient \u00ab\u00a0s&rsquo;arr\u00eater imm\u00e9diatement \u00e0 la ligne de front\u00a0\u00bb actuelle, selon Donald Trump.<\/p>\n<p>Pas de\u00a0missiles am\u00e9ricains Tomahawk pour l&rsquo;Ukraine<\/p>\n<p>De son c\u00f4t\u00e9, le pr\u00e9sident ukrainien a pris acte de la fin de non-recevoir oppos\u00e9e pour l&rsquo;instant \u00e0 sa qu\u00eate de missiles am\u00e9ricains Tomahawk. \u00ab\u00a0Je pense que la Russie a peur des Tomahawk, vraiment peur, car c&rsquo;est une arme puissante\u00a0\u00bb, a d\u00e9clar\u00e9 Volodymyr Zelensky lors d&rsquo;une conf\u00e9rence de presse, apr\u00e8s sa r\u00e9union de plus de deux heures avec son homologue am\u00e9ricain \u00e0 la Maison Blanche.<br \/>Esp\u00e8re-t-il recevoir cet armement\u00a0? \u00ab\u00a0Je suis r\u00e9aliste\u00a0\u00bb, a-t-il r\u00e9pondu.\u00a0\u00ab\u00a0C&rsquo;est une bonne chose que le pr\u00e9sident Trump n&rsquo;ait pas dit \u00ab\u00a0non\u00a0\u00bb, mais pour l&rsquo;instant, il n&rsquo;a pas dit \u00ab\u00a0oui\u00a0\u00bb, a encore ajout\u00e9 vendredi M. Zelensky \u00e0 la cha\u00eene am\u00e9ricaine NBC.<\/p>\n<p>Volodymyr Zelensky a estim\u00e9 que le pr\u00e9sident russe n&rsquo;\u00e9tait \u00ab\u00a0pas pr\u00eat\u00a0\u00bb \u00e0 la paix, mais Donald Trump a soutenu le contraire, pendant un \u00e9change avec les journalistes qui a pr\u00e9c\u00e9d\u00e9 leur d\u00e9jeuner de travail.\u00a0\u00ab\u00a0Le pr\u00e9sident Poutine veut mettre fin \u00e0 la guerre\u00a0\u00bb, a d\u00e9clar\u00e9 le pr\u00e9sident am\u00e9ricain, qui a eu jeudi une longue conversation avec le ma\u00eetre du Kremlin. Les dirigeants russe et am\u00e9ricain ont convenu de se voir prochainement \u00e0 Budapest en Hongrie, pendant cet entretien qualifi\u00e9 de \u00ab\u00a0tr\u00e8s productif\u00a0\u00bb c\u00f4t\u00e9 am\u00e9ricain, d'\u00a0\u00bbextr\u00eamement franc et empreint de confiance\u00a0\u00bb c\u00f4t\u00e9 russe.<\/p>\n<p>\u00c0 lire aussi   <img decoding=\"async\" src=\"https:\/\/www.europesays.com\/fr\/wp-content\/uploads\/2025\/10\/1760772731_262_560x315\" alt=\"Lundi 24 f\u00e9vrier 2025, Emmanuel Macron et Donald Trump \u00e0 la Maison Blanche\" style=\"--_image-preview:url('data:image\/jpeg;base64,\/9j\/2wBDACgcHiMeGSgjISMtKygwPGRBPDc3PHtYXUlkkYCZlo+AjIqgtObDoKrarYqMyP\/L2u71\/\/\/\/m8H\/\/\/\/6\/+b9\/\/j\/2wBDASstLTw1PHZBQXb4pYyl+Pj4+Pj4+Pj4+Pj4+Pj4+Pj4+Pj4+Pj4+Pj4+Pj4+Pj4+Pj4+Pj4+Pj4+Pj4+Pj4+Pj\/wAARCAAXACoDASIAAhEBAxEB\/8QAFwAAAwEAAAAAAAAAAAAAAAAAAAEDAv\/EABkQAQEBAQEBAAAAAAAAAAAAAAABAhESIf\/EABYBAQEBAAAAAAAAAAAAAAAAAAACAf\/EABYRAQEBAAAAAAAAAAAAAAAAAAABEf\/aAAwDAQACEQMRAD8AnJw5Rr4xdIsVG7pm6Tui9EhqnWuozTXosFdoaoCmJ2l0Bofo\/QAP\/9k=');\" loading=\"lazy\" fetchpriority=\"low\" aria-hidden=\"true\" class=\"svelte-1pnmlwx rounded\" onload=\"this.__e=event\" onerror=\"this.__e=event\"\/><\/p>\n","protected":false},"excerpt":{"rendered":"La troisi\u00e8me visite \u00e0 la Maison Blanche du pr\u00e9sident ukrainien Volodymyr Zelensky depuis le retour au pouvoir de&hellip;\n","protected":false},"author":2,"featured_media":471935,"comment_status":"","ping_status":"","sticky":false,"template":"","format":"standard","meta":{"footnotes":""},"categories":[1591],"tags":[11,1887,12,1885,1886,132],"class_list":{"0":"post-471934","1":"post","2":"type-post","3":"status-publish","4":"format-standard","5":"has-post-thumbnail","7":"category-russie","8":"tag-actualites","9":"tag-federation-de-russie","10":"tag-news","11":"tag-russia","12":"tag-russian-federation","13":"tag-russie"},"share_on_mastodon":{"url":"https:\/\/pubeurope.com\/@fr\/115394009546551755","error":""},"_links":{"self":[{"href":"https:\/\/www.europesays.com\/fr\/wp-json\/wp\/v2\/posts\/471934","targetHints":{"allow":["GET"]}}],"collection":[{"href":"https:\/\/www.europesays.com\/fr\/wp-json\/wp\/v2\/posts"}],"about":[{"href":"https:\/\/www.europesays.com\/fr\/wp-json\/wp\/v2\/types\/post"}],"author":[{"embeddable":true,"href":"https:\/\/www.europesays.com\/fr\/wp-json\/wp\/v2\/users\/2"}],"replies":[{"embeddable":true,"href":"https:\/\/www.europesays.com\/fr\/wp-json\/wp\/v2\/comments?post=471934"}],"version-history":[{"count":0,"href":"https:\/\/www.europesays.com\/fr\/wp-json\/wp\/v2\/posts\/471934\/revisions"}],"wp:featuredmedia":[{"embeddable":true,"href":"https:\/\/www.europesays.com\/fr\/wp-json\/wp\/v2\/media\/471935"}],"wp:attachment":[{"href":"https:\/\/www.europesays.com\/fr\/wp-json\/wp\/v2\/media?parent=471934"}],"wp:term":[{"taxonomy":"category","embeddable":true,"href":"https:\/\/www.europesays.com\/fr\/wp-json\/wp\/v2\/categories?post=471934"},{"taxonomy":"post_tag","embeddable":true,"href":"https:\/\/www.europesays.com\/fr\/wp-json\/wp\/v2\/tags?post=471934"}],"curies":[{"name":"wp","href":"https:\/\/api.w.org\/{rel}","templated":true}]}}