{"id":471940,"date":"2025-10-18T07:35:16","date_gmt":"2025-10-18T07:35:16","guid":{"rendered":"https:\/\/www.europesays.com\/fr\/471940\/"},"modified":"2025-10-18T07:35:16","modified_gmt":"2025-10-18T07:35:16","slug":"le-royaume-uni-interdit-de-tesla-model-y-standard","status":"publish","type":"post","link":"https:\/\/www.europesays.com\/fr\/471940\/","title":{"rendered":"Le Royaume-Uni interdit de Tesla Model Y Standard ?"},"content":{"rendered":"<p>    <img decoding=\"async\" src=\"https:\/\/www.europesays.com\/fr\/wp-content\/uploads\/2025\/10\/Tesla-Model-Y-Standard-8.jpg\"   alt=\"\"\/><\/p>\n<p><strong>Alors que la nouvelle <a href=\"https:\/\/mobiwisy.fr\/voiture\/electrique\/tesla-model-y-standard-vendue-en-france-a-39-990-euros\" target=\"_blank\" rel=\"noopener\">Tesla Model Y Standard<\/a> est d\u2019ores et d\u00e9j\u00e0 commercialis\u00e9e en Europe, le UK doit patienter pour une dur\u00e9e ind\u00e9termin\u00e9e.<\/strong><\/p>\n<p>Les Anglais ont toujours aim\u00e9 rouler \u00e0 contre-sens du monde. R\u00e9sultat : la nouvelle <a href=\"https:\/\/mobiwisy.fr\/marque\/tesla\" target=\"_blank\" rel=\"noopener\">Tesla<\/a> Model Y <a href=\"https:\/\/mobiwisy.fr\/voiture\/electrique\/pourquoi-la-tesla-model-y-standard-a-des-roues-de-18-pouces\" target=\"_blank\" rel=\"noopener\">Standard<\/a> ne leur est pour l\u2019instant pas destin\u00e9e : pas de volant \u00e0 droite, pas de livraison.<\/p>\n<p>Un comble quand on sait \u00e0 quel point le march\u00e9 anglais est puissant pour <a href=\"https:\/\/www.tesla.com\/en_GB\/modely\/design#overview\" target=\"_blank\" rel=\"noopener\">Tesla<\/a> en Europe, avec un niveau de ventes le meilleur du Vieux Continent. Mais l\u2019isolement du Royaume-Uni (Angleterre, \u00c9cosse, Pays-de-Galles et Irlande du Nord) et de l\u2019Irlande, malgr\u00e9 ses bonnes performances commerciales, ne p\u00e8se pas lourd face au reste de l\u2019Union Europ\u00e9enne. D\u00e8s lors, l\u2019urgence pour la Gigafactory Tesla de Berlin est d\u2019alimenter au plus vite toutes les contr\u00e9es avec le volant \u00e0 gauche.<\/p>\n<p class=\"cross-article__title\">\n        Cet article pourraitvous int\u00e9resser :    <\/p>\n<p>            <img decoding=\"async\" src=\"https:\/\/www.europesays.com\/fr\/wp-content\/uploads\/2025\/10\/Ford2016_Fiesta_40TH_06.jpg\"   alt=\"\"\/><\/p>\n<p>            <a href=\"https:\/\/mobiwisy.fr\/voiture\/il-y-a-49-ans-ford-lancait-la-fiesta-la-petite-qui-allait-changer-leurope\" target=\"_blank\" rel=\"noopener\"><br \/>\n                Il y a 49 ans, Ford lan\u00e7ait la Fiesta : la petite qui allait changer l\u2019Europe            <\/a><\/p>\n<p><strong>Version \u00e0 volant \u00e0 droite, une simple question de temps ?<\/strong><\/p>\n<p><img fetchpriority=\"high\" decoding=\"async\" width=\"1200\" height=\"800\" src=\"https:\/\/www.europesays.com\/fr\/wp-content\/uploads\/2025\/10\/Tesla-Model-Y-Standard-3.jpg\" alt=\"Tesla Model Y Standard interior\" class=\"wp-image-187536\"  \/>Le changement de place du volant sera-t-il chose ais\u00e9e ? @Tesla<\/p>\n<p>\u00c0 date, aucune communication n\u2019a \u00e9t\u00e9 faite par Tesla pour produire la <a href=\"https:\/\/mobiwisy.fr\/modele\/tesla-model-y\" target=\"_blank\" rel=\"noopener\">Model Y<\/a> Standard avec le volant \u00e0 droite. Que ce soit pour l\u2019Europe ou d\u2019autres destinations asiatiques o\u00f9 cette configuration est choisie.<\/p>\n<p>Mais factuellement, Tesla n\u2019aura prochainement pas le choix, \u00e0 minima pour le Royaume-Uni et l\u2019Irlande, puisque la version <a href=\"https:\/\/mobiwisy.fr\/voiture\/electrique\/model-y-model-3-standard-tesla-a-tue-les-versions-propulsion\" target=\"_blank\" rel=\"noopener\">Model Y Propulsion<\/a> a disparu en Europe. Sans la <a href=\"https:\/\/mobiwisy.fr\/voiture\/electrique\/tesla-model-y-standard-la-liste-des-equipements-supprimes\" target=\"_blank\" rel=\"noopener\">Model Y Standard<\/a>, le ticket d\u2019entr\u00e9e va devenir bien trop cher. Actuellement, la Model Y Rear-Wheel Drive d\u00e9bute \u00e0 44 990 livres sterling au UK. Un prix \u00e9lev\u00e9 alors qu\u2019aucun bonus \u00e9cologique n\u2019existe de l\u2019autre c\u00f4t\u00e9 de la Manche, et que le taux de change avec l\u2019Euro est tr\u00e8s d\u00e9favorable. En \u00e9quivalent tarifaire, cette <a href=\"https:\/\/mobiwisy.fr\/voiture\/electrique\/voici-la-model-y-standard-la-tesla-du-pauvre\" target=\"_blank\" rel=\"noopener\">Model Y<\/a> Propulsion en Angleterre \u00e9quivaut \u00e0 51 800 euros sur le continent !<\/p>\n<p>D\u2019un point de vue industriel, inverser la position du volant dans l\u2019habitacle ne sera pas un probl\u00e8me bloquant pour Tesla. Il s\u2019agit simplement d\u2019un ralentissement dans son processus de production qui, dans quelques semaines, sera gomm\u00e9. Patience donc, amis grands bretons, avant que la <a href=\"https:\/\/mobiwisy.fr\/voiture\/electrique\/avec-la-model-y-standard-tesla-ne-regle-aucun-de-ses-problemes\" target=\"_blank\" rel=\"noopener\">Model Y Standard<\/a> n\u2019arrive.<\/p>\n<p><strong>\u00c0 LIRE AUSSI : <a href=\"https:\/\/mobiwisy.fr\/voiture\/electrique\/une-tesla-model-y-propulsion-refait-surface-en-france\" target=\"_blank\" rel=\"noopener\">Une Tesla Model Y Propulsion refait surface en France<\/a><\/strong><\/p>\n","protected":false},"excerpt":{"rendered":"Alors que la nouvelle Tesla Model Y Standard est d\u2019ores et d\u00e9j\u00e0 commercialis\u00e9e en Europe, le UK doit&hellip;\n","protected":false},"author":2,"featured_media":471941,"comment_status":"","ping_status":"","sticky":false,"template":"","format":"standard","meta":{"footnotes":""},"categories":[1588],"tags":[11,1777,674,12,473,1853,31668,320,17904,1851,1850,1852],"class_list":{"0":"post-471940","1":"post","2":"type-post","3":"status-publish","4":"format-standard","5":"has-post-thumbnail","7":"category-royaume-uni","8":"tag-actualites","9":"tag-eu","10":"tag-europe","11":"tag-news","12":"tag-royaume-uni","13":"tag-royaume-uni-de-grande-bretagne-et-dirlande-du-nord","14":"tag-standard","15":"tag-tesla","16":"tag-tesla-model-y","17":"tag-uk","18":"tag-united-kingdom","19":"tag-united-kingdom-of-great-britain-and-northern-ireland"},"share_on_mastodon":{"url":"https:\/\/pubeurope.com\/@fr\/115394021384989639","error":""},"_links":{"self":[{"href":"https:\/\/www.europesays.com\/fr\/wp-json\/wp\/v2\/posts\/471940","targetHints":{"allow":["GET"]}}],"collection":[{"href":"https:\/\/www.europesays.com\/fr\/wp-json\/wp\/v2\/posts"}],"about":[{"href":"https:\/\/www.europesays.com\/fr\/wp-json\/wp\/v2\/types\/post"}],"author":[{"embeddable":true,"href":"https:\/\/www.europesays.com\/fr\/wp-json\/wp\/v2\/users\/2"}],"replies":[{"embeddable":true,"href":"https:\/\/www.europesays.com\/fr\/wp-json\/wp\/v2\/comments?post=471940"}],"version-history":[{"count":0,"href":"https:\/\/www.europesays.com\/fr\/wp-json\/wp\/v2\/posts\/471940\/revisions"}],"wp:featuredmedia":[{"embeddable":true,"href":"https:\/\/www.europesays.com\/fr\/wp-json\/wp\/v2\/media\/471941"}],"wp:attachment":[{"href":"https:\/\/www.europesays.com\/fr\/wp-json\/wp\/v2\/media?parent=471940"}],"wp:term":[{"taxonomy":"category","embeddable":true,"href":"https:\/\/www.europesays.com\/fr\/wp-json\/wp\/v2\/categories?post=471940"},{"taxonomy":"post_tag","embeddable":true,"href":"https:\/\/www.europesays.com\/fr\/wp-json\/wp\/v2\/tags?post=471940"}],"curies":[{"name":"wp","href":"https:\/\/api.w.org\/{rel}","templated":true}]}}