{"id":471942,"date":"2025-10-18T07:36:20","date_gmt":"2025-10-18T07:36:20","guid":{"rendered":"https:\/\/www.europesays.com\/fr\/471942\/"},"modified":"2025-10-18T07:36:20","modified_gmt":"2025-10-18T07:36:20","slug":"pour-les-migrants-centrasiatiques-la-tentation-de-loccident-plutot-que-la-russie","status":"publish","type":"post","link":"https:\/\/www.europesays.com\/fr\/471942\/","title":{"rendered":"Pour les migrants centrasiatiques, la tentation de l&rsquo;Occident plut\u00f4t que la Russie"},"content":{"rendered":"<p class=\"mb-4 text-lg md:leading-8 break-words\">\u00ab\u00a0On va travailler sur les mots de la sant\u00e9\u00a0\u00bb, annonce une professeure d&rsquo;allemand \u00e0 des infirmi\u00e8res ouzb\u00e8kes en partance pour l&rsquo;Allemagne. Comme elles, un nombre croissant de ressortissants d&rsquo;Asie centrale tentent leur chance dans des pays occidentaux, int\u00e9ress\u00e9s par cette main d&rsquo;oeuvre habituellement attir\u00e9e par la Russie.<\/p>\n<p class=\"mb-4 text-lg md:leading-8 break-words\">Au programme pour ces infirmi\u00e8res dans la capitale Tachkent: r\u00e9vision du vocabulaire. Comment dire retrait\u00e9, surpoids, fauteuil roulant&#8230;<\/p>\n<p class=\"mb-4 text-lg md:leading-8 break-words\">Gr\u00e2ce au bouche \u00e0 oreille, Chakhnoza Goulmourotova, aide-soignante, s&rsquo;est inscrite \u00e0 ce programme d&rsquo;immigration gr\u00e2ce \u00e0 la multiplication d&rsquo;accords entre pays europ\u00e9ens et centrasiatiques (Kazakhstan, Kirghizstan, Ouzb\u00e9kistan, Tadjikistan, Turkm\u00e9nistan).<\/p>\n<p class=\"mb-4 text-lg md:leading-8 break-words\">\u00ab\u00a0Honn\u00eatement, le salaire m\u2019a int\u00e9ress\u00e9e en premier lieu\u00a0\u00bb, dit Mme Goulmourotova, \u00e0 l&rsquo;instar de nombreux Ouzbeks interrog\u00e9s par l&rsquo;AFP. Avec une promesse de salaire de 2.200 euros nets, la trentenaire multipliera ses revenus par sept.<\/p>\n<p class=\"mb-4 text-lg md:leading-8 break-words\">Tout le monde y trouve son compte. Les travailleurs obtiennent un emploi mieux r\u00e9mun\u00e9r\u00e9, les gouvernements centrasiatiques s&rsquo;offrent la paix sociale en s&rsquo;\u00e9vitant ch\u00f4mage et paup\u00e9risation d&rsquo;une population jeune, tandis que les employeurs europ\u00e9ens pourvoient des postes vacants via une immigration contr\u00f4l\u00e9e et form\u00e9e.<\/p>\n<p class=\"mb-4 text-lg md:leading-8 break-words\">Pour l&rsquo;Allemagne, comme d&rsquo;autres pays europ\u00e9ens en crise d\u00e9mographique, cette main d&rsquo;oeuvre est vitale.<\/p>\n<p class=\"mb-4 text-lg md:leading-8 break-words\">D&rsquo;apr\u00e8s le Centre International pour le D\u00e9veloppement des Politiques Migratoires (CIDPM), \u00ab\u00a0certains pays de l&rsquo;UE connaissant une p\u00e9nurie croissante de main-d\u2019oeuvre dans des secteurs cl\u00e9s cherchent activement \u00e0 recruter des travailleurs centrasiatiques\u00a0\u00bb, avec plus de 75.000 permis de travail d\u00e9livr\u00e9s en 2023.<\/p>\n<p class=\"mb-4 text-lg md:leading-8 break-words\">&#8211; \u00ab\u00a0Stress\u00a0\u00bb &#8211;<\/p>\n<p class=\"mb-4 text-lg md:leading-8 break-words\">Mais l&rsquo;Occident comme alternative \u00e0 la Russie n&rsquo;a rien d&rsquo;\u00e9vident pour les Centrasiatiques.<\/p>\n<p class=\"mb-4 text-lg md:leading-8 break-words\">\u00ab\u00a0Ce d\u00e9part en Allemagne me stresse beaucoup\u00a0\u00bb, reconna\u00eet l&rsquo;ambulancier Oumidjon Alijonov, ayant \u00e9tudi\u00e9 en Russie.<\/p>\n<p class=\"mb-4 text-lg md:leading-8 break-words\">\u00ab\u00a0Je n&rsquo;aurais jamais pens\u00e9 apprendre l&rsquo;allemand, mais maintenant c&rsquo;est ma vie\u00a0\u00bb, dit le trentenaire, qui esp\u00e8re faire venir sa famille.<\/p>\n<p class=\"mb-4 text-lg md:leading-8 break-words\">A Tachkent, dans un centre gouvernemental d&rsquo;immigration, des dizaines d&rsquo;hommes en partance pour des usines automobiles sud-cor\u00e9ennes \u00e9coutent des\u00a0fonctionnaires \u00e9num\u00e9rant les r\u00e8gles \u00e0 respecter, dont l&rsquo;interdiction de prier au travail.<\/p>\n<p class=\"mb-4 text-lg md:leading-8 break-words\">Face \u00e0 eux, une citation du\u00a0dirigeant Chavkat Mirzio\u00efev rappelle que \u00ab\u00a0le travail est la norme supr\u00eame\u00a0\u00bb, m\u00eame si cela implique d&rsquo;aller en trouver \u00e0 des milliers de kilom\u00e8tres.<\/p>\n<p class=\"mb-4 text-lg md:leading-8 break-words\">\u00ab\u00a0La g\u00e9ographie de la migration de travail s\u2019est consid\u00e9rablement \u00e9largie. Auparavant, la migration (centrasiatique) \u00e9tait avant tout en direction d&rsquo;autres pays d&rsquo;ex-URSS\u00a0\u00bb, explique Bobour Valiev, responsable des partenariats \u00e9trangers \u00e0 l&rsquo;agence ouzb\u00e8ke pour l&rsquo;immigration.<\/p>\n<p class=\"mb-4 text-lg md:leading-8 break-words\">\u00ab\u00a0D\u00e9sormais, nous essayons d\u2019envoyer des Ouzbeks vers les pays d\u00e9velopp\u00e9s: Allemagne, Slovaquie, Pologne, Cor\u00e9e du Sud, Japon et nous n\u00e9gocions avec la Finlande, la Norv\u00e8ge, le Canada et les Etats-Unis\u00a0\u00bb, d\u00e9taille M. Valiev.<\/p>\n<p class=\"mb-4 text-lg md:leading-8 break-words\">Pour les Centrasiatiques, la Russie a longtemps repr\u00e9sent\u00e9 l&rsquo;unique bou\u00e9e de sauvetage dans le marasme \u00e9conomique post-sovi\u00e9tique et les envois de fonds repr\u00e9sentent une part colossale des PIB (Produit int\u00e9rieur brut) locaux.<\/p>\n<p class=\"mb-4 text-lg md:leading-8 break-words\">D&rsquo;apr\u00e8s le CIDPM, \u00ab\u00a0aucune autre destination ne peut pour l&rsquo;heure absorber annuellement plusieurs millions de travailleurs centrasiatiques\u00a0\u00bb.<\/p>\n<p class=\"mb-4 text-lg md:leading-8 break-words\">&#8211; \u00ab\u00a0Insultes\u00a0\u00bb &#8211;<\/p>\n<p class=\"mb-4 text-lg md:leading-8 break-words\">Mais la tendance est nette: la Russie est moins attractive. Le contingent ouzbek, le plus important en Russie, estim\u00e9 \u00e0 4-6 millions en 2016, a chut\u00e9 \u00e0 moins d&rsquo;un million aujourd&rsquo;hui, d&rsquo;apr\u00e8s Tachkent.<\/p>\n<p class=\"mb-4 text-lg md:leading-8 break-words\">Depuis l&rsquo;invasion russe de l&rsquo;Ukraine en 2022, les migrants sont encore plus vuln\u00e9rables: au printemps, Moscou a annonc\u00e9 avoir envoy\u00e9 au front 20.000 personnes originaires d&rsquo;Ouzb\u00e9kistan, du Tadjikistan et du Kirghizstan qui avaient re\u00e7u un passeport russe.<\/p>\n<p class=\"mb-4 text-lg md:leading-8 break-words\">A cela s&rsquo;est ajout\u00e9 le durcissement de la politique migratoire apr\u00e8s l&rsquo;attentat dans une salle de concert \u00e0 la p\u00e9riph\u00e9rie de Moscou, qui avait fait 149 morts, et l&rsquo;arrestation de Tadjiks.<\/p>\n<p class=\"mb-4 text-lg md:leading-8 break-words\">\u00ab\u00a0En Russie, la police v\u00e9rifie tes documents partout\u00a0\u00bb, se rappelle Azimdjon Badalov, un Tadjik qui y a travaill\u00e9 dix ans.<\/p>\n<p class=\"mb-4 text-lg md:leading-8 break-words\">\u00ab\u00a0En tant que migrant, il m&rsquo;\u00e9tait impossible de me d\u00e9placer librement\u00a0\u00bb, raconte-t-il \u00e0 l&rsquo;AFP. Dans plusieurs r\u00e9gions, les migrants sont localis\u00e9s via une application gouvernementale sur leur t\u00e9l\u00e9phone et de nombreuses professions leur sont interdites.<\/p>\n<p class=\"mb-4 text-lg md:leading-8 break-words\">Aujourd&rsquo;hui, M. Badalov \u00ab\u00a0pr\u00e9f\u00e8re largement travailler au Royaume-Uni plut\u00f4t qu&rsquo;en Russie\u00a0\u00bb et ramasse des fraises au sud de Londres, dit-il, joint par t\u00e9l\u00e9phone par l&rsquo;AFP.<\/p>\n<p class=\"mb-4 text-lg md:leading-8 break-words\">Alexandre Kouloutchkov, Kirghiz de 21 ans, se souvient des \u00ab\u00a0insultes\u00a0\u00bb racistes en Russie.<\/p>\n<p class=\"mb-4 text-lg md:leading-8 break-words\">Employ\u00e9 d&rsquo;un camping d&rsquo;une petite ville allemande, il d\u00e9couvre des conditions de travail avantageuses.<\/p>\n<p class=\"mb-4 text-lg md:leading-8 break-words\">\u00ab\u00a0On a des journ\u00e9es de travail de huit heures, des week-ends, des cong\u00e9s et des heures suppl\u00e9mentaires pay\u00e9es\u00a0\u00bb,\u00a0dit-il au t\u00e9l\u00e9phone \u00e0 l&rsquo;AFP.<\/p>\n<p class=\"mb-4 text-lg md:leading-8 break-words\">Son employeur lui a propos\u00e9 un nouveau contrat et Alexandre r\u00e9fl\u00e9chit \u00e0 s&rsquo;installer.<\/p>\n<p class=\"mb-4 text-lg md:leading-8 break-words\">\u00ab\u00a0Si j&rsquo;\u00e9tudie et que je trouve un bon travail, ce sera la belle vie\u00a0\u00bb.<\/p>\n<p class=\"mb-4 text-lg md:leading-8 break-words\">bk\/blb\/clc<\/p>\n","protected":false},"excerpt":{"rendered":"\u00ab\u00a0On va travailler sur les mots de la sant\u00e9\u00a0\u00bb, annonce une professeure d&rsquo;allemand \u00e0 des infirmi\u00e8res ouzb\u00e8kes en&hellip;\n","protected":false},"author":2,"featured_media":471943,"comment_status":"","ping_status":"","sticky":false,"template":"","format":"standard","meta":{"footnotes":""},"categories":[1587],"tags":[11,672,1804,1805,1803,1777,674,1801,41132,12,35278,28449,59540,1802,132,59539],"class_list":{"0":"post-471942","1":"post","2":"type-post","3":"status-publish","4":"format-standard","5":"has-post-thumbnail","7":"category-allemagne","8":"tag-actualites","9":"tag-allemagne","10":"tag-bundesrepublik-deutschland","11":"tag-de","12":"tag-deutschland","13":"tag-eu","14":"tag-europe","15":"tag-germany","16":"tag-l39allemagne","17":"tag-news","18":"tag-pays-de-lue","19":"tag-pays-europeens","20":"tag-permis-de-travail","21":"tag-republique-federale-dallemagne","22":"tag-russie","23":"tag-tachkent"},"share_on_mastodon":{"url":"https:\/\/pubeurope.com\/@fr\/115394025034649505","error":""},"_links":{"self":[{"href":"https:\/\/www.europesays.com\/fr\/wp-json\/wp\/v2\/posts\/471942","targetHints":{"allow":["GET"]}}],"collection":[{"href":"https:\/\/www.europesays.com\/fr\/wp-json\/wp\/v2\/posts"}],"about":[{"href":"https:\/\/www.europesays.com\/fr\/wp-json\/wp\/v2\/types\/post"}],"author":[{"embeddable":true,"href":"https:\/\/www.europesays.com\/fr\/wp-json\/wp\/v2\/users\/2"}],"replies":[{"embeddable":true,"href":"https:\/\/www.europesays.com\/fr\/wp-json\/wp\/v2\/comments?post=471942"}],"version-history":[{"count":0,"href":"https:\/\/www.europesays.com\/fr\/wp-json\/wp\/v2\/posts\/471942\/revisions"}],"wp:featuredmedia":[{"embeddable":true,"href":"https:\/\/www.europesays.com\/fr\/wp-json\/wp\/v2\/media\/471943"}],"wp:attachment":[{"href":"https:\/\/www.europesays.com\/fr\/wp-json\/wp\/v2\/media?parent=471942"}],"wp:term":[{"taxonomy":"category","embeddable":true,"href":"https:\/\/www.europesays.com\/fr\/wp-json\/wp\/v2\/categories?post=471942"},{"taxonomy":"post_tag","embeddable":true,"href":"https:\/\/www.europesays.com\/fr\/wp-json\/wp\/v2\/tags?post=471942"}],"curies":[{"name":"wp","href":"https:\/\/api.w.org\/{rel}","templated":true}]}}