{"id":471956,"date":"2025-10-18T07:45:25","date_gmt":"2025-10-18T07:45:25","guid":{"rendered":"https:\/\/www.europesays.com\/fr\/471956\/"},"modified":"2025-10-18T07:45:25","modified_gmt":"2025-10-18T07:45:25","slug":"nicolas-escude-reclame-175-million-deuros-a-la-federation-francaise-de-tennis","status":"publish","type":"post","link":"https:\/\/www.europesays.com\/fr\/471956\/","title":{"rendered":"Nicolas Escud\u00e9 r\u00e9clame 1,75\u00a0million d\u2019euros \u00e0 la F\u00e9d\u00e9ration fran\u00e7aise de tennis"},"content":{"rendered":"<p>Qui va gagner le match\u00a0? Nicolas Escud\u00e9 ou la F\u00e9d\u00e9ration fran\u00e7aise de tennis (FFT) pour laquelle il travaillait il y a encore peu\u00a0? \u00ab\u00a0D\u00e9sorganisation de l\u2019entreprise du fait d\u2019absences prolong\u00e9es et r\u00e9p\u00e9t\u00e9es\u00a0\u00bb\u00a0: voil\u00e0 le motif du licenciement signifi\u00e9 \u00e0 l\u2019ancien tennisman fran\u00e7ais le 26\u00a0octobre\u00a02024, trois ans apr\u00e8s sa prise de fonctions au poste de directeur technique national (DTN) de la FFT et de ses 400 salari\u00e9s. \u00ab\u00a0C\u2019est un poste cl\u00e9, c\u2019est le bras droit du directeur Gilles Moretton\u00a0\u00bb, a soulign\u00e9 M\u00e9line Duperray, l\u2019avocate de la f\u00e9d\u00e9ration, lors de l\u2019audience aux prud\u2019hommes de Paris le 8\u00a0octobre\u00a02025. Audience au cours de laquelle, l\u2019ancien champion, pr\u00e9sent, r\u00e9clamait la nullit\u00e9 de son licenciement. Ce poste \u00e9tait en effet une belle promotion pour celui qui a repr\u00e9sent\u00e9 le tennis fran\u00e7ais dans les ann\u00e9es 1990 et 2000. En 2001, il avait notamment contribu\u00e9 \u00e0 la victoire de la France en Coupe Davis avec 5 victoires en simple. Le joueur avait \u00e9galement atteint les demi-finales de l\u2019Open d\u2019Australie (1998) et les quarts de finale de l\u2019US Open (1999).<\/p>\n","protected":false},"excerpt":{"rendered":"Qui va gagner le match\u00a0? Nicolas Escud\u00e9 ou la F\u00e9d\u00e9ration fran\u00e7aise de tennis (FFT) pour laquelle il travaillait&hellip;\n","protected":false},"author":2,"featured_media":471957,"comment_status":"","ping_status":"","sticky":false,"template":"","format":"standard","meta":{"footnotes":""},"categories":[1415],"tags":[1011,27,517,60,1467],"class_list":{"0":"post-471956","1":"post","2":"type-post","3":"status-publish","4":"format-standard","5":"has-post-thumbnail","7":"category-tennis","8":"tag-fr","9":"tag-france","10":"tag-sport","11":"tag-sports","12":"tag-tennis"},"share_on_mastodon":{"url":"https:\/\/pubeurope.com\/@fr\/115394060125521513","error":""},"_links":{"self":[{"href":"https:\/\/www.europesays.com\/fr\/wp-json\/wp\/v2\/posts\/471956","targetHints":{"allow":["GET"]}}],"collection":[{"href":"https:\/\/www.europesays.com\/fr\/wp-json\/wp\/v2\/posts"}],"about":[{"href":"https:\/\/www.europesays.com\/fr\/wp-json\/wp\/v2\/types\/post"}],"author":[{"embeddable":true,"href":"https:\/\/www.europesays.com\/fr\/wp-json\/wp\/v2\/users\/2"}],"replies":[{"embeddable":true,"href":"https:\/\/www.europesays.com\/fr\/wp-json\/wp\/v2\/comments?post=471956"}],"version-history":[{"count":0,"href":"https:\/\/www.europesays.com\/fr\/wp-json\/wp\/v2\/posts\/471956\/revisions"}],"wp:featuredmedia":[{"embeddable":true,"href":"https:\/\/www.europesays.com\/fr\/wp-json\/wp\/v2\/media\/471957"}],"wp:attachment":[{"href":"https:\/\/www.europesays.com\/fr\/wp-json\/wp\/v2\/media?parent=471956"}],"wp:term":[{"taxonomy":"category","embeddable":true,"href":"https:\/\/www.europesays.com\/fr\/wp-json\/wp\/v2\/categories?post=471956"},{"taxonomy":"post_tag","embeddable":true,"href":"https:\/\/www.europesays.com\/fr\/wp-json\/wp\/v2\/tags?post=471956"}],"curies":[{"name":"wp","href":"https:\/\/api.w.org\/{rel}","templated":true}]}}