{"id":471960,"date":"2025-10-18T07:48:14","date_gmt":"2025-10-18T07:48:14","guid":{"rendered":"https:\/\/www.europesays.com\/fr\/471960\/"},"modified":"2025-10-18T07:48:14","modified_gmt":"2025-10-18T07:48:14","slug":"gasly-pense-qualpine-f1-se-remet-dans-le-match-avec-sa-13e-place","status":"publish","type":"post","link":"https:\/\/www.europesays.com\/fr\/471960\/","title":{"rendered":"Gasly pense qu&rsquo;Alpine F1 &lsquo;se remet dans le match&rsquo; avec sa 13e place"},"content":{"rendered":"<p class=\"mt-5\">Pierre Gasly s\u2019est qualifi\u00e9 13e \u00e0 Austin \u00e0 l\u2019occasion des Qualifications Sprint, soit une meilleure position que ce qu\u2019il esp\u00e9rait initialement avec une A525 peu performante. Le pilote Alpine F1 y voit une progression importante apr\u00e8s plusieurs week-ends tr\u00e8s difficiles.<\/p>\n<p class=\"mt-5\">\u00ab\u00a0Je suis plut\u00f4t satisfait du r\u00e9sultat obtenu en Qualifications Sprint. Les derniers rendez-vous ont \u00e9t\u00e9 compliqu\u00e9s et nous n\u2019\u00e9tions pas vraiment dans la bataille. L\u2019\u00e9quipe a travaill\u00e9 d\u2019arrache-pied depuis Singapour pour trouver des axes d\u2019am\u00e9lioration et il \u00e9tait important d\u2019afficher davantage de performances pour nous remettre dans le match\u00a0\u00bb a d\u00e9clar\u00e9 le Fran\u00e7ais.<\/p>\n<p class=\"mt-5\">\u00ab\u00a0Je pense que c\u2019est ce que nous avons fait. Bien s\u00fbr, nous en voulons toujours plus, mais au vu du travail fourni par tout le monde, nous pouvons \u00eatre satisfaits puisque nous disposons d\u2019une bonne base pour la suite du week-end.\u00a0\u00bb<\/p>\n<p class=\"mt-5\">\u00ab\u00a0Pour le Sprint, nous devrons essayer d\u2019optimiser notre d\u00e9part pour gagner des places et voir o\u00f9 cela nous m\u00e8ne. C\u2019est un circuit pi\u00e9geux et nous abordons les s\u00e9ances les unes apr\u00e8s les autres en tentant de tirer le maximum du mat\u00e9riel \u00e0 notre disposition d\u00e8s que nous sommes en piste.\u00a0\u00bb<\/p>\n<p class=\"mt-5\">Franco Colapinto a \u00e9chou\u00e9 en SQ1 avec la 17e place finale, et il regrette de ne pas avoir pu se mettre dans une position assez bonne\u00a0: \u00ab\u00a0La journ\u00e9e n\u2019a pas \u00e9t\u00e9 des plus simples et, avec une seule s\u00e9ance d\u2019essais libres, nous n\u2019avons pas r\u00e9ussi \u00e0 r\u00e9soudre certains probl\u00e8mes rencontr\u00e9s ni \u00e0 peaufiner notre package.\u00a0\u00bb<\/p>\n<p class=\"mt-5\">\u00ab\u00a0Je crois que la voiture a du potentiel, et notre r\u00e9sultat ne refl\u00e8te pas forc\u00e9ment ce que nous pourrions faire en r\u00e9ussissant tout. J\u2019ai eu du mal \u00e0 trouver de l\u2019adh\u00e9rence, surtout \u00e0 la remise des gaz. Les sensations n\u2019\u00e9taient pas au rendez-vous lors de mes tentatives en SQ1, et le vent s\u2019est lev\u00e9 en fin de journ\u00e9e, ce qui a rendu les choses un peu plus impr\u00e9visibles.\u00a0\u00bb<\/p>\n<p class=\"mt-5\">\u00ab\u00a0Ce circuit offre g\u00e9n\u00e9ralement de belles courses, donc nous verrons ce que nous pourrons faire demain, tout en pensant aux qualifications et au Grand Prix. Nous donnerons tout pour remonter au classement et nous profiterons de ce temps de roulage pour continuer \u00e0 apprendre et cibler des am\u00e9liorations entre les s\u00e9ances.\u00a0\u00bb<\/p>\n","protected":false},"excerpt":{"rendered":"Pierre Gasly s\u2019est qualifi\u00e9 13e \u00e0 Austin \u00e0 l\u2019occasion des Qualifications Sprint, soit une meilleure position que ce&hellip;\n","protected":false},"author":2,"featured_media":471961,"comment_status":"","ping_status":"","sticky":false,"template":"","format":"standard","meta":{"footnotes":""},"categories":[1412],"tags":[1451,1452,1453,1454,1455,1011,27,60],"class_list":{"0":"post-471960","1":"post","2":"type-post","3":"status-publish","4":"format-standard","5":"has-post-thumbnail","7":"category-f1","8":"tag-f1","9":"tag-formula-1","10":"tag-formula1","11":"tag-formule-1","12":"tag-formule1","13":"tag-fr","14":"tag-france","15":"tag-sports"},"share_on_mastodon":{"url":"https:\/\/pubeurope.com\/@fr\/115394072112293513","error":""},"_links":{"self":[{"href":"https:\/\/www.europesays.com\/fr\/wp-json\/wp\/v2\/posts\/471960","targetHints":{"allow":["GET"]}}],"collection":[{"href":"https:\/\/www.europesays.com\/fr\/wp-json\/wp\/v2\/posts"}],"about":[{"href":"https:\/\/www.europesays.com\/fr\/wp-json\/wp\/v2\/types\/post"}],"author":[{"embeddable":true,"href":"https:\/\/www.europesays.com\/fr\/wp-json\/wp\/v2\/users\/2"}],"replies":[{"embeddable":true,"href":"https:\/\/www.europesays.com\/fr\/wp-json\/wp\/v2\/comments?post=471960"}],"version-history":[{"count":0,"href":"https:\/\/www.europesays.com\/fr\/wp-json\/wp\/v2\/posts\/471960\/revisions"}],"wp:featuredmedia":[{"embeddable":true,"href":"https:\/\/www.europesays.com\/fr\/wp-json\/wp\/v2\/media\/471961"}],"wp:attachment":[{"href":"https:\/\/www.europesays.com\/fr\/wp-json\/wp\/v2\/media?parent=471960"}],"wp:term":[{"taxonomy":"category","embeddable":true,"href":"https:\/\/www.europesays.com\/fr\/wp-json\/wp\/v2\/categories?post=471960"},{"taxonomy":"post_tag","embeddable":true,"href":"https:\/\/www.europesays.com\/fr\/wp-json\/wp\/v2\/tags?post=471960"}],"curies":[{"name":"wp","href":"https:\/\/api.w.org\/{rel}","templated":true}]}}