{"id":471962,"date":"2025-10-18T07:49:10","date_gmt":"2025-10-18T07:49:10","guid":{"rendered":"https:\/\/www.europesays.com\/fr\/471962\/"},"modified":"2025-10-18T07:49:10","modified_gmt":"2025-10-18T07:49:10","slug":"une-annee-sur-la-piste-pour-ellande-larronde-actualite","status":"publish","type":"post","link":"https:\/\/www.europesays.com\/fr\/471962\/","title":{"rendered":"Une ann\u00e9e sur la piste pour Ellande Larronde &#8211; Actualit\u00e9"},"content":{"rendered":"<p style=\"text-align: justify;\">En douze mois, Ellande Larronde n&rsquo;a pas rat\u00e9 beaucoup de rendez-vous sur piste. Il y a un an, il devenait <a href=\"https:\/\/www.directvelo.com\/actualite\/116899\/ellande-larronde-je-ne-voulais-rien-laisser\" target=\"_blank\" rel=\"noopener\"><strong>Champion de France Juniors de l&rsquo;Omnium<\/strong><\/a> \u00e0 Loud\u00e9ac. Depuis, le coureur de Caja Rural-Alea a particip\u00e9 au Championnat de France Elite, aux Championnats d&rsquo;Europe Elite et Espoirs, \u00e0 l&rsquo;unique Coupe des Nations \u00e0 Konya, sans oublier le Grand Prix de Gand et, derni\u00e8rement les 3 Jours d&rsquo;Aigle. Avant le grand rendez-vous de la saison, l<a href=\"https:\/\/www.directvelo.com\/actualite\/124095\/championnat-du-monde-sur-piste-la-selection-francaise\" target=\"_blank\" rel=\"noopener\"><strong>e Championnat du Monde \u00e0 Santiago du Chili<\/strong><\/a>. \u00ab\u00a0L&rsquo;objectif \u00e9tait d&rsquo;\u00eatre s\u00e9lectionn\u00e9. J&rsquo;ai aussi particip\u00e9 aux stages. Apr\u00e8s le Championnat d&rsquo;Europe Espoirs, j&rsquo;ai pris le temps de finir ma saison sur route, tout en travaillant les efforts de la piste\u00a0\u00bb, explique-t-il \u00e0 DirectVelo.<\/p>\n<p><strong>L&rsquo;EXEMPLE DE IURI LEITAO<\/strong><\/p>\n<p>Chez Caja Rural, le Basque est tomb\u00e9 dans une \u00e9quipe convaincue de la compl\u00e9mentarit\u00e9 de la piste et de la route. \u00ab\u00a0Caja Rural est ouverte \u00e0 la piste. Iuri Leitao, le Champion olympique de l&rsquo;Am\u00e9ricaine est chez eux\u00a0\u00bb, rappelle le vainqueur d&rsquo;\u00e9tapes du Tour de Navarre et du Tour de Salamanque. \u00ab\u00a0D\u00e8s qu&rsquo;on a connu les diff\u00e9rents calendriers, on s&rsquo;est mis d&rsquo;accord pour concilier les deux\u00a0\u00bb.<\/p>\n<p>Au Chili, du 22 au 26 octobre, Ellande Larronde disputera la poursuite par \u00e9quipes et l&rsquo;\u00e9limination. Dans la poursuite, il occupera le poste 3 dans la chenille bleue. \u00ab\u00a0C&rsquo;\u00e9tait ma place en Turquie et \u00e7a s&rsquo;\u00e9tait bien pass\u00e9\u00a0\u00bb, indique celui qui a particip\u00e9 \u00e0 la 4e place de l&rsquo;\u00e9quipe France \u00e0 Konya, en Coupe des Nations. \u00ab\u00a0Ce sera le m\u00eame collectif \u00e0 part Lucas Menanteau qui remplacera Cl\u00e9ment Petit en N\u00b02\u00a0\u00bb.<\/p>\n<p><strong>TRAVAIL VID\u00c9O<\/strong><\/p>\n<p>Avec l&rsquo;\u00e9limination, le coureur qui f\u00eatera ses 19 ans apr\u00e8s le Championnat du Monde, ne sera pas d\u00e9pays\u00e9. Il a particip\u00e9 \u00e0 l&rsquo;Omnium dans les deux Championnats d&rsquo;Europe, en Coupe des Nations et au Grand Prix de Gand. En septembre, Ellande Larronde a disput\u00e9 une derni\u00e8re \u00e9limination aux 3 Jours d&rsquo;Aigle. \u00ab\u00a0Pour travailler l&rsquo;\u00e9limination, je regarde beaucoup de vid\u00e9os pour voir la dynamique du peloton et les erreurs \u00e0 ne pas faire et je revois aussi mes anciennes courses\u00a0\u00bb. C&rsquo;est Oscar Nilsson-Julien qui courra l&rsquo;Omnium au Chili.<\/p>\n<p>Ce Championnat du Monde sera aussi le premier d&rsquo;Iris Sachet <a href=\"https:\/\/www.directvelo.com\/actualite\/122861\/ffc-un-nouveau-role-pour-iris-sachet\" target=\"_blank\" rel=\"noopener\"><strong>\u00e0 la t\u00eate de l&rsquo;\u00e9quipe de France<\/strong><\/a>. \u00ab\u00a0Elle \u00e9tait d\u00e9j\u00e0 la boucle avec toutes les donn\u00e9es, rappelle le coureur, je ne sais pas si \u00e7a change quelque chose. Elle se concertait d\u00e9j\u00e0 avec Steven (Henry)\u00a0\u00bb. Le futur <a href=\"https:\/\/www.directvelo.com\/actualite\/123130\/ellande-larronde-sera-neo-pro-en-2026\" target=\"_blank\" rel=\"noopener\"><strong>n\u00e9o-pro de Caja Rural-Seguros RGA<\/strong><\/a>\u00a0pourra \u00e9tudier son calendrier piste de l&rsquo;ann\u00e9e prochaine avec Iris Sachet. \u00ab\u00a0L&rsquo;\u00e9quipe pro a le m\u00eame point de vue sur la piste et ils regarderont mon calendrier avec l&rsquo;\u00e9quipe de France\u00a0\u00bb. Et au Chili, si Ellande Larronde d\u00e9couvrira l&rsquo;Am\u00e9rique du Sud, il ne sera pas trop d\u00e9pays\u00e9 par l&rsquo;ambiance sonore. \u00ab\u00a0Je vais rentabiliser mon espagnol !\u00a0\u00bb.<\/p>\n","protected":false},"excerpt":{"rendered":"En douze mois, Ellande Larronde n&rsquo;a pas rat\u00e9 beaucoup de rendez-vous sur piste. Il y a un an,&hellip;\n","protected":false},"author":2,"featured_media":471963,"comment_status":"","ping_status":"","sticky":false,"template":"","format":"standard","meta":{"footnotes":""},"categories":[1411],"tags":[834,828,836,829,837,827,83,826,824,823,1154,207,814,817,815,816,822,821,832,211,839,1011,27,820,818,819,835,831,830,833,838,60,212,208,825],"class_list":{"0":"post-471962","1":"post","2":"type-post","3":"status-publish","4":"format-standard","5":"has-post-thumbnail","7":"category-cyclisme","8":"tag-attaque","9":"tag-belgique","10":"tag-braquet","11":"tag-bretagne","12":"tag-chute","13":"tag-competition","14":"tag-coupe-de-france","15":"tag-coureur","16":"tag-course-cyclisme","17":"tag-course-cycliste","18":"tag-cycling","19":"tag-cyclisme","20":"tag-direct","21":"tag-direct-velo","22":"tag-directvelo","23":"tag-directvelo-com","24":"tag-epreuve","25":"tag-epreuve-cycliste","26":"tag-federation-francaise-de-cyclisme","27":"tag-ffc","28":"tag-flandres","29":"tag-fr","30":"tag-france","31":"tag-live","32":"tag-live-course","33":"tag-live-epreuve","34":"tag-peloton","35":"tag-radio-peloton","36":"tag-radio-tour","37":"tag-ravitaillement","38":"tag-relance","39":"tag-sports","40":"tag-uci","41":"tag-velo","42":"tag-velos"},"share_on_mastodon":{"url":"https:\/\/pubeurope.com\/@fr\/115394075992616389","error":""},"_links":{"self":[{"href":"https:\/\/www.europesays.com\/fr\/wp-json\/wp\/v2\/posts\/471962","targetHints":{"allow":["GET"]}}],"collection":[{"href":"https:\/\/www.europesays.com\/fr\/wp-json\/wp\/v2\/posts"}],"about":[{"href":"https:\/\/www.europesays.com\/fr\/wp-json\/wp\/v2\/types\/post"}],"author":[{"embeddable":true,"href":"https:\/\/www.europesays.com\/fr\/wp-json\/wp\/v2\/users\/2"}],"replies":[{"embeddable":true,"href":"https:\/\/www.europesays.com\/fr\/wp-json\/wp\/v2\/comments?post=471962"}],"version-history":[{"count":0,"href":"https:\/\/www.europesays.com\/fr\/wp-json\/wp\/v2\/posts\/471962\/revisions"}],"wp:featuredmedia":[{"embeddable":true,"href":"https:\/\/www.europesays.com\/fr\/wp-json\/wp\/v2\/media\/471963"}],"wp:attachment":[{"href":"https:\/\/www.europesays.com\/fr\/wp-json\/wp\/v2\/media?parent=471962"}],"wp:term":[{"taxonomy":"category","embeddable":true,"href":"https:\/\/www.europesays.com\/fr\/wp-json\/wp\/v2\/categories?post=471962"},{"taxonomy":"post_tag","embeddable":true,"href":"https:\/\/www.europesays.com\/fr\/wp-json\/wp\/v2\/tags?post=471962"}],"curies":[{"name":"wp","href":"https:\/\/api.w.org\/{rel}","templated":true}]}}