{"id":471966,"date":"2025-10-18T07:51:16","date_gmt":"2025-10-18T07:51:16","guid":{"rendered":"https:\/\/www.europesays.com\/fr\/471966\/"},"modified":"2025-10-18T07:51:16","modified_gmt":"2025-10-18T07:51:16","slug":"la-declaration-damour-a-sa-fille-du-pere-de-lea-salame","status":"publish","type":"post","link":"https:\/\/www.europesays.com\/fr\/471966\/","title":{"rendered":"La d\u00e9claration d\u2019amour \u00e0 sa fille, du p\u00e8re de L\u00e9a Salam\u00e9"},"content":{"rendered":"<p>    L\u00e9a Salam\u00e9 peut compter sur le soutien ind\u00e9fectible de son p\u00e8re, Ghassan Salam\u00e9, ministre de la culture du Liban.<br \/>\n                \u00c2 Cyrille Georges JERUSALMI &#8211; France T\u00c3l\u00c3visions \/ Blondet Eliot\/ABACA \/ Blondet Eliot<\/p>\n<p>\n    Actuel ministre de la Culture du Liban, l\u2019intellectuel Ghassan Salam\u00e9 vient au secours de sa fille, vivement critiqu\u00e9e depuis son arriv\u00e9e aux commandes du \u00ab20 heures\u00bb de France 2.<\/p>\n<p class=\"fig-paragraph\">Aux petits maux les grands rem\u00e8des. Attaqu\u00e9e de toute part depuis son arriv\u00e9e \u00e0 la pr\u00e9sentation du \u00ab20 heures\u00bb de France 2,\u00a0<a href=\"http:\/\/tvmag.lefigaro.fr\/programme-tv\/actu-tele\/le-navire-du-20-heures-est-en-train-de-couler-la-cgt-fustige-france-2-suite-aux-erreurs-de-lea-salame-20251015\" target=\"_blank\" data-fig-type=\"Article\" rel=\"noopener\" data-gtm-custom-categorie=\"navigation\" data-gtm-custom-action=\"crossclick\" data-gtm-custom-label=\"Contextuel\" data-gtm-event=\"customEventSPE\" data-fig-domain=\"TVMAG\">L\u00e9a Salam\u00e9<\/a>\u00a0peut compter sur le soutien de ses confr\u00e8res, tel\u00a0<a href=\"http:\/\/tvmag.lefigaro.fr\/programme-tv\/ce-soir-tele\/lachez-lui-la-grappe-thomas-sotto-agace-par-les-attaques-a-l-egard-de-son-amie-lea-salame-20251002\" target=\"_blank\" data-fig-type=\"Article\" rel=\"noopener\" data-gtm-custom-categorie=\"navigation\" data-gtm-custom-action=\"crossclick\" data-gtm-custom-label=\"Contextuel\" data-gtm-event=\"customEventSPE\" data-fig-domain=\"TVMAG\">Thomas Sotto<\/a>\u00a0qui a pris sa d\u00e9fense il y a quelques jours, mais aussi sur ses proches, \u00e0 commencer par son papa,\u00a0<a href=\"https:\/\/video.lefigaro.fr\/figaro\/chaos-au-liban-lanalyse-de-ghassan-salame-20211105\" target=\"_blank\" data-fig-type=\"Video\" rel=\"noopener\" data-gtm-custom-categorie=\"navigation\" data-gtm-custom-action=\"crossclick\" data-gtm-custom-label=\"Contextuel\" data-gtm-event=\"customEventSPE\" data-fig-domain=\"LEFIGARO\">Ghassan Salam\u00e9<\/a>, actuel ministre de la culture du Liban.<\/p>\n<p class=\"fig-paragraph\">\u00abJe suis tr\u00e8s fier d\u2019elles\u00bb, confie-t-il \u00e0 Paris Match. Elles avec un s, pour la simple raison que l\u2019intellectuel et homme politique a deux filles. L\u00e9a dont on ne reviendra pas sur la trajectoire. Et Louma, qui dirige depuis 10 ans la Villa Empain \u00e0 Bruxelles. Deux filles exemplaires. Deux carri\u00e8res exemplaires.<\/p>\n<p class=\"fig-body-link\">\n            \u00c0 lire aussi<br \/>\n        <a class=\"fig-body-link__link\" href=\"http:\/\/tvmag.lefigaro.fr\/programme-tv\/actu-tele\/le-navire-du-20-heures-est-en-train-de-couler-la-cgt-fustige-france-2-suite-aux-erreurs-de-lea-salame-20251015\" data-fig-type=\"Article\" data-gtm-custom-categorie=\"navigation\" data-gtm-custom-action=\"crossclick\" data-gtm-custom-label=\"Contextuel\" data-gtm-event=\"customEventSPE\" data-fig-domain=\"TVMAG\" target=\"_blank\" rel=\"noopener\">\u00abLe navire du \u201c20 Heures\u201d est en train de couler\u00bb\u00a0: la CGT de France T\u00e9l\u00e9visions charge L\u00e9a Salam\u00e9 et sa direction<br \/>\n    <\/a>\n<\/p>\n<p>                                    <a class=\"fig-a11y-skip a11y-hidden\" href=\"#fig-a11y-skip-main-inarticle\"><br \/>\n        Passer la publicit\u00e9<br \/>\n    <\/a><\/p>\n<p class=\"fig-paragraph\">Si ce n\u2019est que L\u00e9a, l\u2019a\u00een\u00e9e, est sujette depuis des semaines aux critiques les plus vives, d\u00e9clench\u00e9es par la poign\u00e9e d\u2019approximations commises pendant le JT de la 2, dont elle n\u2019est pas la seule responsable, comme l\u2019a rappel\u00e9 la patronne du groupe de service publique,\u00a0<a href=\"http:\/\/tvmag.lefigaro.fr\/programme-tv\/actu-tele\/c-est-un-journal-de-tres-grande-qualite-delphine-ernotte-vole-au-secours-de-lea-salame-20250926\" target=\"_blank\" data-fig-type=\"Article\" rel=\"noopener\" data-gtm-custom-categorie=\"navigation\" data-gtm-custom-action=\"crossclick\" data-gtm-custom-label=\"Contextuel\" data-gtm-event=\"customEventSPE\" data-fig-domain=\"TVMAG\">Delphine Ernotte<\/a>, dans la foul\u00e9e de la pol\u00e9mique\u00a0<a href=\"https:\/\/video.lefigaro.fr\/figaro\/exclusif-les-accusations-de-la-soeur-de-samuel-paty-contre-letat-20251016\" target=\"_blank\" data-fig-type=\"Video\" rel=\"noopener\" data-gtm-custom-categorie=\"navigation\" data-gtm-custom-action=\"crossclick\" data-gtm-custom-label=\"Contextuel\" data-gtm-event=\"customEventSPE\" data-fig-domain=\"LEFIGARO\">Dominique Bernard-Samuel Paty<\/a>.<\/p>\n<p class=\"fig-body-link\">\n            \u00c0 lire aussi<br \/>\n        <a class=\"fig-body-link__link\" href=\"http:\/\/tvmag.lefigaro.fr\/programme-tv\/actu-tele\/une-erreur-a-ete-commise-lea-salame-fait-son-mea-culpa-apres-une-information-erronee-au-jt-20251014\" data-fig-type=\"Article\" data-gtm-custom-categorie=\"navigation\" data-gtm-custom-action=\"crossclick\" data-gtm-custom-label=\"Contextuel\" data-gtm-event=\"customEventSPE\" data-fig-domain=\"TVMAG\" target=\"_blank\" rel=\"noopener\">\u00abUne erreur a \u00e9t\u00e9 commise\u00bb\u00a0: mea-culpa de L\u00e9a Salam\u00e9 apr\u00e8s une information erron\u00e9e sur Dominique Bernard dans le JT<br \/>\n    <\/a>\n<\/p>\n<p class=\"fig-paragraph\">Et que sa nouvelle casquette, ajout\u00e9e \u00e0 son alliance avec l\u2019homme politique Fran\u00e7ais,\u00a0<a href=\"http:\/\/www.lefigaro.fr\/politique\/presidentielle-apres-sa-victoire-sur-les-retraites-olivier-faure-en-embuscade-pour-rattraper-raphael-glucksmann-20251017\" target=\"_blank\" data-fig-type=\"Article\" rel=\"noopener\" data-gtm-custom-categorie=\"navigation\" data-gtm-custom-action=\"crossclick\" data-gtm-custom-label=\"Contextuel\" data-gtm-event=\"customEventSPE\" data-fig-domain=\"LEFIGARO\">Rapha\u00ebl Glucksmann<\/a>, l\u2019expose manifestement. D\u00e8s qu\u2019il le peut, monsieur Salam\u00e9 regarde le \u00ab20 heures\u00bb. \u00abJe commente avec elle\u00bb, explique-t-il, avant de rappeler qu\u2019il y a vingt d\u00e9j\u00e0, il n\u2019h\u00e9sitait pas \u00e0 quitter un conseil des ministres pour la conseiller.<\/p>\n<p class=\"fig-paragraph\">\u00abElle voulait savoir comment parler \u00e0 tel ou tel, comment ne pas se laisser impressionner, notamment par les chefs d\u2019\u00c9tat\u00bb, raconte-t-il. Et d\u2019ajouter, un peu plus loin, qu\u2019il arrive encore qu\u2019on le \u00absollicite\u00bb. Nul doute qu\u2019il continue de r\u00e9pondre, avec soin, et surtout, avec la tendresse d\u2019un p\u00e8re. Les t\u00e9l\u00e9spectateurs, quant \u00e0 eux, la retrouveront ce soir, sur le plateau de\u00a0<a href=\"http:\/\/tvmag.lefigaro.fr\/programme-tv\/actu-tele\/et-vous-lea-salame-morte-de-rire-ironise-sur-son-interview-avec-marion-cotillard-dans-quelle-epoque-20251006\" target=\"_blank\" data-fig-type=\"Article\" rel=\"noopener\" data-gtm-custom-categorie=\"navigation\" data-gtm-custom-action=\"crossclick\" data-gtm-custom-label=\"Contextuel\" data-gtm-event=\"customEventSPE\" data-fig-domain=\"TVMAG\">\u00abQuelle \u00e9poque!\u00bb<\/a>.<\/p>\n","protected":false},"excerpt":{"rendered":"L\u00e9a Salam\u00e9 peut compter sur le soutien ind\u00e9fectible de son p\u00e8re, Ghassan Salam\u00e9, ministre de la culture du&hellip;\n","protected":false},"author":2,"featured_media":471967,"comment_status":"","ping_status":"","sticky":false,"template":"","format":"standard","meta":{"footnotes":""},"categories":[1359],"tags":[58,59,1011,27,594,3806,973],"class_list":{"0":"post-471966","1":"post","2":"type-post","3":"status-publish","4":"format-standard","5":"has-post-thumbnail","7":"category-people","8":"tag-divertissement","9":"tag-entertainment","10":"tag-fr","11":"tag-france","12":"tag-france-2","13":"tag-lea-salame","14":"tag-people"},"share_on_mastodon":{"url":"https:\/\/pubeurope.com\/@fr\/115394083846254545","error":""},"_links":{"self":[{"href":"https:\/\/www.europesays.com\/fr\/wp-json\/wp\/v2\/posts\/471966","targetHints":{"allow":["GET"]}}],"collection":[{"href":"https:\/\/www.europesays.com\/fr\/wp-json\/wp\/v2\/posts"}],"about":[{"href":"https:\/\/www.europesays.com\/fr\/wp-json\/wp\/v2\/types\/post"}],"author":[{"embeddable":true,"href":"https:\/\/www.europesays.com\/fr\/wp-json\/wp\/v2\/users\/2"}],"replies":[{"embeddable":true,"href":"https:\/\/www.europesays.com\/fr\/wp-json\/wp\/v2\/comments?post=471966"}],"version-history":[{"count":0,"href":"https:\/\/www.europesays.com\/fr\/wp-json\/wp\/v2\/posts\/471966\/revisions"}],"wp:featuredmedia":[{"embeddable":true,"href":"https:\/\/www.europesays.com\/fr\/wp-json\/wp\/v2\/media\/471967"}],"wp:attachment":[{"href":"https:\/\/www.europesays.com\/fr\/wp-json\/wp\/v2\/media?parent=471966"}],"wp:term":[{"taxonomy":"category","embeddable":true,"href":"https:\/\/www.europesays.com\/fr\/wp-json\/wp\/v2\/categories?post=471966"},{"taxonomy":"post_tag","embeddable":true,"href":"https:\/\/www.europesays.com\/fr\/wp-json\/wp\/v2\/tags?post=471966"}],"curies":[{"name":"wp","href":"https:\/\/api.w.org\/{rel}","templated":true}]}}